{"id":617035,"date":"2024-04-22T00:01:08","date_gmt":"2024-04-22T06:01:08","guid":{"rendered":"https:\/\/www.diarioimagen.net\/?p=617035"},"modified":"2024-04-22T01:12:17","modified_gmt":"2024-04-22T07:12:17","slug":"quebec-canada-busca-a-tecnicos-y-profesionales-mexicanos-para-el-sector-aeroespacial","status":"publish","type":"post","link":"https:\/\/www.diarioimagen.net\/?p=617035","title":{"rendered":"Qu\u00e9bec, Canad\u00e1 busca a t\u00e9cnicos y profesionales mexicanos para el sector aeroespacial"},"content":{"rendered":"<h2>De cinco estrellas<\/h2>\n<h5>Victoria Gonz\u00e1lez Prado<\/h5>\n<p>&nbsp;<\/p>\n<ul>\n<li><strong><em>Anuncian alianza que convierte a Viva Aerobus en la aerol\u00ednea oficial de la Selecci\u00f3n Nacional de M\u00e9xico<\/em><\/strong><\/li>\n<\/ul>\n<p>&nbsp;<\/p>\n<div id=\"attachment_617091\" style=\"width: 470px\" class=\"wp-caption aligncenter\"><a href=\"https:\/\/www.diarioimagen.net\/?attachment_id=617091\" rel=\"attachment wp-att-617091\"><img loading=\"lazy\" decoding=\"async\" aria-describedby=\"caption-attachment-617091\" class=\"size-full wp-image-617091\" src=\"https:\/\/www.diarioimagen.net\/wp-content\/uploads\/2024\/04\/turismo-2.jpg\" alt=\"\" width=\"460\" height=\"270\" \/><\/a><p id=\"caption-attachment-617091\" class=\"wp-caption-text\">Qu\u00e9bec, Canad\u00e1 busca t\u00e9cnicos y profesionales.<\/p><\/div>\n<p>&nbsp;<\/p>\n<p>La Direcci\u00f3n de Servicios de Inmigraci\u00f3n de la Delegaci\u00f3n General de Qu\u00e9bec en M\u00e9xico en alianza con <em>Montr\u00e9al International<\/em> convocan a personal calificado en el sector aeroespacial de M\u00e9xico para trabajar en Montr\u00e9al, Qu\u00e9bec, una de las ciudades m\u00e1s importantes de la provincia franc\u00f3fona en Canad\u00e1.<\/p>\n<p>M\u00e9xico constituye un ecosistema de talento en profesiones especializadas y t\u00e9cnicas como la aeron\u00e1utica, debido a su formaci\u00f3n de alta calidad, poblaci\u00f3n receptiva a la inmigraci\u00f3n, facilidad de adaptaci\u00f3n de los profesionales, proximidad geogr\u00e1fica y la familiaridad cultural y de latinidad con la provincia de Qu\u00e9bec<\/p>\n<p>En esta ocasi\u00f3n la convocatoria est\u00e1 enfocada a profesionales del sector aeroespacial y aeron\u00e1utico y estar\u00e1 disponible para postular hasta el 23 de abril de 2024 para cubrir los siguientes perfiles: Maquinistas CNC<strong>, <\/strong>podr\u00e1n obtener m\u00e1s detalles en: <em>https:\/\/talentmontreal.com\/fr\/emplois<\/em><\/p>\n<p>Tambi\u00e9n se cuenta con las siguientes vacantes: Ingenieros\/as aeron\u00e1uticos y aeroespaciales. Mec\u00e1nicos\/as y montadores de estructuras de aeronaves. Ingenieros\/as de sistemas el\u00e9ctricos. T\u00e9cnicos\/as de mantenimiento aeron\u00e1utico. T\u00e9cnicos en ingenier\u00eda mec\u00e1nica. T\u00e9cnicos\/as en montaje el\u00e9ctrico. Especialista en c\u00e1lculos estructurales. Especialistas el\u00e9ctricos. Especialistas RAMS y Dise\u00f1adores\/as mec\u00e1nicos<u>.<\/u><\/p>\n<p>Los interesados podr\u00e1n revisar a detalle las vacantes disponibles, as\u00ed como los requisitos para postular en cada una de ellas. Es importante resaltar que la candidatura deber\u00e1 ser redactada en franc\u00e9s para tener m\u00e1s posibilidades de ser seleccionados para una entrevista y los interesados e interesadas tienen hasta el 23 de abril de 2024 para aplicar.<\/p>\n<p>Los requisitos var\u00edan en funci\u00f3n de cada vacante, con nivel de escolaridad de bachiller a universitario, experiencia profesional de al menos un a\u00f1o relacionada con la oferta de empleo, nivel de franc\u00e9s y\/o ingl\u00e9s de principiante hasta avanzado dependiendo del cargo.<\/p>\n<p>De manera adicional, la Direcci\u00f3n de Servicios de Inmigraci\u00f3n del Gobierno de Qu\u00e9bec invita a que los candidatos puedan inscribirse y participar de las conferencias donde podr\u00e1n aclarar sus dudas sobre c\u00f3mo postularse<strong>, <\/strong>en las siguientes fechas y enlaces. Otras actividades presenciales y sesiones informativas podr\u00edan ser publicadas pr\u00f3ximamente en el portal de informaci\u00f3n. \u00danicamente los candidatos que hayan postulado a trav\u00e9s de la plataforma en l\u00ednea podr\u00e1n ser seleccionados y convocados a una entrevista presencial en Ciudad de M\u00e9xico, los d\u00edas 11 y 12 de mayo de 2024.<\/p>\n<p>Los mexicanos contratados tendr\u00e1n la oportunidad de vivir y trabajar en una regi\u00f3n metropolitana de Canad\u00e1, reconocida mundialmente por su excelencia en los sectores aeroespacial, ciencias de la vida y tecnolog\u00edas de la informaci\u00f3n y las comunicaciones, Montr\u00e9al es un importante centro de actividad econ\u00f3mica que genera m\u00e1s de un mill\u00f3n de empleos y una sociedad multicultural abierta a la inmigraci\u00f3n<\/p>\n<p>Tan solo en 2022, la industria aeroespacial aport\u00f3 casi 27 mil millones al PIB del pa\u00eds (un aumento de mil 800 millones desde 2021) y ayud\u00f3 a crear 212 mil empleos altamente calificados (un aumento de 14 mil 400 empleos desde 2021), adem\u00e1s de generar cerca de 18 mil 700 millones en exportaciones, de acuerdo con el Ministerio de Desarrollo Econ\u00f3mico de Canad\u00e1.<\/p>\n<p>Esta es una iniciativa oficial del Gobierno de Qu\u00e9bec, la participaci\u00f3n no tiene ning\u00fan costo y es completamente gratuita para las personas interesadas. Las condiciones laborales de los trabajadores extranjeros son las mismas que las de los canadienses. No existe edad l\u00edmite para poder postular.<\/p>\n<p>\u2730\u2730\u2730\u2730\u2730 La pasi\u00f3n de M\u00e9xico por el futbol emprendi\u00f3 el vuelo rumbo a la Copa Mundial de la FIFA 2026 a bordo de la flota m\u00e1s moderna del pa\u00eds, gracias a la alianza que convierte a Viva Aerobus en la aerol\u00ednea oficial de la Selecci\u00f3n Nacional de M\u00e9xico. El acuerdo, se firm\u00f3 en la sede de la Federaci\u00f3n Mexicana de Futbol, en Toluca, Estado de M\u00e9xico, incluye a todas las selecciones nacionales varoniles y femeniles, tanto la selecci\u00f3n mayor, como la Sub-23 y otros equipos juveniles, y concluir\u00e1 en 2026, por lo que el patrocinio incluir\u00e1 tambi\u00e9n la Copa Am\u00e9rica, a celebrarse en junio y julio de 2024 en Estados Unidos, y la Copa Oro 2025.<\/p>\n<p>Cabe recordar que la Copa Mundial de la FIFA 2026 se realizar\u00e1 en m\u00faltiples ciudades de Estados Unidos, Canad\u00e1 y M\u00e9xico, con al menos 13 partidos de las fases de grupos, dieciseisavos y octavos de final a celebrarse entre Ciudad de M\u00e9xico, Guadalajara y Monterrey. Adem\u00e1s de apoyar a la Selecci\u00f3n en su vuelo mundialista, Viva podr\u00e1 ofrecer a sus pasajeros y colaboradores promociones y beneficios especiales, experiencias \u00fanicas y premios a bordo de sus aeronaves, confirm\u00e1ndose como la aerol\u00ednea m\u00e1s divertida de las Am\u00e9ricas.<\/p>\n<p><strong>Juan Carlos Zuazua<\/strong>, director general de Viva Aerobus coment\u00f3: \u201cnos enorgullece hacer equipo con la Federaci\u00f3n y ponernos la camiseta de nuestra Selecci\u00f3n, de la escuadra de todos los mexicanos, y unirnos a jugadores, cuerpo t\u00e9cnico y millones de aficionados que sue\u00f1an con ver a M\u00e9xico volando muy alto, jugando al t\u00fa por t\u00fa con los mejores y siendo competitivos en el deporte y en el desarrollo de nuestro pa\u00eds\u201d.<\/p>\n<p>Por su parte, <strong>Jos\u00e9 Romano<\/strong>, director general de Ventas de la Federaci\u00f3n Mexicana de F\u00fatbol indic\u00f3: \u201cestamos muy contentos de sumar a un nuevo aliado a la familia de las Selecciones Nacionales varoniles y femeniles: Viva Aerob\u00fas. Un aliado que nos va a permitir conectar y maximizar nuestro alcance con aficionados en M\u00e9xico y Estados Unidos a trav\u00e9s de sus vuelos. Adem\u00e1s, esta es una alianza que llega en un momento clave rumbo a nuestro tercer mundial en casa en 2026, lo que ser\u00e1 un momento hist\u00f3rico para distintas generaciones de mexicanos. Con orgullo, damos la bienvenida y agradecemos la confianza de la aerol\u00ednea a la Selecci\u00f3n Nacional de M\u00e9xico\u201d.<\/p>\n<p>Con vuelos hacia y desde las sedes mundialistas de Ciudad de M\u00e9xico, Guadalajara y Monterrey, Viva ser\u00e1 clave para que los aficionados al futbol mexicanos y extranjeros puedan disfrutar de la Copa Mundial en el pa\u00eds, y conectar con decenas de otros destinos tur\u00edsticos en M\u00e9xico. Tambi\u00e9n vuela hacia las principales sedes mundialistas en Estados Unidos como Dallas, Houston, Los \u00c1ngeles, Miami y San Francisco, en la flota m\u00e1s moderna de M\u00e9xico y la quinta m\u00e1s joven de Norteam\u00e9rica, con los mejores precios y gran servicio.<\/p>\n<p>&nbsp;<\/p>\n<blockquote>\n<p style=\"text-align: right;\">\u201c<strong>El<\/strong> <strong>\u00e1ngel de la fama tiene sus alas hechas de papel&#8230; peri\u00f3dico\u201d.<br \/>\n<\/strong><\/p>\n<\/blockquote>\n<p>&nbsp;<\/p>\n<p><em><span class=\"Apple-converted-space\"><a href=\"mailto:victoriagprado@gmail.com\" target=\"_blank\" rel=\"noopener noreferrer\">victoriagprado@gmail.com<\/a><br \/>\nX: <a href=\"https:\/\/twitter.com\/victoriagprado\" target=\"_blank\" rel=\"noopener noreferrer\">@victoriagprado<\/a><\/span><\/em><\/p>\n","protected":false},"excerpt":{"rendered":"<p>La Direcci\u00f3n de Servicios de Inmigraci\u00f3n de la Delegaci\u00f3n General de Qu\u00e9bec en M\u00e9xico en alianza con Montr\u00e9al International convocan a personal calificado en el sector aeroespacial de M\u00e9xico para trabajar en Montr\u00e9al, Qu\u00e9bec, una de las ciudades m\u00e1s importantes de la provincia franc\u00f3fona en Canad\u00e1.<\/p>\n","protected":false},"author":3,"featured_media":617091,"comment_status":"open","ping_status":"open","sticky":false,"template":"","format":"standard","meta":{"_monsterinsights_skip_tracking":false,"_monsterinsights_sitenote_active":false,"_monsterinsights_sitenote_note":"","_monsterinsights_sitenote_category":0,"footnotes":""},"categories":[11],"tags":[107,43674,106],"class_list":["post-617035","post","type-post","status-publish","format-standard","has-post-thumbnail","hentry","category-turismo","tag-de-cinco-estrellas","tag-opinion","tag-victoria-gonzalez-prado"],"_links":{"self":[{"href":"https:\/\/www.diarioimagen.net\/index.php?rest_route=\/wp\/v2\/posts\/617035","targetHints":{"allow":["GET"]}}],"collection":[{"href":"https:\/\/www.diarioimagen.net\/index.php?rest_route=\/wp\/v2\/posts"}],"about":[{"href":"https:\/\/www.diarioimagen.net\/index.php?rest_route=\/wp\/v2\/types\/post"}],"author":[{"embeddable":true,"href":"https:\/\/www.diarioimagen.net\/index.php?rest_route=\/wp\/v2\/users\/3"}],"replies":[{"embeddable":true,"href":"https:\/\/www.diarioimagen.net\/index.php?rest_route=%2Fwp%2Fv2%2Fcomments&post=617035"}],"version-history":[{"count":0,"href":"https:\/\/www.diarioimagen.net\/index.php?rest_route=\/wp\/v2\/posts\/617035\/revisions"}],"wp:featuredmedia":[{"embeddable":true,"href":"https:\/\/www.diarioimagen.net\/index.php?rest_route=\/wp\/v2\/media\/617091"}],"wp:attachment":[{"href":"https:\/\/www.diarioimagen.net\/index.php?rest_route=%2Fwp%2Fv2%2Fmedia&parent=617035"}],"wp:term":[{"taxonomy":"category","embeddable":true,"href":"https:\/\/www.diarioimagen.net\/index.php?rest_route=%2Fwp%2Fv2%2Fcategories&post=617035"},{"taxonomy":"post_tag","embeddable":true,"href":"https:\/\/www.diarioimagen.net\/index.php?rest_route=%2Fwp%2Fv2%2Ftags&post=617035"}],"curies":[{"name":"wp","href":"https:\/\/api.w.org\/{rel}","templated":true}]}}