{"id":617167,"date":"2024-04-23T00:03:44","date_gmt":"2024-04-23T06:03:44","guid":{"rendered":"https:\/\/www.diarioimagen.net\/?p=617167"},"modified":"2024-04-23T01:14:12","modified_gmt":"2024-04-23T07:14:12","slug":"se-quejan-varios-liderazgos-priistas-por-supuestas-imposiciones-de-candidatos","status":"publish","type":"post","link":"https:\/\/www.diarioimagen.net\/?p=617167","title":{"rendered":"Se quejan varios liderazgos priistas por supuestas imposiciones de candidatos"},"content":{"rendered":"<p>&nbsp;<\/p>\n<ul>\n<li><strong><em>\u201cProceso electoral estar\u00eda en riesgo\u201d<\/em><\/strong><\/li>\n<\/ul>\n<p>&nbsp;<\/p>\n<div id=\"attachment_617263\" style=\"width: 470px\" class=\"wp-caption aligncenter\"><a href=\"https:\/\/www.diarioimagen.net\/?attachment_id=617263\" rel=\"attachment wp-att-617263\"><img loading=\"lazy\" decoding=\"async\" aria-describedby=\"caption-attachment-617263\" class=\"size-full wp-image-617263\" src=\"https:\/\/www.diarioimagen.net\/wp-content\/uploads\/2024\/04\/se-quejan-liderazgos-1.jpg\" alt=\"\" width=\"460\" height=\"270\" \/><\/a><p id=\"caption-attachment-617263\" class=\"wp-caption-text\">Aseguran liderazgos priistas en Edomex que por nominar a desconocidos, amigos, parientes y fuere\u00f1os como candidatos, el PRI est\u00e1 entregando el poder a Morena.<\/p><\/div>\n<p>&nbsp;<\/p>\n<p><strong>Valle de M\u00e9xico.\u2014<\/strong> Luego de supuestas malas decisiones del PRI al nominar a los candidatos a diputados locales y Cabildos en la entidad mexiquense, l\u00edderes sociales, seccionales, consejeros, sectores y empresariales, coincidieron que \u201cel proceso electoral del 2 junio estar\u00eda en riesgo en varios distritos electorales\u201d.<\/p>\n<p>Aseguran que \u201cpor capricho de un peque\u00f1o grupo al interior de nuestro instituto pol\u00edtico, pr\u00e1cticamente est\u00e1n entregando el poder a Morena, al nominar a desconocidos, amigos, parientes y fuere\u00f1os, que no han puesto un pie en nuestro partido y hoy se sienten los amos y se\u00f1ores del PRI. El dedazo se vuelve a imponer y eso nos va a perjudicar\u201d, dijeron.<\/p>\n<p>Asimismo, l\u00edderes como son, Marcela Castej\u00f3n, Guillermo Villafuerte, Reyna Pedraza y Rosario Palomino, puntualizaron que \u201cno es posible que de un plumazo hayan quitado su derecho a volver a participar por el distrito 32 al diputado David Parra, quien ha logrado votaciones hist\u00f3ricas y en su lugar impongan a un total desconocido como lo es El\u00edas Rescala, quien vive en Huixquilucan y no tiene nada que hacer en Naucalpan\u201d.<\/p>\n<p>Los priistas reafirmaron que \u201cse dio prioridad a intereses personales, familiares y de otra \u00edndole, como son los casos de V\u00edctor Ruiz, Ivett Pell\u00f3n, familiar y amigos de Cristina Ruiz Sandoval y Eduardo Castro Bello, responsable de seleccionar candidaturas a cargos de elecci\u00f3n popular y eso no se vale ni aqu\u00ed ni en China\u201d.<\/p>\n<p>Asimismo, remarcaron que \u201cdon David Parra ya deber\u00eda abandonar al PRI, sumarse a otro partido o irse de manera independiente, pues siempre le han hecho chicanadas y ah\u00ed sigue, sin embargo, respaldamos cualquier determinaci\u00f3n qu\u00e9 tome\u201d, expresaron.<\/p>\n<p>Finalmente, los liderazgos de Naucalpan dijeron que \u201cconfiamos en la autoridad electoral para garantizar los derechos de David Parra, tienen como fecha l\u00edmite el 25 de este mes para rectificar los caprichos de un peque\u00f1o grupo al interior del tricolor\u201d, concluyeron.<\/p>\n","protected":false},"excerpt":{"rendered":"<p>Luego de supuestas malas decisiones del PRI al nominar a los candidatos a diputados locales y Cabildos en la entidad mexiquense, l\u00edderes sociales, seccionales, consejeros, sectores y empresariales, coincidieron que \u201cel proceso electoral del 2 junio estar\u00eda en riesgo en varios distritos electorales\u201d.<\/p>\n","protected":false},"author":3,"featured_media":617263,"comment_status":"open","ping_status":"open","sticky":false,"template":"","format":"standard","meta":{"_monsterinsights_skip_tracking":false,"_monsterinsights_sitenote_active":false,"_monsterinsights_sitenote_note":"","_monsterinsights_sitenote_category":0,"footnotes":""},"categories":[5],"tags":[99805,49326,1443,34],"class_list":["post-617167","post","type-post","status-publish","format-standard","has-post-thumbnail","hentry","category-estado-de-mexico","tag-imposiciones","tag-liderazgo","tag-priistas","tag-valle-de-mexico"],"_links":{"self":[{"href":"https:\/\/www.diarioimagen.net\/index.php?rest_route=\/wp\/v2\/posts\/617167","targetHints":{"allow":["GET"]}}],"collection":[{"href":"https:\/\/www.diarioimagen.net\/index.php?rest_route=\/wp\/v2\/posts"}],"about":[{"href":"https:\/\/www.diarioimagen.net\/index.php?rest_route=\/wp\/v2\/types\/post"}],"author":[{"embeddable":true,"href":"https:\/\/www.diarioimagen.net\/index.php?rest_route=\/wp\/v2\/users\/3"}],"replies":[{"embeddable":true,"href":"https:\/\/www.diarioimagen.net\/index.php?rest_route=%2Fwp%2Fv2%2Fcomments&post=617167"}],"version-history":[{"count":0,"href":"https:\/\/www.diarioimagen.net\/index.php?rest_route=\/wp\/v2\/posts\/617167\/revisions"}],"wp:featuredmedia":[{"embeddable":true,"href":"https:\/\/www.diarioimagen.net\/index.php?rest_route=\/wp\/v2\/media\/617263"}],"wp:attachment":[{"href":"https:\/\/www.diarioimagen.net\/index.php?rest_route=%2Fwp%2Fv2%2Fmedia&parent=617167"}],"wp:term":[{"taxonomy":"category","embeddable":true,"href":"https:\/\/www.diarioimagen.net\/index.php?rest_route=%2Fwp%2Fv2%2Fcategories&post=617167"},{"taxonomy":"post_tag","embeddable":true,"href":"https:\/\/www.diarioimagen.net\/index.php?rest_route=%2Fwp%2Fv2%2Ftags&post=617167"}],"curies":[{"name":"wp","href":"https:\/\/api.w.org\/{rel}","templated":true}]}}