{"id":617170,"date":"2024-04-23T00:01:02","date_gmt":"2024-04-23T06:01:02","guid":{"rendered":"https:\/\/www.diarioimagen.net\/?p=617170"},"modified":"2024-04-23T01:11:19","modified_gmt":"2024-04-23T07:11:19","slug":"apoyo-total-a-enrique-vargas-en-mexicaltzingo-para-el-senado","status":"publish","type":"post","link":"https:\/\/www.diarioimagen.net\/?p=617170","title":{"rendered":"Apoyo total a Enrique Vargas en Mexicaltzingo, para el Senado"},"content":{"rendered":"<p>&nbsp;<\/p>\n<p><a href=\"https:\/\/www.diarioimagen.net\/?attachment_id=617257\" rel=\"attachment wp-att-617257\"><img loading=\"lazy\" decoding=\"async\" class=\"aligncenter size-full wp-image-617257\" src=\"https:\/\/www.diarioimagen.net\/wp-content\/uploads\/2024\/04\/apoyo-total-a-enrique.jpg\" alt=\"\" width=\"460\" height=\"270\" \/><\/a><\/p>\n<p>&nbsp;<\/p>\n<p><strong>Mexicaltzingo, Estado de M\u00e9xico.\u2014<\/strong> Enrique Vargas del Villar tiene el respaldo de Mexicaltzingo, todas las voces est\u00e1n sumadas a este proyecto. Estamos convencidos que este es el mejor equipo y la mejor coalici\u00f3n, asegur\u00f3 Juan Carlos Solares, representante del PRD municipal, al darle la bienvenida al candidato al Senado por la alianza Fuerza y Coraz\u00f3n por M\u00e9xico.<\/p>\n<p>Destac\u00f3 el trabajo del abanderado aliancista, quien en su paso como Presidente Municipal de Huixquilucan, lo llevo por la senda del progreso, coloc\u00e1ndolo en el n\u00famero uno del Estado de M\u00e9xico y en los primeros lugares en el pa\u00eds.<\/p>\n<p>En su intervenci\u00f3n, Enrique Vargas mencion\u00f3 que el pr\u00f3ximo 2 de junio, las y los ciudadanos tienen la gran responsabilidad de salir a votar en esta la elecci\u00f3n m\u00e1s importante del pa\u00eds, y con ello evitar que M\u00e9xico se convierta en una dictadura como lo quiere Morena\u201d.<\/p>\n<p>\u201cEl primer domingo de junio tenemos una cita por nuestra libertad, no podemos permitir que se instaure una dictadura\u201d, puntualiz\u00f3.<\/p>\n","protected":false},"excerpt":{"rendered":"<p>Enrique Vargas del Villar tiene el respaldo de Mexicaltzingo, todas las voces est\u00e1n sumadas a este proyecto. Estamos convencidos que este es el mejor equipo y la mejor coalici\u00f3n, asegur\u00f3 Juan Carlos Solares, representante del PRD municipal, al darle la bienvenida al candidato al Senado por la alianza Fuerza y Coraz\u00f3n por M\u00e9xico.<\/p>\n","protected":false},"author":3,"featured_media":617257,"comment_status":"open","ping_status":"open","sticky":false,"template":"","format":"standard","meta":{"_monsterinsights_skip_tracking":false,"_monsterinsights_sitenote_active":false,"_monsterinsights_sitenote_note":"","_monsterinsights_sitenote_category":0,"footnotes":""},"categories":[5],"tags":[47218,43675,2779],"class_list":["post-617170","post","type-post","status-publish","format-standard","has-post-thumbnail","hentry","category-estado-de-mexico","tag-enrique-vargas-del-villar","tag-estado-de-mexico","tag-mexicaltzingo"],"_links":{"self":[{"href":"https:\/\/www.diarioimagen.net\/index.php?rest_route=\/wp\/v2\/posts\/617170","targetHints":{"allow":["GET"]}}],"collection":[{"href":"https:\/\/www.diarioimagen.net\/index.php?rest_route=\/wp\/v2\/posts"}],"about":[{"href":"https:\/\/www.diarioimagen.net\/index.php?rest_route=\/wp\/v2\/types\/post"}],"author":[{"embeddable":true,"href":"https:\/\/www.diarioimagen.net\/index.php?rest_route=\/wp\/v2\/users\/3"}],"replies":[{"embeddable":true,"href":"https:\/\/www.diarioimagen.net\/index.php?rest_route=%2Fwp%2Fv2%2Fcomments&post=617170"}],"version-history":[{"count":0,"href":"https:\/\/www.diarioimagen.net\/index.php?rest_route=\/wp\/v2\/posts\/617170\/revisions"}],"wp:featuredmedia":[{"embeddable":true,"href":"https:\/\/www.diarioimagen.net\/index.php?rest_route=\/wp\/v2\/media\/617257"}],"wp:attachment":[{"href":"https:\/\/www.diarioimagen.net\/index.php?rest_route=%2Fwp%2Fv2%2Fmedia&parent=617170"}],"wp:term":[{"taxonomy":"category","embeddable":true,"href":"https:\/\/www.diarioimagen.net\/index.php?rest_route=%2Fwp%2Fv2%2Fcategories&post=617170"},{"taxonomy":"post_tag","embeddable":true,"href":"https:\/\/www.diarioimagen.net\/index.php?rest_route=%2Fwp%2Fv2%2Ftags&post=617170"}],"curies":[{"name":"wp","href":"https:\/\/api.w.org\/{rel}","templated":true}]}}