{"id":617303,"date":"2024-04-24T00:01:37","date_gmt":"2024-04-24T06:01:37","guid":{"rendered":"https:\/\/www.diarioimagen.net\/?p=617303"},"modified":"2024-04-24T01:16:58","modified_gmt":"2024-04-24T07:16:58","slug":"les-vamos-a-seguir-cumpliendo-a-tlalnepantlenses-antonio-rodriguez-hurtado","status":"publish","type":"post","link":"https:\/\/www.diarioimagen.net\/?p=617303","title":{"rendered":"Les vamos a seguir cumpliendo a tlalnepantlenses: Antonio Rodr\u00edguez Hurtado"},"content":{"rendered":"<p>&nbsp;<\/p>\n<ul>\n<li><em><strong>Anuncia campa\u00f1a propositiva<\/strong><\/em><\/li>\n<\/ul>\n<p><strong>\u00a0<\/strong><\/p>\n<h6>Arturo Baena<\/h6>\n<p>&nbsp;<\/p>\n<div id=\"attachment_617441\" style=\"width: 470px\" class=\"wp-caption aligncenter\"><a href=\"https:\/\/www.diarioimagen.net\/?attachment_id=617441\" rel=\"attachment wp-att-617441\"><img loading=\"lazy\" decoding=\"async\" aria-describedby=\"caption-attachment-617441\" class=\"size-full wp-image-617441\" src=\"https:\/\/www.diarioimagen.net\/wp-content\/uploads\/2024\/04\/les-vamos-a-seguir-cumpliendo.jpg\" alt=\"\" width=\"460\" height=\"270\" \/><\/a><p id=\"caption-attachment-617441\" class=\"wp-caption-text\">Antonio Rodr\u00edguez Hurtado se\u00f1al\u00f3 que hay prioridades muy claras en Tlalnepantla y una de ellas es la seguridad p\u00fablica.<\/p><\/div>\n<p>&nbsp;<\/p>\n<p><strong>Tlalnepantla, Estado de M\u00e9xico.\u2014<\/strong> Estoy preparado para lo que viene. Vamos a hacer una campa\u00f1a propositiva y la ciudadan\u00eda tendr\u00e1 que aprobar y calificar los resultados que hemos hecho durante esta administraci\u00f3n. Les vamos a seguir cumpliendo a los tlalnepatlenses.<\/p>\n<p>As\u00ed lo se\u00f1al\u00f3 en entrevista Antonio Rodr\u00edguez Hurtado, quien a partir del 26 del mes en curso, iniciar\u00e1, una vez m\u00e1s, contacto directo con las familias que viven en este municipio, es decir campa\u00f1a pol\u00edtica por la coalici\u00f3n Fuerza y Coraz\u00f3n por M\u00e9xico. Rodr\u00edguez Hurtado, mejor conocido como \u201cTony\u201d, destac\u00f3 que hay prioridades muy claras y una de ellas es la seguridad p\u00fablica, por lo que se estableci\u00f3 una estrategia para fortalecerla, en lo que es competencia municipal.<\/p>\n<p>Record\u00f3 que \u201cse tiene un esquema muy s\u00f3lido para fortalecer a la corporaci\u00f3n policiaca y vamos a seguir trabajando en ese y muchos temas m\u00e1s para favorecer a las familias de Tlalnepantla\u201d.<\/p>\n<p>El presidente municipal con licencia, a pregunta expresa sobre la \u201cguerra sucia\u201d que se ha desatado en su contra, expres\u00f3 que \u201cen toda elecci\u00f3n surge este tipo de acciones que evidencia su preocupaci\u00f3n y falta de propuestas. Nosotros haremos una campa\u00f1a de contacto ciudadano\u201d. Finalmente, Tony Rodr\u00edguez, dijo que ser\u00e1 la ciudadan\u00eda la que determinar\u00e1 quien los representar\u00e1 en el gobierno municipal. \u201cNosotros hemos cumplido y cumpliremos con nuestros compromisos con los tlalnepatlenses\u201d, concluy\u00f3.<\/p>\n","protected":false},"excerpt":{"rendered":"<p>Estoy preparado para lo que viene. Vamos a hacer una campa\u00f1a propositiva y la ciudadan\u00eda tendr\u00e1 que aprobar y calificar los resultados que hemos hecho durante esta administraci\u00f3n. Les vamos a seguir cumpliendo a los tlalnepatlenses.<\/p>\n","protected":false},"author":3,"featured_media":617441,"comment_status":"open","ping_status":"open","sticky":false,"template":"","format":"standard","meta":{"_monsterinsights_skip_tracking":false,"_monsterinsights_sitenote_active":false,"_monsterinsights_sitenote_note":"","_monsterinsights_sitenote_category":0,"footnotes":""},"categories":[5],"tags":[99858,99857,43675,169],"class_list":["post-617303","post","type-post","status-publish","format-standard","has-post-thumbnail","hentry","category-estado-de-mexico","tag-antonio-rodriguez-hurtado","tag-cumpliendo","tag-estado-de-mexico","tag-tlalnepantla"],"_links":{"self":[{"href":"https:\/\/www.diarioimagen.net\/index.php?rest_route=\/wp\/v2\/posts\/617303","targetHints":{"allow":["GET"]}}],"collection":[{"href":"https:\/\/www.diarioimagen.net\/index.php?rest_route=\/wp\/v2\/posts"}],"about":[{"href":"https:\/\/www.diarioimagen.net\/index.php?rest_route=\/wp\/v2\/types\/post"}],"author":[{"embeddable":true,"href":"https:\/\/www.diarioimagen.net\/index.php?rest_route=\/wp\/v2\/users\/3"}],"replies":[{"embeddable":true,"href":"https:\/\/www.diarioimagen.net\/index.php?rest_route=%2Fwp%2Fv2%2Fcomments&post=617303"}],"version-history":[{"count":0,"href":"https:\/\/www.diarioimagen.net\/index.php?rest_route=\/wp\/v2\/posts\/617303\/revisions"}],"wp:featuredmedia":[{"embeddable":true,"href":"https:\/\/www.diarioimagen.net\/index.php?rest_route=\/wp\/v2\/media\/617441"}],"wp:attachment":[{"href":"https:\/\/www.diarioimagen.net\/index.php?rest_route=%2Fwp%2Fv2%2Fmedia&parent=617303"}],"wp:term":[{"taxonomy":"category","embeddable":true,"href":"https:\/\/www.diarioimagen.net\/index.php?rest_route=%2Fwp%2Fv2%2Fcategories&post=617303"},{"taxonomy":"post_tag","embeddable":true,"href":"https:\/\/www.diarioimagen.net\/index.php?rest_route=%2Fwp%2Fv2%2Ftags&post=617303"}],"curies":[{"name":"wp","href":"https:\/\/api.w.org\/{rel}","templated":true}]}}