{"id":617304,"date":"2024-04-24T00:03:03","date_gmt":"2024-04-24T06:03:03","guid":{"rendered":"https:\/\/www.diarioimagen.net\/?p=617304"},"modified":"2024-04-24T01:18:04","modified_gmt":"2024-04-24T07:18:04","slug":"llamado-de-anuar-azar-figueroa-a-vencer-al-abstencionismo-y-a-morena","status":"publish","type":"post","link":"https:\/\/www.diarioimagen.net\/?p=617304","title":{"rendered":"Llamado de Anuar Azar Figueroa a vencer al abstencionismo y a Morena"},"content":{"rendered":"<p>&nbsp;<\/p>\n<ul>\n<li><em><strong>Cierran filas los panistas<\/strong><\/em><\/li>\n<\/ul>\n<p><strong>\u00a0<\/strong><\/p>\n<h6>Arturo Baena<\/h6>\n<p>&nbsp;<\/p>\n<div id=\"attachment_617445\" style=\"width: 470px\" class=\"wp-caption aligncenter\"><a href=\"https:\/\/www.diarioimagen.net\/?attachment_id=617445\" rel=\"attachment wp-att-617445\"><img loading=\"lazy\" decoding=\"async\" aria-describedby=\"caption-attachment-617445\" class=\"size-full wp-image-617445\" src=\"https:\/\/www.diarioimagen.net\/wp-content\/uploads\/2024\/04\/llamado-de-anuar.jpg\" alt=\"\" width=\"460\" height=\"270\" \/><\/a><p id=\"caption-attachment-617445\" class=\"wp-caption-text\">Anuar Azar se\u00f1al\u00f3 que \u201csi el pueblo de M\u00e9xico sale a emitir su voto el pr\u00f3ximo 2 de junio, sin duda, habr\u00e1 dos derrotados, el abstencionismo y Morena\u201d.<\/p><\/div>\n<p>&nbsp;<\/p>\n<p><strong>Valle de M\u00e9xico.\u2014<\/strong> Efectivamente, el principal enemigo a vencer es el abstencionismo y hay que derrotarlo presentando propuestas reales y hablar de frente a las y los mexiquenses, pues ya est\u00e1n cansados de mentiras y enga\u00f1os de gobiernos emanados de Morena, un partido que intenta bloquear la democracia en este pa\u00eds.<\/p>\n<p>As\u00ed lo expres\u00f3 en entrevista telef\u00f3nica, Anuar Azar Figueroa, dirigente del Comit\u00e9 Directivo Estatal (CDE) del Partido Acci\u00f3n Nacional en el Edomex, luego de se\u00f1alar que \u201ctodos y cada uno de las y los candidatos de la alianza Fuerza y Coraz\u00f3n por M\u00e9xico est\u00e1n y estar\u00e1n llamando a cumplir con su derecho ciudadano (votar) para cerrar el paso a quienes no les han sabido cumplir\u201d.<\/p>\n<p>Anuar Azar puntualiz\u00f3, que \u201csi el pueblo de M\u00e9xico sale a emitir su voto el pr\u00f3ximo 2 de junio, sin duda habr\u00e1 dos derrotados, uno de ellos ser\u00e1 el abstencionismo y el otro el actual partido en el gobierno federal, es decir, Morena\u2019, insisti\u00f3.<\/p>\n<p>Se\u00f1al\u00f3 que \u201cnuestras y nuestros abanderados, se han encontrado con gente, sobre todo adultos mayores, a la que han tratado de poner contra la pared con la amenaza de que les quitar\u00e1n los programas sociales si gana otro partido distinto al que se encuentra en el poder, pero ya entendieron que se les ha gobernado con mentiras y enga\u00f1os. Eso ya se acab\u00f3\u201d,\u00a0 dijo.<\/p>\n<p>El dirigente del PAN mexiquense record\u00f3 que ning\u00fan programa social, independientemente del partido pol\u00edtico que est\u00e9, se puede quitar, ning\u00fan partido pol\u00edtico puede coaccionar el libre derecho de expresar en las urnas por quien quiere votar porque el voto es libre y secreto, a\u00f1adi\u00f3.<\/p>\n<p>Para concluir, remarc\u00f3: \u201cvamos a vencer el abstencionismo el 2 de junio de la mano de X\u00f3chitl G\u00e1lvez, pero, sobre todo, a quien sigue mintiendo al pueblo de M\u00e9xico\u201d.<\/p>\n","protected":false},"excerpt":{"rendered":"<p>Efectivamente, el principal enemigo a vencer es el abstencionismo y hay que derrotarlo presentando propuestas reales y hablar de frente a las y los mexiquenses, pues ya est\u00e1n cansados de mentiras y enga\u00f1os de gobiernos emanados de Morena, un partido que intenta bloquear la democracia en este pa\u00eds.<\/p>\n","protected":false},"author":3,"featured_media":617445,"comment_status":"open","ping_status":"open","sticky":false,"template":"","format":"standard","meta":{"_monsterinsights_skip_tracking":false,"_monsterinsights_sitenote_active":false,"_monsterinsights_sitenote_note":"","_monsterinsights_sitenote_category":0,"footnotes":""},"categories":[5],"tags":[93709,99859,34],"class_list":["post-617304","post","type-post","status-publish","format-standard","has-post-thumbnail","hentry","category-estado-de-mexico","tag-anuar-azar-figueroa","tag-morenma","tag-valle-de-mexico"],"_links":{"self":[{"href":"https:\/\/www.diarioimagen.net\/index.php?rest_route=\/wp\/v2\/posts\/617304","targetHints":{"allow":["GET"]}}],"collection":[{"href":"https:\/\/www.diarioimagen.net\/index.php?rest_route=\/wp\/v2\/posts"}],"about":[{"href":"https:\/\/www.diarioimagen.net\/index.php?rest_route=\/wp\/v2\/types\/post"}],"author":[{"embeddable":true,"href":"https:\/\/www.diarioimagen.net\/index.php?rest_route=\/wp\/v2\/users\/3"}],"replies":[{"embeddable":true,"href":"https:\/\/www.diarioimagen.net\/index.php?rest_route=%2Fwp%2Fv2%2Fcomments&post=617304"}],"version-history":[{"count":0,"href":"https:\/\/www.diarioimagen.net\/index.php?rest_route=\/wp\/v2\/posts\/617304\/revisions"}],"wp:featuredmedia":[{"embeddable":true,"href":"https:\/\/www.diarioimagen.net\/index.php?rest_route=\/wp\/v2\/media\/617445"}],"wp:attachment":[{"href":"https:\/\/www.diarioimagen.net\/index.php?rest_route=%2Fwp%2Fv2%2Fmedia&parent=617304"}],"wp:term":[{"taxonomy":"category","embeddable":true,"href":"https:\/\/www.diarioimagen.net\/index.php?rest_route=%2Fwp%2Fv2%2Fcategories&post=617304"},{"taxonomy":"post_tag","embeddable":true,"href":"https:\/\/www.diarioimagen.net\/index.php?rest_route=%2Fwp%2Fv2%2Ftags&post=617304"}],"curies":[{"name":"wp","href":"https:\/\/api.w.org\/{rel}","templated":true}]}}