{"id":617307,"date":"2024-04-24T00:02:21","date_gmt":"2024-04-24T06:02:21","guid":{"rendered":"https:\/\/www.diarioimagen.net\/?p=617307"},"modified":"2024-04-24T01:17:31","modified_gmt":"2024-04-24T07:17:31","slug":"respaldan-militantes-del-pt-en-edomex-a-oscar-gonzalez-yanez-como-lider","status":"publish","type":"post","link":"https:\/\/www.diarioimagen.net\/?p=617307","title":{"rendered":"Respaldan militantes del PT en Edomex a \u00d3scar Gonz\u00e1lez Y\u00e1\u00f1ez como l\u00edder"},"content":{"rendered":"<p>&nbsp;<\/p>\n<ul>\n<li><em><strong>Pese a decisi\u00f3n nacional<\/strong><\/em><\/li>\n<\/ul>\n<p><strong>\u00a0<\/strong><\/p>\n<h6>Arturo Baena<\/h6>\n<p>&nbsp;<\/p>\n<div id=\"attachment_617443\" style=\"width: 470px\" class=\"wp-caption aligncenter\"><a href=\"https:\/\/www.diarioimagen.net\/?attachment_id=617443\" rel=\"attachment wp-att-617443\"><img loading=\"lazy\" decoding=\"async\" aria-describedby=\"caption-attachment-617443\" class=\"size-full wp-image-617443\" src=\"https:\/\/www.diarioimagen.net\/wp-content\/uploads\/2024\/04\/respaldan-militantes.jpg\" alt=\"\" width=\"460\" height=\"270\" \/><\/a><p id=\"caption-attachment-617443\" class=\"wp-caption-text\">Militantes y simpatizantes petistas de varios municipios del Valle de M\u00e9xico reiteraron su respaldo a \u00d3scar Gonz\u00e1lez Y\u00e1\u00f1ez como dirigente en Edomex y solicitaron reintegrarlo a sus labores.<\/p><\/div>\n<p>&nbsp;<\/p>\n<p><strong>Toluca, Estado de M\u00e9xico.\u2014<\/strong> Luego de que la dirigencia nacional del Partido del Trabajo (PT) desconoci\u00f3 a \u00d3scar Gonz\u00e1lez Y\u00e1\u00f1ez como dirigente de ese instituto pol\u00edtico en el Estado de M\u00e9xico, militantes y simpatizantes petistas de varios municipios del Valle de M\u00e9xico, reiteraron su respaldo hacia Gonz\u00e1lez Y\u00e1\u00f1ez, y solicitaron reintegrarlo a sus labores partidistas.<\/p>\n<p>Militantes y dirigentes de algunos comit\u00e9s municipales del PT en municipios como Naucalpan, Tlanepantla, Atizap\u00e1n, ente otros aseguraron que \u201cOscar Gonz\u00e1lez es un pol\u00edtico que ha hecho mucho por nuestro partido, adem\u00e1s de que ha logrado sumar a miles de miembros a han puesto muy en alto al PT\u201d.<\/p>\n<p>En ese sentido, el pol\u00edtico mexiquense que ha sido diputado local, federal, presidente municipal y candidato a la gubernatura del Estado de M\u00e9xico, afirm\u00f3 que aceptaba la decisi\u00f3n, pero no la compart\u00eda.<\/p>\n<p>Oscar Gonz\u00e1lez es adem\u00e1s el representante del partido ante el IEEM, hasta el momento, nunca hab\u00eda tenido problemas para la toma de decisiones a nivel estatal.<\/p>\n<p>Pese a lo anterior, la dirigencia nacional envi\u00f3 un escrito en el que faculta y nombra a Reginaldo Sandoval Flores, como la \u00fanica persona con autoridad legal para realizar y firmar los registros, sustituciones y observaciones de todas las candidaturas del PT.<\/p>\n<p>El documento firmado por el dirigente nacional Alberto Anaya Guti\u00e9rrez y Mar\u00eda Guadalupe Rodr\u00edguez Mart\u00ednez fue entregado en las oficinas del IEEM, luego que el pasado viernes se llevaron a cabo los registros para las diputaciones locales y los ayuntamientos donde el PT va solo o encabeza la coalici\u00f3n.<\/p>\n","protected":false},"excerpt":{"rendered":"<p>Luego de que la dirigencia nacional del Partido del Trabajo (PT) desconoci\u00f3 a Oscar Gonz\u00e1lez Y\u00e1\u00f1ez como dirigente de ese instituto pol\u00edtico en el Estado de M\u00e9xico, militantes y simpatizantes petistas de varios municipios del Valle de M\u00e9xico, reiteraron su respaldo hacia Gonz\u00e1lez Y\u00e1\u00f1ez, y solicitaron reintegrarlo a sus labores partidistas.<\/p>\n","protected":false},"author":3,"featured_media":617443,"comment_status":"open","ping_status":"open","sticky":false,"template":"","format":"standard","meta":{"_monsterinsights_skip_tracking":false,"_monsterinsights_sitenote_active":false,"_monsterinsights_sitenote_note":"","_monsterinsights_sitenote_category":0,"footnotes":""},"categories":[5],"tags":[43675,71756,452],"class_list":["post-617307","post","type-post","status-publish","format-standard","has-post-thumbnail","hentry","category-estado-de-mexico","tag-estado-de-mexico","tag-oscar-gonzalez-yanez","tag-toluca"],"_links":{"self":[{"href":"https:\/\/www.diarioimagen.net\/index.php?rest_route=\/wp\/v2\/posts\/617307","targetHints":{"allow":["GET"]}}],"collection":[{"href":"https:\/\/www.diarioimagen.net\/index.php?rest_route=\/wp\/v2\/posts"}],"about":[{"href":"https:\/\/www.diarioimagen.net\/index.php?rest_route=\/wp\/v2\/types\/post"}],"author":[{"embeddable":true,"href":"https:\/\/www.diarioimagen.net\/index.php?rest_route=\/wp\/v2\/users\/3"}],"replies":[{"embeddable":true,"href":"https:\/\/www.diarioimagen.net\/index.php?rest_route=%2Fwp%2Fv2%2Fcomments&post=617307"}],"version-history":[{"count":0,"href":"https:\/\/www.diarioimagen.net\/index.php?rest_route=\/wp\/v2\/posts\/617307\/revisions"}],"wp:featuredmedia":[{"embeddable":true,"href":"https:\/\/www.diarioimagen.net\/index.php?rest_route=\/wp\/v2\/media\/617443"}],"wp:attachment":[{"href":"https:\/\/www.diarioimagen.net\/index.php?rest_route=%2Fwp%2Fv2%2Fmedia&parent=617307"}],"wp:term":[{"taxonomy":"category","embeddable":true,"href":"https:\/\/www.diarioimagen.net\/index.php?rest_route=%2Fwp%2Fv2%2Fcategories&post=617307"},{"taxonomy":"post_tag","embeddable":true,"href":"https:\/\/www.diarioimagen.net\/index.php?rest_route=%2Fwp%2Fv2%2Ftags&post=617307"}],"curies":[{"name":"wp","href":"https:\/\/api.w.org\/{rel}","templated":true}]}}