{"id":617496,"date":"2024-04-25T00:01:28","date_gmt":"2024-04-25T06:01:28","guid":{"rendered":"https:\/\/www.diarioimagen.net\/?p=617496"},"modified":"2024-04-25T01:40:11","modified_gmt":"2024-04-25T07:40:11","slug":"vamos-a-ganar-el-2-de-junio-afirma-brenda-alvarado-sanchez-candidata-a-senadora","status":"publish","type":"post","link":"https:\/\/www.diarioimagen.net\/?p=617496","title":{"rendered":"Vamos a ganar el 2 de junio, afirma Brenda Alvarado S\u00e1nchez, candidata a senadora"},"content":{"rendered":"<p>&nbsp;<\/p>\n<ul>\n<li><em><strong>Niega haber recibido amenazas<\/strong><\/em><\/li>\n<\/ul>\n<p><strong>\u00a0<\/strong><\/p>\n<h6>Arturo Baena<\/h6>\n<p>&nbsp;<\/p>\n<div id=\"attachment_617610\" style=\"width: 470px\" class=\"wp-caption aligncenter\"><a href=\"https:\/\/www.diarioimagen.net\/?attachment_id=617610\" rel=\"attachment wp-att-617610\"><img loading=\"lazy\" decoding=\"async\" aria-describedby=\"caption-attachment-617610\" class=\"size-full wp-image-617610\" src=\"https:\/\/www.diarioimagen.net\/wp-content\/uploads\/2024\/04\/vamos-a-ganar.jpg\" alt=\"\" width=\"460\" height=\"270\" \/><\/a><p id=\"caption-attachment-617610\" class=\"wp-caption-text\">Brenda Alvarado S\u00e1nchez, \u00a0candidata al Senado de la Rep\u00fablica por la coalici\u00f3n Fuerza y Coraz\u00f3n por M\u00e9xico, hizo un recuento de los 54 d\u00edas de campa\u00f1a por la entidad mexiquense.<\/p><\/div>\n<p>&nbsp;<\/p>\n<p><strong>Tlalnepantla, Estado de M\u00e9xico<\/strong>.\u2014 \u201cSin duda, los ciudadanos est\u00e1n debidamente informados y tienen claro lo que quieren, por lo que, en la elecci\u00f3n del 2 de junio, hay oportunidad para replantear el proyecto de naci\u00f3n que todos queremos\u201d.<\/p>\n<p>Expres\u00f3 lo anterior, la candidata al Senado de la Rep\u00fablica por la coalici\u00f3n \u201cFuerza y Coraz\u00f3n por M\u00e9xico\u201d, Brenda Alvarado S\u00e1nchez, al hacer un recuento de los 54 d\u00edas de campa\u00f1a por la entidad mexiquense.<\/p>\n<p>\u201cEnrique Vargas del Villar y Brenda Alvarado, juntos desde el Senado, seremos la voz de la ciudadan\u00eda y el apoyo al gobierno que encabezar\u00e1 desde la Presidencia de la Rep\u00fablica X\u00f3chitl G\u00e1lvez\u201d, abund\u00f3.<\/p>\n<p>Detall\u00f3 que legislar\u00e1 sobre temas prioritarios como seguridad, agua potable y violencia de g\u00e9nero, sobre las necesidades m\u00e1s apremiantes de la ciudadan\u00eda.<\/p>\n<p>Tras reiterar que la gente buena se qued\u00f3 en el PRI, Brenda Alvarado reconoci\u00f3 que su partido les pidi\u00f3 a los candidatos considerar la protecci\u00f3n de la Guardia Nacional por el clima de violencia que se vive en el pa\u00eds, sin embargo, dej\u00f3 en claro que hasta este momento no ha recibido ning\u00fan tipo de amenazas.<\/p>\n<p>Finalmente, la candidata del PAN, PRI y PRD, destac\u00f3 que de cada diez personas que ha saludado en sus recorridos por las distintas regiones del estado han asegurado que votar\u00e1n a su favor y por los candidatos de la alianza Fuerza y Coraz\u00f3n por M\u00e9xico.<\/p>\n","protected":false},"excerpt":{"rendered":"<p>\u201cSin duda, los ciudadanos est\u00e1n debidamente informados y tienen claro lo que quieren, por lo que, en la elecci\u00f3n del 2 de junio, hay oportunidad para replantear el proyecto de naci\u00f3n que todos queremos\u201d.<\/p>\n","protected":false},"author":3,"featured_media":617610,"comment_status":"open","ping_status":"open","sticky":false,"template":"","format":"standard","meta":{"_monsterinsights_skip_tracking":false,"_monsterinsights_sitenote_active":false,"_monsterinsights_sitenote_note":"","_monsterinsights_sitenote_category":0,"footnotes":""},"categories":[5],"tags":[43675,169],"class_list":["post-617496","post","type-post","status-publish","format-standard","has-post-thumbnail","hentry","category-estado-de-mexico","tag-estado-de-mexico","tag-tlalnepantla"],"_links":{"self":[{"href":"https:\/\/www.diarioimagen.net\/index.php?rest_route=\/wp\/v2\/posts\/617496","targetHints":{"allow":["GET"]}}],"collection":[{"href":"https:\/\/www.diarioimagen.net\/index.php?rest_route=\/wp\/v2\/posts"}],"about":[{"href":"https:\/\/www.diarioimagen.net\/index.php?rest_route=\/wp\/v2\/types\/post"}],"author":[{"embeddable":true,"href":"https:\/\/www.diarioimagen.net\/index.php?rest_route=\/wp\/v2\/users\/3"}],"replies":[{"embeddable":true,"href":"https:\/\/www.diarioimagen.net\/index.php?rest_route=%2Fwp%2Fv2%2Fcomments&post=617496"}],"version-history":[{"count":0,"href":"https:\/\/www.diarioimagen.net\/index.php?rest_route=\/wp\/v2\/posts\/617496\/revisions"}],"wp:featuredmedia":[{"embeddable":true,"href":"https:\/\/www.diarioimagen.net\/index.php?rest_route=\/wp\/v2\/media\/617610"}],"wp:attachment":[{"href":"https:\/\/www.diarioimagen.net\/index.php?rest_route=%2Fwp%2Fv2%2Fmedia&parent=617496"}],"wp:term":[{"taxonomy":"category","embeddable":true,"href":"https:\/\/www.diarioimagen.net\/index.php?rest_route=%2Fwp%2Fv2%2Fcategories&post=617496"},{"taxonomy":"post_tag","embeddable":true,"href":"https:\/\/www.diarioimagen.net\/index.php?rest_route=%2Fwp%2Fv2%2Ftags&post=617496"}],"curies":[{"name":"wp","href":"https:\/\/api.w.org\/{rel}","templated":true}]}}