{"id":617525,"date":"2024-04-25T00:03:23","date_gmt":"2024-04-25T06:03:23","guid":{"rendered":"https:\/\/www.diarioimagen.net\/?p=617525"},"modified":"2024-04-25T00:26:04","modified_gmt":"2024-04-25T06:26:04","slug":"debates-exhiben-la-corrupcion","status":"publish","type":"post","link":"https:\/\/www.diarioimagen.net\/?p=617525","title":{"rendered":"Debates exhiben la corrupci\u00f3n"},"content":{"rendered":"<h2>Centro..!<\/h2>\n<h5>Arturo R\u00edos Ruiz<\/h5>\n<p>&nbsp;<\/p>\n<ul>\n<li><strong><em>Todos se sacan los trapos al sol<\/em><\/strong><\/li>\n<li><strong><em>Compiten a ver qui\u00e9n es el peor<\/em><\/strong><\/li>\n<\/ul>\n<p>&nbsp;<\/p>\n<p>Los debates son parte de la distracci\u00f3n para conocer a los contendientes y lo que m\u00e1s resalta en estos encuentros es conocer cu\u00e1l es el peor; todos se acusan de corrupci\u00f3n y el choque entre dos, tres, o los que sean, se concentra en la exhibici\u00f3n de los males de todos.<\/p>\n<p>Nada nuevo, siempre ha sido as\u00ed, ya que cada pol\u00edtico algo chueco guarda en sus alforjas que ha cometido en su pasado en los cargos de gobierno que ocup\u00f3. \u00c9sa es la tem\u00e1tica del encontr\u00f3n entre los aspirantes que con sus acusaciones dan a conocer con cinismo que gobernar, es para robar.<\/p>\n<p>Los se\u00f1alamientos son difundidos en todos los medios que conocemos, pero es claro opinar que el p\u00fablico receptor, no tiene calidad de censor y es manejado con prebendas distintas, regalos, comidas, gorras camisetas y muchos m\u00e1s. El gobierno actual, es m\u00e1s efectivo, reparte dinero a muchos sin trabajar.<\/p>\n<p>Desde quienes aspiran a gobernar el pa\u00eds comienzan las acusaciones entre las dos aspirantes y entre las dos, cada quien escudri\u00f1a el pasado de la de enfrente y en ese tenor, los males de Claudia son m\u00e1s.<\/p>\n<p>Los que buscan gobernar la ciudad, sobresalen Clara Brugada y Santiago Taboada, ella m\u00e1s conocida, comenz\u00f3 como dirigente de vendedores en las banquetas, se peg\u00f3 al mandam\u00e1s y as\u00ed avanz\u00f3 hacia la delegaci\u00f3n, hoy alcald\u00eda de Iztapalapa, y desde ah\u00ed quiere brincar a gobernar la capital.<\/p>\n<p>Ya le sac\u00f3 Santiago Taboada que adquiri\u00f3 una propiedad por 339 pesos y aclar\u00f3 que vive en una casa, en la alcald\u00eda Iztapalapa, de 160 metros cuadrados, cuyo valor catastral actual es de 256 mil pesos.<\/p>\n<p>Y para remarcar, ahora la relaciona con \u201cEl se\u00f1or de las ligas\u201d, que desde la sombra mueve hilos, el que recibi\u00f3 a aquel dineral del argentino Carlos Ahumada Kurtz, hace 20 a\u00f1os, que salpic\u00f3 al hoy Presidente al revelarse los fajos de billetes\u00a0de d\u00f3lares en las bolsas con ligas y en las bolsas de su vestimenta.<\/p>\n<p>Clara Brugada afirma que es \u201cuna bola de humo\u201d la acusaci\u00f3n de su presunto nexo con Ren\u00e9 Bejarano, quien pudo ser el m\u00e1s cercano presidencial y as\u00ed, cada vez que aparece, se le recuerdan las ligas tatuadas para la posteridad.<\/p>\n<p>Ejemplos hay por montones, cada debate, aqu\u00ed o acull\u00e1, es un anuncio de corrupci\u00f3n en el que cada pol\u00edtico comete en cada gesti\u00f3n, para aportar el hashtag#, que \u201cgobernar es robar\u201d y aplica para todos los niveles de cada administraci\u00f3n.<\/p>\n<p>En las evaluaciones de organismos especializados para medir la corrupci\u00f3n en Latinoam\u00e9rica, M\u00e9xico ocupa un lugar nada envidiable, est\u00e1 en el regl\u00f3n de los m\u00e1s corrompidos, aunque otros est\u00e1n mucho peor y ello no significa que estemos mejor.<\/p>\n<p>Hay varias acciones para contrarrestar la corrupci\u00f3n, como que se deben formular denuncias. Da igual si estas provienen del interior del propio gobierno o de la sociedad. Esto hace posible iniciar procesos de investigaci\u00f3n y, en su caso, imponer las sanciones correspondientes, respetando la legalidad y el debido proceso.<\/p>\n<p>Del rengl\u00f3n anterior, es sencillo opinar que nada se hace, por el contrario, se protege a los infractores, que act\u00faan sin discreci\u00f3n ni pudor; igual que la frase con que en campa\u00f1a se acu\u00f1\u00f3 en 2018, el actual utiliz\u00f3: \u201cLa mafia en el poder\u201d y \u201cbarrer de arriba hacia abajo\u201d. Ya en la silla mayor, se le aplican otras.<\/p>\n<p><em><a href=\"mailto:rrrart2000@hotmail.com\" target=\"_blank\" rel=\"noopener noreferrer\">rrrart2000@hotmail.com<\/a><\/em><\/p>\n","protected":false},"excerpt":{"rendered":"<p><span style=\"color: #005497;\"><strong>Arturo R\u00edos Ruiz<\/strong><\/span><\/p>\n","protected":false},"author":3,"featured_media":0,"comment_status":"open","ping_status":"open","sticky":false,"template":"","format":"standard","meta":{"_monsterinsights_skip_tracking":false,"_monsterinsights_sitenote_active":false,"_monsterinsights_sitenote_note":"","_monsterinsights_sitenote_category":0,"footnotes":""},"categories":[88405],"tags":[82266,10806,43674],"class_list":["post-617525","post","type-post","status-publish","format-standard","hentry","category-armando-rios-ruiz","tag-arturo-rios-ruiz","tag-centro","tag-opinion"],"_links":{"self":[{"href":"https:\/\/www.diarioimagen.net\/index.php?rest_route=\/wp\/v2\/posts\/617525","targetHints":{"allow":["GET"]}}],"collection":[{"href":"https:\/\/www.diarioimagen.net\/index.php?rest_route=\/wp\/v2\/posts"}],"about":[{"href":"https:\/\/www.diarioimagen.net\/index.php?rest_route=\/wp\/v2\/types\/post"}],"author":[{"embeddable":true,"href":"https:\/\/www.diarioimagen.net\/index.php?rest_route=\/wp\/v2\/users\/3"}],"replies":[{"embeddable":true,"href":"https:\/\/www.diarioimagen.net\/index.php?rest_route=%2Fwp%2Fv2%2Fcomments&post=617525"}],"version-history":[{"count":0,"href":"https:\/\/www.diarioimagen.net\/index.php?rest_route=\/wp\/v2\/posts\/617525\/revisions"}],"wp:attachment":[{"href":"https:\/\/www.diarioimagen.net\/index.php?rest_route=%2Fwp%2Fv2%2Fmedia&parent=617525"}],"wp:term":[{"taxonomy":"category","embeddable":true,"href":"https:\/\/www.diarioimagen.net\/index.php?rest_route=%2Fwp%2Fv2%2Fcategories&post=617525"},{"taxonomy":"post_tag","embeddable":true,"href":"https:\/\/www.diarioimagen.net\/index.php?rest_route=%2Fwp%2Fv2%2Ftags&post=617525"}],"curies":[{"name":"wp","href":"https:\/\/api.w.org\/{rel}","templated":true}]}}