{"id":617635,"date":"2024-04-26T00:08:37","date_gmt":"2024-04-26T06:08:37","guid":{"rendered":"https:\/\/www.diarioimagen.net\/?p=617635"},"modified":"2024-04-29T00:44:53","modified_gmt":"2024-04-29T06:44:53","slug":"entrego-cebd-obras-y-equipamiento-en-plantel-isidro-fabela-alfaro-de-la-escuela-preparatoria","status":"publish","type":"post","link":"https:\/\/www.diarioimagen.net\/?p=617635","title":{"rendered":"Entreg\u00f3 CEBD obras y equipamiento en Plantel \u201cIsidro Fabela Alfaro\u201d de la Escuela Preparatoria"},"content":{"rendered":"<p>&nbsp;<\/p>\n<div id=\"attachment_617735\" style=\"width: 470px\" class=\"wp-caption aligncenter\"><a href=\"https:\/\/www.diarioimagen.net\/?attachment_id=617735\" rel=\"attachment wp-att-617735\"><img loading=\"lazy\" decoding=\"async\" aria-describedby=\"caption-attachment-617735\" class=\"size-full wp-image-617735\" src=\"https:\/\/www.diarioimagen.net\/wp-content\/uploads\/2024\/04\/uaem-entrego-cebd.jpg\" alt=\"\" width=\"460\" height=\"270\" \/><\/a><p id=\"caption-attachment-617735\" class=\"wp-caption-text\">El rector de la UAEM, Carlos Eduardo Barrera D\u00edaz, entreg\u00f3 la bah\u00eda vehicular, banqueta, andador y reja de acceso, as\u00ed como el c\u00e1rcamo de bombeo de aguas pluviales, con una superficie total de construcci\u00f3n de mil 235 m\u00b2. De igual manera, entreg\u00f3 50 pupitres.<\/p><\/div>\n<p>&nbsp;<\/p>\n<p><strong>Atlacomulco, Estado de M\u00e9xico.<\/strong>\u2014 En beneficio de una comunidad de mil 250 estudiantes, acad\u00e9micos y trabajadores administrativos, el rector de la Universidad Aut\u00f3noma del Estado de M\u00e9xico (UAEM\u00e9x), Carlos Eduardo Barrera D\u00edaz, entreg\u00f3 obras y equipamiento en el Plantel \u201cIsidro Fabela Alfaro\u201d de la Escuela Preparatoria, ubicado en el municipio de Atlacomulco.<\/p>\n<p>Acompa\u00f1ado del presidente municipal de Atlacomulco y la encargada del despacho de la direcci\u00f3n de dicho plantel, Mar\u00eda del Rosario Sotelo Hurtado, el rector entreg\u00f3 la bah\u00eda vehicular, con una superficie de 794.61 m\u00b2 de concreto estampado, banqueta, andador y reja de acceso. De igual manera, entreg\u00f3 50 pupitres.<\/p>\n<p>Con el prop\u00f3sito de fortalecer la pol\u00edtica de contar con una Universidad Verde, se entreg\u00f3 el c\u00e1rcamo de bombeo de aguas pluviales, con una superficie total de construcci\u00f3n de mil 235 m\u00b2.<\/p>\n<p>Ante el estudiantado de este plantel, as\u00ed como de la secretar\u00eda de Administraci\u00f3n, Er\u00e9ndira Fierro Moreno y el director de Centros Universitarios y Unidades Acad\u00e9micas Profesionales regi\u00f3n A y encargado del Despacho regi\u00f3n B, Luis Ra\u00fal Ortiz Ram\u00edrez, el rector resalt\u00f3 que las obras realizadas tienen como prop\u00f3sito garantizar la seguridad de la comunidad universitaria y sus familias, as\u00ed como disminuir la posibilidad de inundaciones.<\/p>\n","protected":false},"excerpt":{"rendered":"<p>En beneficio de una comunidad de mil 250 estudiantes, acad\u00e9micos y trabajadores administrativos, el rector de la Universidad Aut\u00f3noma del Estado de M\u00e9xico (UAEM\u00e9x), Carlos Eduardo Barrera D\u00edaz, entreg\u00f3 obras y equipamiento en el Plantel \u201cIsidro Fabela Alfaro\u201d de la Escuela Preparatoria, ubicado en el municipio de Atlacomulco.<\/p>\n","protected":false},"author":3,"featured_media":617735,"comment_status":"open","ping_status":"open","sticky":false,"template":"","format":"standard","meta":{"_monsterinsights_skip_tracking":false,"_monsterinsights_sitenote_active":false,"_monsterinsights_sitenote_note":"","_monsterinsights_sitenote_category":0,"footnotes":""},"categories":[5],"tags":[14943,13417],"class_list":["post-617635","post","type-post","status-publish","format-standard","has-post-thumbnail","hentry","category-estado-de-mexico","tag-isidro-fabela-alfaro","tag-obras"],"_links":{"self":[{"href":"https:\/\/www.diarioimagen.net\/index.php?rest_route=\/wp\/v2\/posts\/617635","targetHints":{"allow":["GET"]}}],"collection":[{"href":"https:\/\/www.diarioimagen.net\/index.php?rest_route=\/wp\/v2\/posts"}],"about":[{"href":"https:\/\/www.diarioimagen.net\/index.php?rest_route=\/wp\/v2\/types\/post"}],"author":[{"embeddable":true,"href":"https:\/\/www.diarioimagen.net\/index.php?rest_route=\/wp\/v2\/users\/3"}],"replies":[{"embeddable":true,"href":"https:\/\/www.diarioimagen.net\/index.php?rest_route=%2Fwp%2Fv2%2Fcomments&post=617635"}],"version-history":[{"count":0,"href":"https:\/\/www.diarioimagen.net\/index.php?rest_route=\/wp\/v2\/posts\/617635\/revisions"}],"wp:featuredmedia":[{"embeddable":true,"href":"https:\/\/www.diarioimagen.net\/index.php?rest_route=\/wp\/v2\/media\/617735"}],"wp:attachment":[{"href":"https:\/\/www.diarioimagen.net\/index.php?rest_route=%2Fwp%2Fv2%2Fmedia&parent=617635"}],"wp:term":[{"taxonomy":"category","embeddable":true,"href":"https:\/\/www.diarioimagen.net\/index.php?rest_route=%2Fwp%2Fv2%2Fcategories&post=617635"},{"taxonomy":"post_tag","embeddable":true,"href":"https:\/\/www.diarioimagen.net\/index.php?rest_route=%2Fwp%2Fv2%2Ftags&post=617635"}],"curies":[{"name":"wp","href":"https:\/\/api.w.org\/{rel}","templated":true}]}}