{"id":617642,"date":"2024-04-26T00:02:40","date_gmt":"2024-04-26T06:02:40","guid":{"rendered":"https:\/\/www.diarioimagen.net\/?p=617642"},"modified":"2024-04-29T00:08:23","modified_gmt":"2024-04-29T06:08:23","slug":"iglesia-catolica-critica-la-glorificacion-de-la-violencia-en-redes","status":"publish","type":"post","link":"https:\/\/www.diarioimagen.net\/?p=617642","title":{"rendered":"Iglesia cat\u00f3lica critica la\u00a0glorificaci\u00f3n de la violencia en redes"},"content":{"rendered":"<p>&nbsp;<\/p>\n<h2 style=\"text-align: center;\">Hace un llamado a promover valores<\/h2>\n<p><em>\u00a0<\/em><\/p>\n<ul>\n<li><strong><em>Rechazo a promover cultura de muerte<\/em><\/strong><\/li>\n<\/ul>\n<p>&nbsp;<\/p>\n<div id=\"attachment_617740\" style=\"width: 470px\" class=\"wp-caption aligncenter\"><a href=\"https:\/\/www.diarioimagen.net\/?attachment_id=617740\" rel=\"attachment wp-att-617740\"><img loading=\"lazy\" decoding=\"async\" aria-describedby=\"caption-attachment-617740\" class=\"size-full wp-image-617740\" src=\"https:\/\/www.diarioimagen.net\/wp-content\/uploads\/2024\/04\/iglesia-catolica-critica.jpg\" alt=\"\" width=\"460\" height=\"270\" \/><\/a><p id=\"caption-attachment-617740\" class=\"wp-caption-text\">La Iglesia cat\u00f3lica critic\u00f3 los \u201ccultos distorsionados\u201d como la figura de la \u201csanta muerte\u201d, tras viralizarse una camiseta con su imagen en apoyo al presidente Andr\u00e9s Manuel L\u00f3pez Obrador.<\/p><\/div>\n<p>&nbsp;<\/p>\n<p>La Conferencia del Episcopado Mexicano (CEM) expres\u00f3 su preocupaci\u00f3n por la realidad que enfrenta nuestra sociedad con la implementaci\u00f3n de una cultura de muerte y violencia a trav\u00e9s de la narcocultura, im\u00e1genes violentas, cultos distorsionados como el de la \u201csanta muerte\u201d y amedrentamientos digitales.<\/p>\n<p>Ante esta situaci\u00f3n, la Iglesia cat\u00f3lica hace un llamado en\u00e9rgico a todos los sectores de la sociedad para que se sumen al rechazo total de estas pr\u00e1cticas y destac\u00f3 la importancia de promover valores que enaltezcan la dignidad humana y contribuyan a la construcci\u00f3n de una sociedad m\u00e1s justa y pac\u00edfica.<\/p>\n<p>La CEM se\u00f1al\u00f3 que la propagaci\u00f3n de contenido da\u00f1ino est\u00e1 distorsionando los valores fundamentales que nos han caracterizado como naci\u00f3n y est\u00e1 erosionando el tejido social.<\/p>\n<p>\u201cComo Iglesia, denunciamos en\u00e9rgicamente esta glorificaci\u00f3n de la violencia y hacemos un llamado a todos los sectores de la sociedad para que se unan en un rechazo total a estas pr\u00e1cticas destructivas\u201d, se\u00f1al\u00f3 en su comunicado.<\/p>\n<p>La Iglesia cat\u00f3lica mexicana a\u00f1adi\u00f3 que es necesario optar por recuperar y restaurar al M\u00e9xico que siempre ha sido conocido por expresar los valores de fe, familia, convivencia, tradiciones, gastronom\u00eda, poes\u00eda, pintura, arte y sitios maravillosos para compartir con el mundo. Nuestra naci\u00f3n -dijo- debe engrandecerse por sacar lo mejor del ser humano, no por sucumbir a la oscuridad de la violencia.<\/p>\n<p>La CEM reafirm\u00f3 su firme convicci\u00f3n en la defensa de los derechos humanos como pilar fundamental para la dignificaci\u00f3n de las personas.<\/p>\n<p>Este mensaje se produce despu\u00e9s de la pol\u00e9mica generada en d\u00edas recientes por una camiseta en apoyo al presidente Andr\u00e9s Manuel L\u00f3pez Obrador, que conten\u00eda la imagen de la \u201csanta muerte\u201d y la frase \u201cun verdadero hombre nunca habla mal de L\u00f3pez Obrador\u201d.<\/p>\n<p>Despu\u00e9s de que Morena difundiera esta imagen por las redes sociales, el mandatario defendi\u00f3 la \u201clibertad religiosa\u201d el pasado martes en su conferencia de prensa diaria.<\/p>\n<p>\u201cTiene que ver con la libertad, incluso religiosa. Habla de la muerte, pero es la Santa Muerte, no nos metamos en eso, ya tiene tiempo que se resolvi\u00f3 este asunto en M\u00e9xico, antes que en cualquier otro pa\u00eds del mundo y se llama libertad religiosa\u201d, declar\u00f3.<\/p>\n<p style=\"text-align: center;\"><strong>La CEM expresa preocupaci\u00f3n por\u00a0 eliminaci\u00f3n del Juicio de Amparo<\/strong><\/p>\n<p>La CEM expres\u00f3 tambi\u00e9n su preocupaci\u00f3n ante \u201ccualquier confusi\u00f3n en la comprensi\u00f3n o eliminaci\u00f3n del Juicio de Amparo, que constituye una herramienta esencial para la defensa de los ciudadanos ante arbitrariedades e injusticias por parte del Estado\u201d.<\/p>\n<p>Dijo que en un contexto marcado por la corrupci\u00f3n y la impunidad, debilitar este instrumento jur\u00eddico atentar\u00eda contra los derechos fundamentales de la ciudadan\u00eda.<\/p>\n<p>La instituci\u00f3n religiosa hizo un llamado a una profunda conversi\u00f3n de los corazones y optar por un cambio radical, pasando de una cultura de muerte a una cultura propia de la Civilizaci\u00f3n del Amor.<\/p>\n<p>Solo teniendo el Coraz\u00f3n de Cristo como gu\u00eda y modelo podremos aspirar a construir en nuestra amada patria el Reino de Dios, donde prevalezcan la justicia, la paz y la fraternidad.<\/p>\n","protected":false},"excerpt":{"rendered":"<p>La Conferencia del Episcopado Mexicano (CEM) expres\u00f3 su preocupaci\u00f3n por la realidad que enfrenta nuestra sociedad con la implementaci\u00f3n de una cultura de muerte y violencia a trav\u00e9s de la narcocultura, im\u00e1genes violentas, cultos distorsionados como el de la \u201csanta muerte\u201d y amedrentamientos digitales.<\/p>\n","protected":false},"author":3,"featured_media":617740,"comment_status":"open","ping_status":"open","sticky":false,"template":"","format":"standard","meta":{"_monsterinsights_skip_tracking":false,"_monsterinsights_sitenote_active":false,"_monsterinsights_sitenote_note":"","_monsterinsights_sitenote_category":0,"footnotes":""},"categories":[17,3],"tags":[3235,5602,5066],"class_list":["post-617642","post","type-post","status-publish","format-standard","has-post-thumbnail","hentry","category-especiales","category-nacional","tag-iglesia","tag-santa-muerte","tag-violencia"],"_links":{"self":[{"href":"https:\/\/www.diarioimagen.net\/index.php?rest_route=\/wp\/v2\/posts\/617642","targetHints":{"allow":["GET"]}}],"collection":[{"href":"https:\/\/www.diarioimagen.net\/index.php?rest_route=\/wp\/v2\/posts"}],"about":[{"href":"https:\/\/www.diarioimagen.net\/index.php?rest_route=\/wp\/v2\/types\/post"}],"author":[{"embeddable":true,"href":"https:\/\/www.diarioimagen.net\/index.php?rest_route=\/wp\/v2\/users\/3"}],"replies":[{"embeddable":true,"href":"https:\/\/www.diarioimagen.net\/index.php?rest_route=%2Fwp%2Fv2%2Fcomments&post=617642"}],"version-history":[{"count":0,"href":"https:\/\/www.diarioimagen.net\/index.php?rest_route=\/wp\/v2\/posts\/617642\/revisions"}],"wp:featuredmedia":[{"embeddable":true,"href":"https:\/\/www.diarioimagen.net\/index.php?rest_route=\/wp\/v2\/media\/617740"}],"wp:attachment":[{"href":"https:\/\/www.diarioimagen.net\/index.php?rest_route=%2Fwp%2Fv2%2Fmedia&parent=617642"}],"wp:term":[{"taxonomy":"category","embeddable":true,"href":"https:\/\/www.diarioimagen.net\/index.php?rest_route=%2Fwp%2Fv2%2Fcategories&post=617642"},{"taxonomy":"post_tag","embeddable":true,"href":"https:\/\/www.diarioimagen.net\/index.php?rest_route=%2Fwp%2Fv2%2Ftags&post=617642"}],"curies":[{"name":"wp","href":"https:\/\/api.w.org\/{rel}","templated":true}]}}