{"id":617650,"date":"2024-04-26T00:01:35","date_gmt":"2024-04-26T06:01:35","guid":{"rendered":"https:\/\/www.diarioimagen.net\/?p=617650"},"modified":"2024-04-26T01:59:13","modified_gmt":"2024-04-26T07:59:13","slug":"la-ciudadania-quiere-escuchar-propuestas-no-descalificaciones-ursula-cortes-fernandez","status":"publish","type":"post","link":"https:\/\/www.diarioimagen.net\/?p=617650","title":{"rendered":"La ciudadan\u00eda quiere escuchar propuestas, no descalificaciones: \u00darsula Cort\u00e9s Fern\u00e1ndez"},"content":{"rendered":"<p>&nbsp;<\/p>\n<ul>\n<li><em><strong>Aspirante a diputada federal por el Distrito 24<\/strong><\/em><\/li>\n<\/ul>\n<p><strong>\u00a0<\/strong><\/p>\n<h6>Arturo Baena<\/h6>\n<p>&nbsp;<\/p>\n<div id=\"attachment_617758\" style=\"width: 470px\" class=\"wp-caption aligncenter\"><a href=\"https:\/\/www.diarioimagen.net\/?attachment_id=617758\" rel=\"attachment wp-att-617758\"><img loading=\"lazy\" decoding=\"async\" aria-describedby=\"caption-attachment-617758\" class=\"size-full wp-image-617758\" src=\"https:\/\/www.diarioimagen.net\/wp-content\/uploads\/2024\/04\/ciudadania-quiere-escuchar.jpg\" alt=\"\" width=\"460\" height=\"270\" \/><\/a><p id=\"caption-attachment-617758\" class=\"wp-caption-text\">\u00darsula Cort\u00e9s Fern\u00e1ndez, candidata a diputado por el PAN, destac\u00f3 que \u201cla \u00fanica encuesta real, se dar\u00e1 el pr\u00f3ximo 2 de junio, y no con falsas encuestas\u201d.<\/p><\/div>\n<p>&nbsp;<\/p>\n<p><strong>Naucalpan, Estado de M\u00e9xico.\u2014<\/strong> \u201cLa nuestra seguir\u00e1 siendo una campa\u00f1a de propuestas y contacto con las familias naucalpenses del Distrito 24 y de ninguna manera de descalificaciones. La ciudadan\u00eda quiere escuchar soluciones a sus demandas y necesidades. Nuestro compromiso es llevar a la m\u00e1xima tribuna de este pa\u00eds, acciones concretas\u201d.<\/p>\n<p>As\u00ed lo se\u00f1al\u00f3 en entrevista, \u00darsula Cort\u00e9s Fern\u00e1ndez, candidata de la coalici\u00f3n Fuerza y Coraz\u00f3n por M\u00e9xico a diputada federal de esta zona de la localidad, luego de asegurar que est\u00e1 muy contenta de que en los lugares a donde ha hecho presencia, la gente recibe y acepta con gusto sus propuestas de campa\u00f1a.<\/p>\n<p>Y es que, en unas semanas de campa\u00f1a, \u00darsula Cort\u00e9s, desde las seis de la ma\u00f1ana y hasta altas horas de la tarde (todos los d\u00edas) acompa\u00f1ada de su equipo de trabajo, habla de frente, sin mentiras ni enga\u00f1os de lo que realmente se puede y lo que no se puede llevar al Congreso de la Uni\u00f3n.<\/p>\n<p>\u201cSiempre lo he dicho y lo reitero, a la ciudadan\u00eda hay que hablarle con la verdad. Con su confianza, me comprometo junto con nuestros aliados (PRI y PRD) a buscar el regreso de lo que se les ha quitado, que es seguridad social y p\u00fablica, medicamentos, estancias infantiles, entre otras demandas de las cuales he escuchado con atenci\u00f3n\u201d, se\u00f1al\u00f3.<\/p>\n<p>Por otra parte, la representante del Partido Acci\u00f3n Nacional (PAN), destac\u00f3 que \u201cla \u00fanica encuesta real, se dar\u00e1 el pr\u00f3ximo 2 de junio, y no con falsas encuestas que nuestros contrincantes, m\u00e1s no enemigos, son muy dados a conocer, la realidad es otra\u201d.<\/p>\n<p>Finalmente, la candidata a diputada federal, manifest\u00f3 que \u201cel cambio que todo el pueblo de M\u00e9xico requiere, tiene nombre y apellido: X\u00f3chitl G\u00e1lvez. Vamos de hombro con hombre en su proyecto de naci\u00f3n\u201d.<\/p>\n","protected":false},"excerpt":{"rendered":"<p>La nuestra seguir\u00e1 siendo una campa\u00f1a de propuestas y contacto con las familias naucalpenses del Distrito 24 y de ninguna manera de descalificaciones. La ciudadan\u00eda quiere escuchar soluciones a sus demandas y necesidades. Nuestro compromiso es llevar a la m\u00e1xima tribuna de este pa\u00eds, acciones concretas\u201d.<\/p>\n","protected":false},"author":3,"featured_media":617758,"comment_status":"open","ping_status":"open","sticky":false,"template":"","format":"standard","meta":{"_monsterinsights_skip_tracking":false,"_monsterinsights_sitenote_active":false,"_monsterinsights_sitenote_note":"","_monsterinsights_sitenote_category":0,"footnotes":""},"categories":[5],"tags":[22435,95006],"class_list":["post-617650","post","type-post","status-publish","format-standard","has-post-thumbnail","hentry","category-estado-de-mexico","tag-propuestas","tag-ursula-cortes-fernandez"],"_links":{"self":[{"href":"https:\/\/www.diarioimagen.net\/index.php?rest_route=\/wp\/v2\/posts\/617650","targetHints":{"allow":["GET"]}}],"collection":[{"href":"https:\/\/www.diarioimagen.net\/index.php?rest_route=\/wp\/v2\/posts"}],"about":[{"href":"https:\/\/www.diarioimagen.net\/index.php?rest_route=\/wp\/v2\/types\/post"}],"author":[{"embeddable":true,"href":"https:\/\/www.diarioimagen.net\/index.php?rest_route=\/wp\/v2\/users\/3"}],"replies":[{"embeddable":true,"href":"https:\/\/www.diarioimagen.net\/index.php?rest_route=%2Fwp%2Fv2%2Fcomments&post=617650"}],"version-history":[{"count":0,"href":"https:\/\/www.diarioimagen.net\/index.php?rest_route=\/wp\/v2\/posts\/617650\/revisions"}],"wp:featuredmedia":[{"embeddable":true,"href":"https:\/\/www.diarioimagen.net\/index.php?rest_route=\/wp\/v2\/media\/617758"}],"wp:attachment":[{"href":"https:\/\/www.diarioimagen.net\/index.php?rest_route=%2Fwp%2Fv2%2Fmedia&parent=617650"}],"wp:term":[{"taxonomy":"category","embeddable":true,"href":"https:\/\/www.diarioimagen.net\/index.php?rest_route=%2Fwp%2Fv2%2Fcategories&post=617650"},{"taxonomy":"post_tag","embeddable":true,"href":"https:\/\/www.diarioimagen.net\/index.php?rest_route=%2Fwp%2Fv2%2Ftags&post=617650"}],"curies":[{"name":"wp","href":"https:\/\/api.w.org\/{rel}","templated":true}]}}