{"id":617707,"date":"2024-04-26T00:01:01","date_gmt":"2024-04-26T06:01:01","guid":{"rendered":"https:\/\/www.diarioimagen.net\/?p=617707"},"modified":"2024-04-26T02:03:24","modified_gmt":"2024-04-26T08:03:24","slug":"volaris-lanza-su-nueva-ruta-tulum-guadalajara-y-firmo-convenios-de-colaboracion","status":"publish","type":"post","link":"https:\/\/www.diarioimagen.net\/?p=617707","title":{"rendered":"Volaris lanza su nueva ruta Tulum-Guadalajara y firm\u00f3 convenios de colaboraci\u00f3n"},"content":{"rendered":"<h2>De cinco estrellas<\/h2>\n<h5>Victoria Gonz\u00e1lez Prado<\/h5>\n<p>&nbsp;<\/p>\n<ul>\n<li><em><strong>La nueva ruta de <\/strong><\/em><strong>American Airlines<\/strong><em><strong> conecta a Tulum con el Aeropuerto Internacional Dallas Fort Worth<\/strong><\/em><\/li>\n<li><em><strong>Quer\u00e9taro es nombrada Capital Iberoamericana de la Gastronom\u00eda de Encuentro<\/strong><\/em><\/li>\n<\/ul>\n<p>&nbsp;<\/p>\n<div id=\"attachment_617770\" style=\"width: 470px\" class=\"wp-caption aligncenter\"><a href=\"https:\/\/www.diarioimagen.net\/?attachment_id=617770\" rel=\"attachment wp-att-617770\"><img loading=\"lazy\" decoding=\"async\" aria-describedby=\"caption-attachment-617770\" class=\"size-full wp-image-617770\" src=\"https:\/\/www.diarioimagen.net\/wp-content\/uploads\/2024\/04\/turismo-estrellas-8.jpg\" alt=\"\" width=\"460\" height=\"270\" \/><\/a><p id=\"caption-attachment-617770\" class=\"wp-caption-text\">Se firmaron convenios con Quintana Roo, Baja California y Nayarit.<\/p><\/div>\n<p>&nbsp;<\/p>\n<p>Volaris anuncia el lanzamiento de su nueva ruta Tulum-Guadalajara, a partir del 5 de diciembre y firma convenios de colaboraci\u00f3n con los gobiernos de Quintana Roo, Baja California y Nayarit, con el objetivo de fortalecer la conectividad del pa\u00eds y de contribuir al desarrollo econ\u00f3mico estatal, regional y nacional.<\/p>\n<p>La apertura de la ruta Tulum-Guadalajara se suma a la ruta internacional previamente lanzada para conectar a partir del 3 de julio pr\u00f3ximo Canc\u00fan con McAllen, Texas, ampliando su oferta y conectividad entre ambas naciones. Tanto McAllen como Canc\u00fan son destinos con importante actividad comercial, de negocios y tur\u00edstica: mientras McAllen atrae a visitantes por su variada oferta comercial, que incluye centros comerciales y <em>outlets, <\/em>Canc\u00fan se mantiene como el destino tur\u00edstico de playa mexicano por excelencia, con resorts de lujo e inigualables amenidades y vida nocturna.<\/p>\n<p><strong>Omar Carrera<\/strong>, director Comercial de Volaris dijo: \u201cla apertura de estas rutas responde al compromiso de atender la creciente necesidad de conectividad dentro y fuera del pa\u00eds, en beneficio de los clientes que buscan nuevas y mejores opciones para viajar a los m\u00e1s bajos precios a estos destinos, lo que contribuye a dinamizar y fortalecer el desarrollo econ\u00f3mico de estas regiones y sus comunidades\u201d.<\/p>\n<p>Los interesados en adquirir boletos para viajar en cualquiera de estas dos nuevas rutas, ya est\u00e1n disponibles.<\/p>\n<p>Respecto a los convenios celebrados a trav\u00e9s de la firma de Cartas Intenci\u00f3n de Colaboraci\u00f3n con los gobiernos de Quintana Roo, de Baja California y Nayarit, la aerol\u00ednea busca tomar un rol m\u00e1s activo para apoyar el desarrollo econ\u00f3mico regional, colaborando en la ejecuci\u00f3n de proyectos para la promoci\u00f3n tur\u00edstica de los tres estados, mediante el impulso de la conectividad a\u00e9rea en cada una de las entidades.<\/p>\n<p>En las firmas de los convenios, realizadas en actos por separado, participaron: de Quintana Roo, la gobernadora <strong>Mara Lezama Espinosa<\/strong> y el secretario de Turismo estatal, <strong>Bernardo Cueto Riestra<\/strong>; por Baja California, la gobernadora <strong>Marina del Pilar \u00c1vila Olmeda<\/strong> y el secretario de Turismo, <strong>Miguel Agu\u00ed\u00f1iga<\/strong>, y por Nayarit, el secretario de Turismo del estado, <strong>Juan Enrique Su\u00e1rez del Real Tostado<\/strong>; en representaci\u00f3n de Volaris estuvo <strong>Holger Blankenstein<\/strong>, vicepresidente ejecutivo de la aerol\u00ednea.<\/p>\n<p>\u201cDesde el nacimiento de Volaris hace 18 a\u00f1os, su crecimiento y expansi\u00f3n han estado sustentados en la b\u00fasqueda de oportunidades que nos permitan desarrollar competitivamente nuestras operaciones en los principales destinos del pa\u00eds y ofrecer al mercado nacional alternativas de conectividad que satisfagan los requerimientos de los clientes dentro y fuera de nuestras fronteras, lo que se ha logrado gracias a la estrategia de expansi\u00f3n basada en nuestro innovador y accesible modelo de ultra bajo costo\u201d, asegur\u00f3 <strong>Holger Blankenstein<\/strong>.<\/p>\n<p>De igual forma, la aerol\u00ednea anunci\u00f3 la reactivaci\u00f3n, a partir de este mes de abril, de ocho rutas que ven\u00eda operando el a\u00f1o pasado, y que contribuir\u00e1n a aumentar la conectividad en diversas regiones del pa\u00eds: Mexicali-Puerto Vallarta, Baj\u00edo-Hermosillo, Baj\u00edo-Mazatl\u00e1n, Baj\u00edo-Tuxtla Guti\u00e9rrez, Baj\u00edo-Mazatl\u00e1n, M\u00e9rida-Monterrey, Guadalajara-Loreto y Quer\u00e9taro-Los Cabos.<\/p>\n<p>\u2730\u2730\u2730\u2730\u2730 La nueva ruta de <em>American Airlines<\/em> que conecta a Tulum con el Aeropuerto Internacional Dallas Fort Worth (DFW) inici\u00f3 servicio a finales de marzo operando desde y hacia el nuevo Aeropuerto Internacional Felipe Carrillo Puerto (TQO). Con esto, se convierte en la aerol\u00ednea estadounidense con m\u00e1s operaciones en Tulum, al contar con cuatro vuelos diarios en este destino mexicano, incluyendo dos vuelos diarios a Dallas Fort Worth (DFW).<\/p>\n<p>La ruta es operada con un avi\u00f3n <em>Boeing 737-800<\/em> con capacidad para 172 pasajeros en tres clases de cabina, incluyendo 16 asientos de <em>First Class<\/em>, 24 de <em>Main Cabin Extra<\/em> y 132 de <em>Main Cabin<\/em>. Los equipos cuentan con <em>Wi-Fi <\/em>de alta velocidad, cargadores en los asientos y entretenimiento abordo para mayor comodidad de los pasajeros.<\/p>\n<p>Tulum es un destino tur\u00edstico popular para los viajeros americanos que ahora podr\u00e1n utilizar el Aeropuerto DFW como punto de conexi\u00f3n desde todo Estados Unidos para llegar a una de las \u201cjoyas\u201d de la Riviera Maya mexicana.<\/p>\n<p>La aerol\u00ednea ha invertido continuamente en su operaci\u00f3n en DFW, desarroll\u00e1ndolo en el <em>hub<\/em> m\u00e1s grande de la compa\u00f1\u00eda y alimentando al aeropuerto para convertirse en el segundo m\u00e1s transitado del mundo.<\/p>\n<p>DFW es la piedra angular de la operaci\u00f3n global de <em>American<\/em>, logrando crecimiento e inversi\u00f3n que viene con un legado de cinco d\u00e9cadas.<\/p>\n<p>Al celebrar este hito se forman s\u00f3lidos lazos con el Aeropuerto DFW, en toda la comunidad y en la regi\u00f3n, as\u00ed como el liderazgo de visionarios en Dallas y Fort Worth que tuvieron la previsi\u00f3n de unir dos ciudades con un aeropuerto de clase mundial hace cincuenta a\u00f1os.<\/p>\n<p>Para el pr\u00f3ximo verano de 2024, la l\u00ednea a\u00e9rea ofrecer\u00e1 m\u00e1s asientos que nunca, saliendo desde el Aeropuerto DFW, con m\u00e1s de 850 salidas diarias. Combinado con el servicio a nuevas ciudades e incremento de frecuencias a m\u00e1s de 35 destinos, el <em>hub<\/em> de American en DFW seguir\u00e1 siendo el principal centro de conexi\u00f3n para clientes de todo el pa\u00eds y el mundo.<\/p>\n<p>Con m\u00e1s de 850 salidas diarias y servicio a 55 destinos internacionales, incluyendo las adiciones en M\u00e9xico de Los Cabos, Quer\u00e9taro y el nuevo servicio a Tulum, la compa\u00f1\u00eda a\u00e9rea contin\u00faa siendo el principal centro de conexi\u00f3n para viajeros de todo el pa\u00eds y el mundo.<\/p>\n<p>\u2730\u2730\u2730\u2730\u2730 La C\u00e1mara Nacional de la Industria Restaurantera y Alimentos Condimentados (Canirac, dio a conocer que impulsar\u00e1 y participar\u00e1 activamente en los diversos eventos conmemorativos del nombramiento de Quer\u00e9taro como Capital Iberoamericana de la Gastronom\u00eda de Encuentro.<\/p>\n<p>Lo anterior, a trav\u00e9s de convenio de colaboraci\u00f3n que permitir\u00e1 sumar el apoyo y participaci\u00f3n activa de la Canirac en las festividades y proyectos relacionados con dicha distinci\u00f3n, adem\u00e1s de contemplar la participaci\u00f3n de la c\u00e1mara en el proyecto de conformaci\u00f3n del Museo Nacional de la Gastronom\u00eda Mexicana.<\/p>\n<p>Este convenio representa un paso significativo en el fortalecimiento de la relaci\u00f3n entre la industria restaurantera y los diversos eventos conmemorativos del nombramiento como la Capital Iberoamericana de la Gastronom\u00eda de Encuentro, tales como el Concurso de Pinchos y Tapas M\u00e9xico y de las Am\u00e9ricas, que se llevar\u00e1 a cabo del 21 al 23 de septiembre de este 2024, as\u00ed como en el impulso de la industria tur\u00edstica y gastron\u00f3mica de Quer\u00e9taro.<\/p>\n<p>Durante la ceremonia de firma, el presidente nacional de la Canirac, <strong>Ignacio Alarc\u00f3n Rodr\u00edguez Pacheco<\/strong>, se\u00f1al\u00f3 la relevancia de esta alianza estrat\u00e9gica para impulsar a la gastronom\u00eda queretana, el desarrollo del sector restaurantero, as\u00ed como fomentar la profesionalizaci\u00f3n y capacitaci\u00f3n de los trabajadores del ramo.<\/p>\n<p>Adem\u00e1s de la firma del convenio, en el que participaron autoridades estatales, se realiz\u00f3 una degustaci\u00f3n de distintos platillos con cata de vinos regionales que sirvieron como muestra de los productos elaborados en el estado.<\/p>\n<p>&nbsp;<\/p>\n<blockquote>\n<p style=\"text-align: right;\">\u201c<strong>El<\/strong> <strong>\u00e1ngel de la fama tiene sus alas hechas de papel&#8230; peri\u00f3dico\u201d.<br \/>\n<\/strong><\/p>\n<\/blockquote>\n<p>&nbsp;<\/p>\n<p><em><span class=\"Apple-converted-space\"><a href=\"mailto:victoriagprado@gmail.com\" target=\"_blank\" rel=\"noopener noreferrer\">victoriagprado@gmail.com<\/a><br \/>\nX: <a href=\"https:\/\/twitter.com\/victoriagprado\" target=\"_blank\" rel=\"noopener noreferrer\">@victoriagprado<\/a><\/span><\/em><\/p>\n","protected":false},"excerpt":{"rendered":"<p>Volaris anuncia el lanzamiento de su nueva ruta Tulum-Guadalajara, a partir del 5 de diciembre y firma convenios de colaboraci\u00f3n con los gobiernos de Quintana Roo, Baja California y Nayarit, con el objetivo de fortalecer la conectividad del pa\u00eds y de contribuir al desarrollo econ\u00f3mico estatal, regional y nacional.<\/p>\n","protected":false},"author":3,"featured_media":617770,"comment_status":"open","ping_status":"open","sticky":false,"template":"","format":"standard","meta":{"_monsterinsights_skip_tracking":false,"_monsterinsights_sitenote_active":false,"_monsterinsights_sitenote_note":"","_monsterinsights_sitenote_category":0,"footnotes":""},"categories":[11],"tags":[107,43674,43681,106],"class_list":["post-617707","post","type-post","status-publish","format-standard","has-post-thumbnail","hentry","category-turismo","tag-de-cinco-estrellas","tag-opinion","tag-turismo","tag-victoria-gonzalez-prado"],"_links":{"self":[{"href":"https:\/\/www.diarioimagen.net\/index.php?rest_route=\/wp\/v2\/posts\/617707","targetHints":{"allow":["GET"]}}],"collection":[{"href":"https:\/\/www.diarioimagen.net\/index.php?rest_route=\/wp\/v2\/posts"}],"about":[{"href":"https:\/\/www.diarioimagen.net\/index.php?rest_route=\/wp\/v2\/types\/post"}],"author":[{"embeddable":true,"href":"https:\/\/www.diarioimagen.net\/index.php?rest_route=\/wp\/v2\/users\/3"}],"replies":[{"embeddable":true,"href":"https:\/\/www.diarioimagen.net\/index.php?rest_route=%2Fwp%2Fv2%2Fcomments&post=617707"}],"version-history":[{"count":0,"href":"https:\/\/www.diarioimagen.net\/index.php?rest_route=\/wp\/v2\/posts\/617707\/revisions"}],"wp:featuredmedia":[{"embeddable":true,"href":"https:\/\/www.diarioimagen.net\/index.php?rest_route=\/wp\/v2\/media\/617770"}],"wp:attachment":[{"href":"https:\/\/www.diarioimagen.net\/index.php?rest_route=%2Fwp%2Fv2%2Fmedia&parent=617707"}],"wp:term":[{"taxonomy":"category","embeddable":true,"href":"https:\/\/www.diarioimagen.net\/index.php?rest_route=%2Fwp%2Fv2%2Fcategories&post=617707"},{"taxonomy":"post_tag","embeddable":true,"href":"https:\/\/www.diarioimagen.net\/index.php?rest_route=%2Fwp%2Fv2%2Ftags&post=617707"}],"curies":[{"name":"wp","href":"https:\/\/api.w.org\/{rel}","templated":true}]}}