{"id":617811,"date":"2024-04-29T00:01:58","date_gmt":"2024-04-29T06:01:58","guid":{"rendered":"https:\/\/www.diarioimagen.net\/?p=617811"},"modified":"2024-04-30T02:02:12","modified_gmt":"2024-04-30T08:02:12","slug":"emiten-jueces-del-pjcdmx-5609-medidas-de-proteccion-a-mujeres-victimas-de-violencia","status":"publish","type":"post","link":"https:\/\/www.diarioimagen.net\/?p=617811","title":{"rendered":"Emiten jueces del PJCDMX 5,609 medidas de protecci\u00f3n a mujeres v\u00edctimas de violencia"},"content":{"rendered":"<p>&nbsp;<\/p>\n<ul>\n<li><strong><em>Esto, en el periodo del 1 de enero al 21 de abril pasados, inform\u00f3 el presidente del \u00f3rgano judicial, magistrado Rafael Guerra \u00c1lvarez, en el Informe Mensual de Resultados de la Alerta por Violencia contra las Mujeres, donde subray\u00f3 que no se volvi\u00f3 a negar una sola petici\u00f3n<\/em><\/strong><\/li>\n<\/ul>\n<p>&nbsp;<\/p>\n<div id=\"attachment_617928\" style=\"width: 470px\" class=\"wp-caption aligncenter\"><a href=\"https:\/\/www.diarioimagen.net\/?attachment_id=617928\" rel=\"attachment wp-att-617928\"><img loading=\"lazy\" decoding=\"async\" aria-describedby=\"caption-attachment-617928\" class=\"size-full wp-image-617928\" src=\"https:\/\/www.diarioimagen.net\/wp-content\/uploads\/2024\/04\/tribunal-11.jpg\" alt=\"\" width=\"460\" height=\"270\" \/><\/a><p id=\"caption-attachment-617928\" class=\"wp-caption-text\">Durante el Informe Mensual de Resultados de la Alerta por Violencia contra las Mujeres, el jefe de gobierno, Mart\u00ed Batres Guadarrama, reconoci\u00f3 la labor de los jueces del PJCDMX, que ha permito un incremento de 150 por ciento de las sentencias condenatorias por feminicidio.<\/p><\/div>\n<p>&nbsp;<\/p>\n<p>El presidente del Poder Judicial de la Ciudad de M\u00e9xico (PJCDMX), magistrado Rafael Guerra \u00c1lvarez, inform\u00f3 que entre el 1 de enero y el 21 de abril de este a\u00f1o, impartidores de justicia del \u00f3rgano judicial emitieron 5,609 medidas de protecci\u00f3n a favor de mujeres v\u00edctimas de violencia, y subray\u00f3 que la instituci\u00f3n se suma al compromiso de implementar acciones efectivas que las protejan y respalden. Para este periodo, dijo, no se volvi\u00f3 a negar una sola petici\u00f3n.<\/p>\n<p>En el Informe Mensual de Resultados de la Alerta por Violencia contra las Mujeres de la Ciudad de M\u00e9xico, el jefe de gobierno, Mart\u00ed Batres Guadarrama, reconoci\u00f3 la labor de los jueces del PJCDMX, que ha permito un incremento de 150 por ciento de las sentencias condenatorias por feminicidio. \u201cQuiero reconocer eso al Tribunal Superior de Justicia, su colaboraci\u00f3n, que siempre nos ha ayudado\u201d, expres\u00f3.<\/p>\n<p>Guerra \u00c1lvarez enfatiz\u00f3 que \u201cno podemos permitir\u201d que el miedo, la verg\u00fcenza o la falta de recursos impidan a las mujeres buscar ayuda, y precis\u00f3 que, de las 5,609 medidas de protecci\u00f3n otorgadas, 5,261 fueron al amparo de la Ley de Acceso de las Mujeres a una Vida Libre de Violencia local, y 348 del C\u00f3digo Nacional de Procedimientos Penales (CNPP).<\/p>\n<p>Respecto a las primeras, explic\u00f3 que las m\u00e1s recurrentes fueron la prohibici\u00f3n a la persona agresora de intimidar o molestar por s\u00ed, por cualquier medio a la mujer en situaci\u00f3n de violencia, y en su caso sus hijas e hijos u otras v\u00edctimas indirectas o testigos de los hechos, con 1,454; prohibici\u00f3n de acercarse o comunicarse con la v\u00edctima u ofendido, con 1,152, y prohibici\u00f3n para asistir o acercarse al domicilio de la v\u00edctima directa o indirecta, as\u00ed como acercarse a su lugar de trabajo, con 956.<\/p>\n<p>En cuanto a las otorgadas con base en el CNPP, las m\u00e1s emitidas fueron la prohibici\u00f3n de acercarse o comunicarse con la v\u00edctima u ofendido, con 163; limitaci\u00f3n para asistir o acercarse al domicilio de la v\u00edctima u ofendido o al lugar donde se encuentre, con 158, y separaci\u00f3n inmediata del domicilio, 27.<\/p>\n<p>\u201cEn este mes, que estamos pr\u00f3ximos a conmemorar el D\u00eda de la Ni\u00f1a y del Ni\u00f1o, reafirmamos nuestro compromiso como Poder Judicial de la Ciudad de M\u00e9xico para proteger y promover los derechos de las ni\u00f1as y de los ni\u00f1os, as\u00ed como para trabajar incansablemente en la prevenci\u00f3n de la violencia contra las mujeres y las ni\u00f1as.<\/p>\n<p>El magistrado tambi\u00e9n se\u00f1al\u00f3 que recientemente, en el marco del D\u00eda Internacional de la Mujer, el \u00f3rgano judicial present\u00f3 el <em>Manual para prevenir la violencia de g\u00e9nero del Poder Judicial de la Ciudad de M\u00e9xico<\/em>, y explic\u00f3 que se trata de un documento que permite identificar y reconocer situaciones de violencia o maltrato, de forma clara y con ejemplos.<\/p>\n<p>Por otra parte, el magistrado particip\u00f3 en los actos conmemorativos del 50 aniversario del ingreso de la primera generaci\u00f3n de la carrera de derecho a la entonces Escuela Nacional de Estudios Profesionales, hoy Facultad de Estudios Superiores, Acatl\u00e1n, de la Universidad Nacional Aut\u00f3noma de M\u00e9xico, primero en esa sede y luego en la Ciudad Judicial.<\/p>\n<p>Ante integrantes de aquella generaci\u00f3n, entre ellos los magistrados del \u00f3rgano judicial capitalino, Enrique S\u00e1nchez Sandoval, Jos\u00e9 Luis Zavaleta Robles y Rogelio Antol\u00edn Magos Morales, enfatiz\u00f3 que hoy, en el \u00e1mbito jur\u00eddico, se mantienen abiertas las puertas para los egresados de la m\u00e1xima casa de estudios, gracias a que ellos fueron los primeros en abrirlas.<\/p>\n<p>Al dirigirse a los abogados de esa primera generaci\u00f3n, en la Ciudad Judicial, Guerra \u00c1lvarez, afirm\u00f3 que M\u00e9xico triunf\u00f3 al integrarlos a la vida profesional con herramientas para enfrentar los desaf\u00edos del tiempo y conquistarlo. M\u00e9xico triunf\u00f3, agreg\u00f3, a trav\u00e9s de su Universidad Nacional en la tarea de sembrar las semillas que fueron cosechadas, que florecieron tan alto que hoy \u201cnos cobijamos bajo la sombra de un bosque humano lleno de talento infinito\u201d.<\/p>\n","protected":false},"excerpt":{"rendered":"<p>El presidente del Poder Judicial de la Ciudad de M\u00e9xico (PJCDMX), magistrado Rafael Guerra \u00c1lvarez, inform\u00f3 que entre el 1 de enero y el 21 de abril de este a\u00f1o, impartidores de justicia del \u00f3rgano judicial emitieron 5,609 medidas de protecci\u00f3n a favor de mujeres v\u00edctimas de violencia, y subray\u00f3 que la instituci\u00f3n se suma al compromiso de implementar acciones efectivas que las protejan y respalden. Para este periodo, dijo, no se volvi\u00f3 a negar una sola petici\u00f3n.<\/p>\n","protected":false},"author":3,"featured_media":617928,"comment_status":"open","ping_status":"open","sticky":false,"template":"","format":"standard","meta":{"_monsterinsights_skip_tracking":false,"_monsterinsights_sitenote_active":false,"_monsterinsights_sitenote_note":"","_monsterinsights_sitenote_category":0,"footnotes":""},"categories":[6],"tags":[63178,87379,79994,5499],"class_list":["post-617811","post","type-post","status-publish","format-standard","has-post-thumbnail","hentry","category-cd-de-mexico","tag-medidas","tag-pjcdmx","tag-rafael-guerra-alvarez","tag-victimas"],"_links":{"self":[{"href":"https:\/\/www.diarioimagen.net\/index.php?rest_route=\/wp\/v2\/posts\/617811","targetHints":{"allow":["GET"]}}],"collection":[{"href":"https:\/\/www.diarioimagen.net\/index.php?rest_route=\/wp\/v2\/posts"}],"about":[{"href":"https:\/\/www.diarioimagen.net\/index.php?rest_route=\/wp\/v2\/types\/post"}],"author":[{"embeddable":true,"href":"https:\/\/www.diarioimagen.net\/index.php?rest_route=\/wp\/v2\/users\/3"}],"replies":[{"embeddable":true,"href":"https:\/\/www.diarioimagen.net\/index.php?rest_route=%2Fwp%2Fv2%2Fcomments&post=617811"}],"version-history":[{"count":0,"href":"https:\/\/www.diarioimagen.net\/index.php?rest_route=\/wp\/v2\/posts\/617811\/revisions"}],"wp:featuredmedia":[{"embeddable":true,"href":"https:\/\/www.diarioimagen.net\/index.php?rest_route=\/wp\/v2\/media\/617928"}],"wp:attachment":[{"href":"https:\/\/www.diarioimagen.net\/index.php?rest_route=%2Fwp%2Fv2%2Fmedia&parent=617811"}],"wp:term":[{"taxonomy":"category","embeddable":true,"href":"https:\/\/www.diarioimagen.net\/index.php?rest_route=%2Fwp%2Fv2%2Fcategories&post=617811"},{"taxonomy":"post_tag","embeddable":true,"href":"https:\/\/www.diarioimagen.net\/index.php?rest_route=%2Fwp%2Fv2%2Ftags&post=617811"}],"curies":[{"name":"wp","href":"https:\/\/api.w.org\/{rel}","templated":true}]}}