{"id":617817,"date":"2024-04-27T00:07:47","date_gmt":"2024-04-27T06:07:47","guid":{"rendered":"https:\/\/www.diarioimagen.net\/?p=617817"},"modified":"2024-04-30T02:02:52","modified_gmt":"2024-04-30T08:02:52","slug":"facultad-de-derecho-de-la-uaemex-referente-de-calidad-educativa-a-nivel-nacional-e-internacional-cebd","status":"publish","type":"post","link":"https:\/\/www.diarioimagen.net\/?p=617817","title":{"rendered":"Facultad de Derecho de la UAEM\u00e9x, referente de calidad educativa a nivel nacional e internacional: CEBD"},"content":{"rendered":"<p>&nbsp;<\/p>\n<ul>\n<li><strong><em>En el marco del primer informe anual de actividades de la directora de la Facultad de Derecho, Mar\u00eda Jos\u00e9 Bern\u00e1ldez Aguilar, el rector Carlos Eduardo Barrera D\u00edaz entreg\u00f3 un sistema de captaci\u00f3n de agua pluvial, un Laboratorio Digital de Idiomas, la remodelaci\u00f3n del Edificio \u201cC\u201d y seis cub\u00edculos en la Biblioteca<\/em><\/strong><\/li>\n<\/ul>\n<p><strong>\u00a0<\/strong><\/p>\n<div id=\"attachment_617888\" style=\"width: 470px\" class=\"wp-caption aligncenter\"><a href=\"https:\/\/www.diarioimagen.net\/?attachment_id=617888\" rel=\"attachment wp-att-617888\"><img loading=\"lazy\" decoding=\"async\" aria-describedby=\"caption-attachment-617888\" class=\"size-full wp-image-617888\" src=\"https:\/\/www.diarioimagen.net\/wp-content\/uploads\/2024\/04\/uaem-facultad-de-derecho.jpg\" alt=\"\" width=\"460\" height=\"270\" \/><\/a><p id=\"caption-attachment-617888\" class=\"wp-caption-text\">El rector Carlos Eduardo Barrera D\u00edaz destac\u00f3 que la Licenciatura en Derecho fue reconocida por el ranking Quacquarelli Symonds (QS) y el peri\u00f3dico Reforma.<\/p><\/div>\n<p>&nbsp;<\/p>\n<p><strong>Toluca, Estado de M\u00e9xico.<\/strong>\u2014 Por sus excelentes resultados a nivel nacional e internacional, la Facultad de Derecho de la Universidad Aut\u00f3noma del Estado de M\u00e9xico (UAEM\u00e9x) es referente de calidad educativa entre las instituciones de educaci\u00f3n superior p\u00fablicas y privadas de M\u00e9xico, resalt\u00f3 el rector Carlos Eduardo Barrera D\u00edaz, al encabezar la lectura del primer informe anual de actividades de la directora de ese espacio universitario, Mar\u00eda Jos\u00e9 Bern\u00e1ldez Aguilar.<\/p>\n<p>Previo a este acto de rendici\u00f3n de cuentas, Barrera D\u00edaz entreg\u00f3, como parte de las iniciativas para generar una Universidad Verde, un sistema de captaci\u00f3n de agua pluvial, el cual consta de una cisterna y un tanque de recolecci\u00f3n de agua, de 27 mil y 10 mil litros, respectivamente, que se suman a los 10 paneles solares de este espacio universitario; adem\u00e1s, entreg\u00f3 20 equipos de c\u00f3mputo para el Laboratorio Digital de Idiomas; la remodelaci\u00f3n del Edificio \u201cC\u201d, con seis aulas equipadas con 180 pupitres, y seis cub\u00edculos de la biblioteca, en beneficio de la comunidad docente y universitaria de este espacio acad\u00e9mico.<\/p>\n<p>En este marco, el rector de la Aut\u00f3noma mexiquense reconoci\u00f3 a la Licenciatura en Derecho, por la certificaci\u00f3n internacional otorgada en 2023 por Quacquarelli Symonds (QS), que la nombr\u00f3 como la cuarta mejor facultad de la Rep\u00fablica Mexicana en este campo de estudio. Asimismo, se reconoci\u00f3 a este espacio universitario por obtener el segundo lugar en el ranking del peri\u00f3dico Reforma, ubic\u00e1ndose por encima de la Universidad Nacional Aut\u00f3noma de M\u00e9xico (UNAM).<\/p>\n<p>En este sentido, Barrera D\u00edaz subray\u00f3 la importancia del nuevo programa del Doctorado en Derecho, Seguridad y Bienestar Humano, que contar\u00e1 con la participaci\u00f3n de la Universidad de Antioqu\u00eda y la London School of Economics, lo cual refleja un compromiso puntual con la generaci\u00f3n de conocimiento, a trav\u00e9s del enriquecimiento de las ofertas educativas dentro de la UAEM\u00e9x.<\/p>\n<p>Mar\u00eda Jos\u00e9 Bern\u00e1ldez Aguilar inform\u00f3 que la Facultad de Derecho cuenta con una matr\u00edcula de tres mil tres estudiantes, de los cuales 2 mil 731 pertenecen a la Licenciatura en Derecho, mientras que 272 estudian la Licenciatura en Medios Alternos de Soluci\u00f3n de Conflictos; adem\u00e1s, resalt\u00f3 que la comunidad est\u00e1 representada en 63 por ciento por mujeres y 37 por ciento por hombres.<\/p>\n<p>Con respecto a la comunidad egresada, apunt\u00f3, 536 personas obtuvieron su t\u00edtulo profesional, siendo la modalidad de examen EGEL la m\u00e1s popular, con un total de 246 personas tituladas, siendo 100 por ciento de ellas aprobadas, de las cuales, 39 por ciento obtuvo un desempe\u00f1o sobresaliente, siendo algunas de ellas reconocidas por el CENEVAL.<\/p>\n<p>Las y los docentes, destac\u00f3, fueron capacitados en la ense\u00f1anza con tecnolog\u00eda, competencias did\u00e1cticas y digitales, as\u00ed como habilidades espec\u00edficas de su disciplina; adem\u00e1s, 11 profesores y profesoras de tiempo completo de este espacio acad\u00e9mico forman parte del Sistema Nacional de Investigadoras e Investigadores (SNII).<\/p>\n<p>Al acto tambi\u00e9n asistieron el Consejero Jur\u00eddico de Gobierno del Estado de M\u00e9xico; el presidente municipal de Toluca; la presidenta de la Comisi\u00f3n de Derechos Humanos del Estado de M\u00e9xico (CODHEM), Myrna Araceli Garc\u00eda Mor\u00f3n; el director General de la Escuela Judicial del Estado de M\u00e9xico, Jaime L\u00f3pez Reyes; las secretarias de Administraci\u00f3n, Er\u00e9ndira Fierro Moreno, y de Planeaci\u00f3n y Desarrollo Institucional, Mar\u00eda Esther Aurora Contreras Lara Vega; ex rectores y ex directores de la Facultad, integrantes del Colegio de Directores y del Gabinete Universitario; y comunidad universitaria.<\/p>\n","protected":false},"excerpt":{"rendered":"<p>Por sus excelentes resultados a nivel nacional e internacional, la Facultad de Derecho de la Universidad Aut\u00f3noma del Estado de M\u00e9xico (UAEM\u00e9x) es referente de calidad educativa entre las instituciones de educaci\u00f3n superior p\u00fablicas y privadas de M\u00e9xico, resalt\u00f3 el rector Carlos Eduardo Barrera D\u00edaz, al encabezar la lectura del primer informe anual de actividades de la directora de ese espacio universitario, Mar\u00eda Jos\u00e9 Bern\u00e1ldez Aguilar.<\/p>\n","protected":false},"author":3,"featured_media":617888,"comment_status":"open","ping_status":"open","sticky":false,"template":"","format":"standard","meta":{"_monsterinsights_skip_tracking":false,"_monsterinsights_sitenote_active":false,"_monsterinsights_sitenote_note":"","_monsterinsights_sitenote_category":0,"footnotes":""},"categories":[5],"tags":[99874,94121,67878],"class_list":["post-617817","post","type-post","status-publish","format-standard","has-post-thumbnail","hentry","category-estado-de-mexico","tag-carlos-eduardo-barrera-diazm","tag-cebd","tag-uaemex"],"_links":{"self":[{"href":"https:\/\/www.diarioimagen.net\/index.php?rest_route=\/wp\/v2\/posts\/617817","targetHints":{"allow":["GET"]}}],"collection":[{"href":"https:\/\/www.diarioimagen.net\/index.php?rest_route=\/wp\/v2\/posts"}],"about":[{"href":"https:\/\/www.diarioimagen.net\/index.php?rest_route=\/wp\/v2\/types\/post"}],"author":[{"embeddable":true,"href":"https:\/\/www.diarioimagen.net\/index.php?rest_route=\/wp\/v2\/users\/3"}],"replies":[{"embeddable":true,"href":"https:\/\/www.diarioimagen.net\/index.php?rest_route=%2Fwp%2Fv2%2Fcomments&post=617817"}],"version-history":[{"count":0,"href":"https:\/\/www.diarioimagen.net\/index.php?rest_route=\/wp\/v2\/posts\/617817\/revisions"}],"wp:featuredmedia":[{"embeddable":true,"href":"https:\/\/www.diarioimagen.net\/index.php?rest_route=\/wp\/v2\/media\/617888"}],"wp:attachment":[{"href":"https:\/\/www.diarioimagen.net\/index.php?rest_route=%2Fwp%2Fv2%2Fmedia&parent=617817"}],"wp:term":[{"taxonomy":"category","embeddable":true,"href":"https:\/\/www.diarioimagen.net\/index.php?rest_route=%2Fwp%2Fv2%2Fcategories&post=617817"},{"taxonomy":"post_tag","embeddable":true,"href":"https:\/\/www.diarioimagen.net\/index.php?rest_route=%2Fwp%2Fv2%2Ftags&post=617817"}],"curies":[{"name":"wp","href":"https:\/\/api.w.org\/{rel}","templated":true}]}}