{"id":617833,"date":"2024-04-27T00:04:42","date_gmt":"2024-04-27T06:04:42","guid":{"rendered":"https:\/\/www.diarioimagen.net\/?p=617833"},"modified":"2024-04-29T00:58:50","modified_gmt":"2024-04-29T06:58:50","slug":"ni-con-guerra-sucia-nos-ganaran-dice-raciel-perez-cruz","status":"publish","type":"post","link":"https:\/\/www.diarioimagen.net\/?p=617833","title":{"rendered":"Ni con \u201cguerra sucia\u201d nos ganar\u00e1n, dice Raciel P\u00e9rez Cruz"},"content":{"rendered":"<p>&nbsp;<\/p>\n<p><a href=\"https:\/\/www.diarioimagen.net\/?attachment_id=617900\" rel=\"attachment wp-att-617900\"><img loading=\"lazy\" decoding=\"async\" class=\"aligncenter size-full wp-image-617900\" src=\"https:\/\/www.diarioimagen.net\/wp-content\/uploads\/2024\/04\/ni-con-guerra-sucia.jpg\" alt=\"\" width=\"460\" height=\"270\" \/><\/a><\/p>\n<p>&nbsp;<\/p>\n<p><strong>Tlalnepantla, Estado de M\u00e9xico.\u2014<\/strong> \u201cNo tengo la menor duda de que habr\u00e1 una \u201cguerra sucia\u201d en nuestra contra. Me inventar\u00e1n enriquecimiento il\u00edcito, me atacar\u00e1n por todos lados, pero no podr\u00e1n detener el avance de Morena y llegaremos, una vez m\u00e1s, a la presidencia municipal\u201d.<\/p>\n<p>As\u00ed lo expres\u00f3 Raciel P\u00e9rez Cruz, aspirante de ese instituto pol\u00edtico al presentar a la planilla que lo acompa\u00f1ar\u00e1 en esa inspiraci\u00f3n y en la cual, agradeci\u00f3 al ex diputado del PAN, Adri\u00e1n Ju\u00e1rez Jim\u00e9nez, quien recientemente present\u00f3 su renuncia para sumarse (como ciudadano) en busca de la alcald\u00eda.<\/p>\n<p>P\u00e9rez Cru se comprometi\u00f3 a seguir los preceptos de no robar, no mentir y no enga\u00f1ar al tiempo de expresar que \u201cMorena es la primera fuerza pol\u00edtica en el pa\u00eds y Tlalnepantla no es la excepci\u00f3n\u201d.<\/p>\n","protected":false},"excerpt":{"rendered":"<p>\u201cNo tengo la menor duda de que habr\u00e1 una \u201cguerra sucia\u201d en nuestra contra. Me inventar\u00e1n enriquecimiento il\u00edcito, me atacar\u00e1n por todos lados, pero no podr\u00e1n detener el avance de Morena y llegaremos, una vez m\u00e1s, a la presidencia municipal\u201d.<\/p>\n","protected":false},"author":3,"featured_media":617900,"comment_status":"open","ping_status":"open","sticky":false,"template":"","format":"standard","meta":{"_monsterinsights_skip_tracking":false,"_monsterinsights_sitenote_active":false,"_monsterinsights_sitenote_note":"","_monsterinsights_sitenote_category":0,"footnotes":""},"categories":[5],"tags":[70643,81517],"class_list":["post-617833","post","type-post","status-publish","format-standard","has-post-thumbnail","hentry","category-estado-de-mexico","tag-guerra-sucia","tag-raciel-perez-cruz"],"_links":{"self":[{"href":"https:\/\/www.diarioimagen.net\/index.php?rest_route=\/wp\/v2\/posts\/617833","targetHints":{"allow":["GET"]}}],"collection":[{"href":"https:\/\/www.diarioimagen.net\/index.php?rest_route=\/wp\/v2\/posts"}],"about":[{"href":"https:\/\/www.diarioimagen.net\/index.php?rest_route=\/wp\/v2\/types\/post"}],"author":[{"embeddable":true,"href":"https:\/\/www.diarioimagen.net\/index.php?rest_route=\/wp\/v2\/users\/3"}],"replies":[{"embeddable":true,"href":"https:\/\/www.diarioimagen.net\/index.php?rest_route=%2Fwp%2Fv2%2Fcomments&post=617833"}],"version-history":[{"count":0,"href":"https:\/\/www.diarioimagen.net\/index.php?rest_route=\/wp\/v2\/posts\/617833\/revisions"}],"wp:featuredmedia":[{"embeddable":true,"href":"https:\/\/www.diarioimagen.net\/index.php?rest_route=\/wp\/v2\/media\/617900"}],"wp:attachment":[{"href":"https:\/\/www.diarioimagen.net\/index.php?rest_route=%2Fwp%2Fv2%2Fmedia&parent=617833"}],"wp:term":[{"taxonomy":"category","embeddable":true,"href":"https:\/\/www.diarioimagen.net\/index.php?rest_route=%2Fwp%2Fv2%2Fcategories&post=617833"},{"taxonomy":"post_tag","embeddable":true,"href":"https:\/\/www.diarioimagen.net\/index.php?rest_route=%2Fwp%2Fv2%2Ftags&post=617833"}],"curies":[{"name":"wp","href":"https:\/\/api.w.org\/{rel}","templated":true}]}}