{"id":617883,"date":"2024-04-29T00:01:28","date_gmt":"2024-04-29T06:01:28","guid":{"rendered":"https:\/\/www.diarioimagen.net\/?p=617883"},"modified":"2024-04-29T00:54:42","modified_gmt":"2024-04-29T06:54:42","slug":"la-afeet-recibe-a-operadora-congierge-con-su-oferta-para-viajar-a-british-columbia","status":"publish","type":"post","link":"https:\/\/www.diarioimagen.net\/?p=617883","title":{"rendered":"La AFEET recibe a Operadora <em>Congierge<\/em> con su oferta para viajar a <em>British Columbia<\/em>"},"content":{"rendered":"<h2>De cinco estrellas<\/h2>\n<h5>Victoria Gonz\u00e1lez Prado<\/h5>\n<p>&nbsp;<\/p>\n<ul>\n<li><strong><em>Nuevo vuelo ch\u00e1rter de Praga a Puerto Vallarta, operado por Grupo <\/em>DER Touristikde<\/strong><\/li>\n<\/ul>\n<p>&nbsp;<\/p>\n<div id=\"attachment_617892\" style=\"width: 470px\" class=\"wp-caption aligncenter\"><a href=\"https:\/\/www.diarioimagen.net\/?attachment_id=617892\" rel=\"attachment wp-att-617892\"><img loading=\"lazy\" decoding=\"async\" aria-describedby=\"caption-attachment-617892\" class=\"size-full wp-image-617892\" src=\"https:\/\/www.diarioimagen.net\/wp-content\/uploads\/2024\/04\/turismo-estrellas-9.jpg\" alt=\"\" width=\"460\" height=\"270\" \/><\/a><p id=\"caption-attachment-617892\" class=\"wp-caption-text\">Los anfitriones de la tercera junta reglamentaria de la AFEET.<\/p><\/div>\n<p>&nbsp;<\/p>\n<p>La Asociaci\u00f3n Femenil de Ejecutivas de Empresas Tur\u00edsticas de la Rep\u00fablica Mexicana (AFEET), agrupaci\u00f3n presidida por <strong>Karin Baldamus<\/strong>, celebr\u00f3 su tercera junta reglamentaria en este a\u00f1o 2024.<\/p>\n<p>Para la ocasi\u00f3n se cont\u00f3 con la participaci\u00f3n de <strong>Jorge Alberto Cruz<\/strong>, director de Operadora <em>Concierge<\/em>; <strong>Magda Bermea<\/strong>, <em>Trade and PR Representative<\/em> de <em>Destination British Columbia<\/em> en M\u00e9xico; <strong>Fernando Santib\u00e1\u00f1ez<\/strong>, representante de Vancouver y Whistler; <strong>Esdras Pahi<\/strong>, director de Consultoria Integral y <strong>Lucy Moyano<\/strong>, de la Universidad An\u00e1huac.<\/p>\n<p>Al hacer uso de la palabra, <strong>Jorge Alberto Cruz<\/strong> se\u00f1al\u00f3: \u201ces un honor poder presentar esta colaboraci\u00f3n frente a las integrantes de la AFEET que son profesionales a las cuales admiro mucho. En Operadora <em>Concierge<\/em> tenemos los mejores servicios para ofrecer a sus clientes que viajan a British Columbia un destino importante y espectacular.<\/p>\n<p>Asimismo dio a conocer la colaboraci\u00f3n que se realiza con <em>Destination British Columbia<\/em> con la intenci\u00f3n de impulsar ese destino y para ello, se dio a conocer el nuevo cat\u00e1logo que ofrece distintos <em>tours <\/em>en Vancouver, Wistler y Victoria, las tres regiones conocidas como \u201cEl Tri\u00e1ngulo Dorado\u201d, experiencias que incluyen alojamientos de lujo, conexiones entre ciudades y servicios <em>premium, <\/em>enfocado para que los profesionales del turismo ofrezcan itinerarios especiales a los viajeros.<\/p>\n<p>Aseguraron que esos destinos pueden visitarse en cualquier temporada ya que en cada estaci\u00f3n hay diversidad de atractivos y el cat\u00e1logo brinda lujo, temporalidad, renta de autos, clima y las distintas rutas desde M\u00e9xico.<\/p>\n<p>El director de la operadora destac\u00f3 que cuentan con <em>tours <\/em>locales, circuitos y en grupo por British Columbia, as\u00ed como extensiones para que los viajeros lleguen a otras regiones de Canad\u00e1 como Alberta y Yuk\u00f3n.<\/p>\n<p>\u201cOperadora Concierge est\u00e1 buscando afianzar su producto en Canad\u00e1 a trav\u00e9s de esta regi\u00f3n que es una de las m\u00e1s importantes de dicho pa\u00eds y antes de concluir agradeci\u00f3 el espacio y pidi\u00f3 que todas las agencias que pertenecen a la AFEET busquen reservar con nosotros\u201d, dijo <strong>Cruz<\/strong>.<\/p>\n<p>En su oportunidad <strong>Magda Bermea <\/strong>indic\u00f3 que el mercado mexicano es uno de los principales visitantes al registrar, en el \u00faltimo a\u00f1o, que los mexicanos \u201cson quienes m\u00e1s visitan British Columbia\u201d.<\/p>\n<p>Al referirse a la implementaci\u00f3n de la visa canadiense \u201cesper\u00e1bamos que se redujeran las visitas, sin embargo pronosticamos\u00a0 que no habr\u00e1 una afectaci\u00f3n grave y solo tendremos un 12 por ciento en la reducci\u00f3n de llegadas de turistas provenientes de nuestro pa\u00eds\u201d, aclar\u00f3 <strong>Bermea<\/strong>.<\/p>\n<p>De igual forma destac\u00f3 los innumerables atractivos de British Columbia al aire libre como senderismo, en el bosque, avistamiento de ballenas, turismo de aventura, esqu\u00ed y snowboard.<\/p>\n<p><strong>Magda<\/strong>, se refiri\u00f3 tambi\u00e9n a la gastronom\u00eda que ha sido multipremiada con Estrellas Michelin.<\/p>\n<p>Por su parte, <strong>Fernando Santib\u00e1\u00f1ez<\/strong> se refiri\u00f3 a Vancouver que es conocida como \u201cla mejor ciudad de las Am\u00e9ricas\u201d ofrece como paisajes sus majestuosas monta\u00f1as y c\u00e1lidas playas. La ciudad cuenta con un acuario, el Museo de Antropolog\u00eda, barrios de \u00faltima moda, restaurantes y bares, donde se puede experimentar la gastronom\u00eda de la zona.<\/p>\n<p>\u201cVictoria, la capital de esa regi\u00f3n, es el lugar ideal para la vida natural. Aqu\u00ed puedes experimentar en balsas, la observaci\u00f3n de orcas, visitar los Jardines <em>Butchart<\/em>, caminar entre bodegas de vinos, o conocer los tesoros de la Gran Breta\u00f1a y la cultura aborigen\u201d.<\/p>\n<p>Sobre Whistler, <strong>Sant\u00edba\u00f1ez<\/strong> asever\u00f3 que es el lugar mundialmente conocido por ser anfitriona de los Juegos Ol\u00edmpicos y Paral\u00edmpicos Invernales de 2010. \u201cAqu\u00ed es muy f\u00e1cil practicar esqu\u00ed y <em>snowboard.<\/em> Esta zona es el escenario perfecto para que las personas vivan emociones en la nieve conociendo las veredas, caminando entre los bosques antiguos, dirigiendo un trineo de perros o reservando una tarde en el spa\u201d.<\/p>\n<p>Coment\u00f3 tambi\u00e9n que hay m\u00e1s de 250 hoteles en Vancouver, 70 en Whistler y 50 en Victoria.<\/p>\n<p>Antes de concluir la reuni\u00f3n <strong>Esdras Pahi<\/strong>, habl\u00f3 brevemente del Distintivo M, Moderniza, que durante la pandemia no se actualiz\u00f3 y record\u00f3 es un sistema de gesti\u00f3n para el Mejoramiento de la Calidad, a trav\u00e9s del cual las empresas tur\u00edsticas podr\u00e1n estimular a sus colaboradores e incrementar sus \u00edndices de rentabilidad y competitividad, con base en una forma moderna de dirigir y administrar una empresa tur\u00edstica que le permitir\u00e1 satisfacer las expectativas de sus clientes.<\/p>\n<p>Ahora, se est\u00e1n buscando estrategias distintas para volver a implementarlo con las nuevas experiencias y los cambios generados despu\u00e9s de la pandemia.<\/p>\n<p>Tambi\u00e9n <strong>Lucy Moyano<\/strong> record\u00f3 que el Congreso Internacional de la AFEET se realizar\u00e1 en la Facultad de Turismo y Gastronom\u00eda en las instalaciones de la Universidad An\u00e1huac.<\/p>\n<p><strong>Blanca Herrera<\/strong>, habl\u00f3 de la nueva p\u00e1gina web de la AFEET en la que estar\u00e1n las 11 filiales adem\u00e1s de la nacional y que estar\u00e1 lista el pr\u00f3ximo 30 de abril.<\/p>\n<p><strong>Claudia Gonz\u00e1lez<\/strong>, se refiri\u00f3 al programa \u201cQui\u00e9n es Qui\u00e9n\u201d que pretende hacer negocios entre las socias y se lanzar\u00e1 en mayo pr\u00f3ximo donde adem\u00e1s, se aprovechar\u00e1 la oportunidad para festejar a grandes mujeres l\u00edderes y trabajar con ellas.<\/p>\n<p>\u2730\u2730\u2730\u2730\u2730 A partir de octubre pr\u00f3ximo Puerto Vallarta contar\u00e1 con un nuevo vuelo de temporada, de octubre de 2024 a abril de 2025, directo desde la capital de la Rep\u00fablica Checa.<\/p>\n<p>Ser\u00e1 un vuelo ch\u00e1rter que llegar\u00e1 desde Praga operado por la empresa <em>DER Touristik.<\/em><\/p>\n<p>La aerol\u00ednea alemana atender\u00e1 clientes provenientes de las tres principales ciudades de Rep\u00fablica Checa: Praga, Brno y Ostrava y, se espera atraer pasajeros de pa\u00edses vecinos como Alemania, Polonia, Eslovaquia y Austria.<\/p>\n<p>En convenio con la tour operadora trabajar\u00e1n 13 hoteles de Puerto Vallarta y uno de Nayarit: <em>Vamar, The Westin Resort &amp; Spa, Sheraton Buganvilias Resort &amp; Convention Center, Buenaventura, Hacienda Buenaventura, Krystal Puerto Vallarta, Sunscape, Dreams<\/em> y <em>Secrets Puerto<\/em> Vallarta, Plaza Pel\u00edcanos, Canto del Sol, Delf\u00edn, <em>Crown Paradise <\/em>y <em>Krystal Grand Nuevo Vallarta.<\/em><\/p>\n<p><strong>Vanessa P\u00e9rez Lamas<\/strong>, secretaria de Turismo de Jalisco, asegur\u00f3 que el avi\u00f3n tiene capacidad para 432 pasajeros, por lo que a lo largo de seis meses de operaci\u00f3n se espera a m\u00e1s de 10 mil turistas europeos, no s\u00f3lo de Rep\u00fablica Checa, tambi\u00e9n de Alemania, Austria, Polonia, entre otros pa\u00edses.<\/p>\n<p>Por su parte, <strong>Luis Villase\u00f1or<\/strong>, director del Fideicomiso de Turismo de la ciudad dijo: \u201cbajo el nuevo esquema en alianza con el sector hotelero, se abre un nuevo mercado para Puerto Vallarta, adem\u00e1s de potenciales visitantes para Tequila y Guadalajara.<\/p>\n<p>\u201dPuerto Vallarta suma una nueva conectividad desde Europa, ahora con la llegada de visitantes checos que buscan sumergirse en la cultura, la naturaleza y en nuestras bellas playas ba\u00f1adas de mucho sol\u201d.<\/p>\n<p><strong>Cryshtian Jos\u00e9 Amador Lizardi<\/strong>, director del Aeropuerto de Puerto Vallarta, destac\u00f3 que la terminal a\u00e9rea contin\u00faa modernizando su infraestructura para atender la creciente demanda de pasajeros. \u201cNos estamos preparando para atender el crecimiento derivado de la vinculaci\u00f3n entre influyentes destinos internacionales y nuestra ciudad. Durante el 2023, m\u00e1s de 6.7 millones de pasajeros transitaron por nuestro aeropuerto; tan solo en el primer trimestre del 2024 contamos con un tr\u00e1fico de 2.1 millones de pasajeros, lo que representa un crecimiento de 5 por ciento respecto al mismo periodo del 2023\u201d.<\/p>\n<p>En rueda de prensa celebrada en Praga, se anunciaron los planes para la pr\u00f3xima temporada oto\u00f1o-invierno y se dijo que se ha demostrado que los vuelos directos aumentan significativamente el atractivo de los destinos ex\u00f3ticos. Los vuelos del <em>Airbus A350 <\/em>se llenaron en un 95 por ciento\u201d.<\/p>\n<p>En general, este a\u00f1o se han duplicado los destinos ex\u00f3ticos, por lo que a partir de oto\u00f1o ampliaremos nuestra oferta con vuelos directos a M\u00e9xico, Kenia, Bahr\u00e9in y un nuevo destino en Cuba\u201d, declar\u00f3 <strong>Ji\u0159\u00ed Jel\u00ednek,<\/strong> director de <em>DER Touristik<\/em> para Europa del Este.<\/p>\n<p>&nbsp;<\/p>\n<blockquote>\n<p style=\"text-align: right;\">\u201c<strong>El<\/strong> <strong>\u00e1ngel de la fama tiene sus alas hechas de papel&#8230; peri\u00f3dico\u201d.<br \/>\n<\/strong><\/p>\n<\/blockquote>\n<p>&nbsp;<\/p>\n<p><em><span class=\"Apple-converted-space\"><a href=\"mailto:victoriagprado@gmail.com\" target=\"_blank\" rel=\"noopener noreferrer\">victoriagprado@gmail.com<\/a><br \/>\nX: <a href=\"https:\/\/twitter.com\/victoriagprado\" target=\"_blank\" rel=\"noopener noreferrer\">@victoriagprado<\/a><\/span><\/em><\/p>\n","protected":false},"excerpt":{"rendered":"<p>La Asociaci\u00f3n Femenil de Ejecutivas de Empresas Tur\u00edsticas de la Rep\u00fablica Mexicana (AFEET), agrupaci\u00f3n presidida por <strong>Karin Baldamus<\/strong>, celebr\u00f3 su tercera junta reglamentaria en este a\u00f1o 2024.<\/p>\n","protected":false},"author":3,"featured_media":617892,"comment_status":"open","ping_status":"open","sticky":false,"template":"","format":"standard","meta":{"_monsterinsights_skip_tracking":false,"_monsterinsights_sitenote_active":false,"_monsterinsights_sitenote_note":"","_monsterinsights_sitenote_category":0,"footnotes":""},"categories":[11],"tags":[107,43674,43681,106],"class_list":["post-617883","post","type-post","status-publish","format-standard","has-post-thumbnail","hentry","category-turismo","tag-de-cinco-estrellas","tag-opinion","tag-turismo","tag-victoria-gonzalez-prado"],"_links":{"self":[{"href":"https:\/\/www.diarioimagen.net\/index.php?rest_route=\/wp\/v2\/posts\/617883","targetHints":{"allow":["GET"]}}],"collection":[{"href":"https:\/\/www.diarioimagen.net\/index.php?rest_route=\/wp\/v2\/posts"}],"about":[{"href":"https:\/\/www.diarioimagen.net\/index.php?rest_route=\/wp\/v2\/types\/post"}],"author":[{"embeddable":true,"href":"https:\/\/www.diarioimagen.net\/index.php?rest_route=\/wp\/v2\/users\/3"}],"replies":[{"embeddable":true,"href":"https:\/\/www.diarioimagen.net\/index.php?rest_route=%2Fwp%2Fv2%2Fcomments&post=617883"}],"version-history":[{"count":0,"href":"https:\/\/www.diarioimagen.net\/index.php?rest_route=\/wp\/v2\/posts\/617883\/revisions"}],"wp:featuredmedia":[{"embeddable":true,"href":"https:\/\/www.diarioimagen.net\/index.php?rest_route=\/wp\/v2\/media\/617892"}],"wp:attachment":[{"href":"https:\/\/www.diarioimagen.net\/index.php?rest_route=%2Fwp%2Fv2%2Fmedia&parent=617883"}],"wp:term":[{"taxonomy":"category","embeddable":true,"href":"https:\/\/www.diarioimagen.net\/index.php?rest_route=%2Fwp%2Fv2%2Fcategories&post=617883"},{"taxonomy":"post_tag","embeddable":true,"href":"https:\/\/www.diarioimagen.net\/index.php?rest_route=%2Fwp%2Fv2%2Ftags&post=617883"}],"curies":[{"name":"wp","href":"https:\/\/api.w.org\/{rel}","templated":true}]}}