{"id":617969,"date":"2024-04-30T00:03:55","date_gmt":"2024-04-30T06:03:55","guid":{"rendered":"https:\/\/www.diarioimagen.net\/?p=617969"},"modified":"2024-04-30T02:29:32","modified_gmt":"2024-04-30T08:29:32","slug":"acusan-que-del-mazo-metio-la-mano-en-la-candidatura-local-del-distrito-32","status":"publish","type":"post","link":"https:\/\/www.diarioimagen.net\/?p=617969","title":{"rendered":"Acusan que Del Mazo meti\u00f3 la mano en la candidatura local del Distrito 32"},"content":{"rendered":"<p>&nbsp;<\/p>\n<ul>\n<li><em><strong>Imposici\u00f3n de El\u00edas Rescala<\/strong><\/em><\/li>\n<\/ul>\n<p>&nbsp;<\/p>\n<div id=\"attachment_618063\" style=\"width: 470px\" class=\"wp-caption aligncenter\"><a href=\"https:\/\/www.diarioimagen.net\/?attachment_id=618063\" rel=\"attachment wp-att-618063\"><img loading=\"lazy\" decoding=\"async\" aria-describedby=\"caption-attachment-618063\" class=\"size-full wp-image-618063\" src=\"https:\/\/www.diarioimagen.net\/wp-content\/uploads\/2024\/04\/acusan-que-del-mazo.jpg\" alt=\"\" width=\"460\" height=\"270\" \/><\/a><p id=\"caption-attachment-618063\" class=\"wp-caption-text\">Los priistas naucalpenses se manifestaron contra la designaci\u00f3n de candidatura para beneficios personales y familiares.<\/p><\/div>\n<p>&nbsp;<\/p>\n<p><strong>Naucalpan, Estado de M\u00e9xico.\u2014<\/strong>\u00a0 La acusaci\u00f3n es directa: \u201cEl ex gobernador Alfredo Del Mazo movi\u00f3 la poca influencia que le queda para que el PRI impusiera a El\u00edas Rescala, c\u00f3mo candidato a diputado al Distrito 32, pese a no vivir y desconocer Naucalpan. Debi\u00f3 mandarlo a competir por Morena, partido al que entreg\u00f3 el poder en el Estado de M\u00e9xico\u201d.<\/p>\n<p>As\u00ed lo expusieron consejeros pol\u00edticos y l\u00edderes sociales de ese instituto pol\u00edtico, en voz de Juan Manuel Rosales, Julio Hern\u00e1ndez Ruiz y Josefina Campos, quienes, destacaron que \u201choy est\u00e1 en manos del TEEM aplicar la Ley y regresar sus derechos pol\u00edtico electorales a don David Parra, quien en verdad nos representa y no un completo desconocido\u201d.<\/p>\n<p>Los priistas naucalpenses fueron m\u00e1s all\u00e1 al expresar que \u201cya basta de manipular al PRI a su antojo para beneficios personales y familiares. Los verdaderos priistas, ya\u00a0 estamos en pl\u00e1ticas con compa\u00f1eros de otros municipios para dar nuestra postura unos d\u00edas m\u00e1s, pero le adelanto, que \u00e9sta va en un solo sentido y es expulsar del PRI a traidores y negociadores\u201d.<\/p>\n<p>Mientras tanto, la exigencia contin\u00faa:<\/p>\n<p>\u201cSoy Adriana Jacob y quiero dar mi opini\u00f3n sobre el se\u00f1or El\u00edas Rescala, mis respetos para \u00e9l y a qui\u00e9n no tengo el gusto de conocer. Yo soy naucalpense y m\u00ed apellido lo dice, soy de las familias fundadoras de este municipio y me parece absurdo y fuera de lugar que m\u00ed partido, el PRI, est\u00e9 designando a una persona de Huixquilucan y no a un verdadero naucalpense\u201d.<\/p>\n<p>Y remata: \u201cYo le quiero pedir con todo respeto, y a t\u00edtulo personal, que con dignidad y con la frente en alto, decline esa inmerecida candidatura que le han otorgado. Naucalpan, para un naucalpense y que no tomen espacios que no han trabajado\u201d, concluy\u00f3.<\/p>\n","protected":false},"excerpt":{"rendered":"<p>La acusaci\u00f3n es directa: \u201cEl ex gobernador Alfredo Del Mazo movi\u00f3 la poca influencia que le queda para que el PRI impusiera a El\u00edas Rescala, c\u00f3mo candidato a diputado al Distrito 32, pese a no vivir y desconocer Naucalpan. Debi\u00f3 mandarlo a competir por Morena, partido al que entreg\u00f3 el poder en el Estado de M\u00e9xico\u201d.<\/p>\n","protected":false},"author":3,"featured_media":618063,"comment_status":"open","ping_status":"open","sticky":false,"template":"","format":"standard","meta":{"_monsterinsights_skip_tracking":false,"_monsterinsights_sitenote_active":false,"_monsterinsights_sitenote_note":"","_monsterinsights_sitenote_category":0,"footnotes":""},"categories":[5],"tags":[93140,43675,970],"class_list":["post-617969","post","type-post","status-publish","format-standard","has-post-thumbnail","hentry","category-estado-de-mexico","tag-distrito-32","tag-estado-de-mexico","tag-naucalpan"],"_links":{"self":[{"href":"https:\/\/www.diarioimagen.net\/index.php?rest_route=\/wp\/v2\/posts\/617969","targetHints":{"allow":["GET"]}}],"collection":[{"href":"https:\/\/www.diarioimagen.net\/index.php?rest_route=\/wp\/v2\/posts"}],"about":[{"href":"https:\/\/www.diarioimagen.net\/index.php?rest_route=\/wp\/v2\/types\/post"}],"author":[{"embeddable":true,"href":"https:\/\/www.diarioimagen.net\/index.php?rest_route=\/wp\/v2\/users\/3"}],"replies":[{"embeddable":true,"href":"https:\/\/www.diarioimagen.net\/index.php?rest_route=%2Fwp%2Fv2%2Fcomments&post=617969"}],"version-history":[{"count":0,"href":"https:\/\/www.diarioimagen.net\/index.php?rest_route=\/wp\/v2\/posts\/617969\/revisions"}],"wp:featuredmedia":[{"embeddable":true,"href":"https:\/\/www.diarioimagen.net\/index.php?rest_route=\/wp\/v2\/media\/618063"}],"wp:attachment":[{"href":"https:\/\/www.diarioimagen.net\/index.php?rest_route=%2Fwp%2Fv2%2Fmedia&parent=617969"}],"wp:term":[{"taxonomy":"category","embeddable":true,"href":"https:\/\/www.diarioimagen.net\/index.php?rest_route=%2Fwp%2Fv2%2Fcategories&post=617969"},{"taxonomy":"post_tag","embeddable":true,"href":"https:\/\/www.diarioimagen.net\/index.php?rest_route=%2Fwp%2Fv2%2Ftags&post=617969"}],"curies":[{"name":"wp","href":"https:\/\/api.w.org\/{rel}","templated":true}]}}