{"id":617970,"date":"2024-04-30T00:04:19","date_gmt":"2024-04-30T06:04:19","guid":{"rendered":"https:\/\/www.diarioimagen.net\/?p=617970"},"modified":"2024-04-30T02:30:02","modified_gmt":"2024-04-30T08:30:02","slug":"integrantes-de-la-ctc-respaldan-en-tultitlan-a-candidatos-de-mc","status":"publish","type":"post","link":"https:\/\/www.diarioimagen.net\/?p=617970","title":{"rendered":"Integrantes de la CTC respaldan en Tultitl\u00e1n a candidatos de MC"},"content":{"rendered":"<p>&nbsp;<\/p>\n<ul>\n<li><em><strong>\u201cIdeas innovadoras en beneficio de la gente\u201d<\/strong><\/em><\/li>\n<\/ul>\n<p>&nbsp;<\/p>\n<div id=\"attachment_618065\" style=\"width: 470px\" class=\"wp-caption aligncenter\"><a href=\"https:\/\/www.diarioimagen.net\/?attachment_id=618065\" rel=\"attachment wp-att-618065\"><img loading=\"lazy\" decoding=\"async\" aria-describedby=\"caption-attachment-618065\" class=\"size-full wp-image-618065\" src=\"https:\/\/www.diarioimagen.net\/wp-content\/uploads\/2024\/04\/integrantes-de-la-ctc.jpg\" alt=\"\" width=\"460\" height=\"270\" \/><\/a><p id=\"caption-attachment-618065\" class=\"wp-caption-text\">Trabajadores de la automotriz Volvo, y pertenecientes a la\u00a0 Confederaci\u00f3n de Trabajadores y Campesinos, en Tultitl\u00e1n, refrendaron su apoyoincondicional a candidatos de MC.<\/p><\/div>\n<p>&nbsp;<\/p>\n<p><strong>Tultitl\u00e1n, Estado de M\u00e9xico.\u2014<\/strong> En un acto multitudinario, trabajadores de la empresa automotriz principal Volvo y pertenecientes a la\u00a0 Confederaci\u00f3n de Trabajadores y Campesinos ((CTC), en este municipio, refrendaron su apoyo incondicional a candidatos de Movimiento Ciudadano (MC), al considerar que cuentan con \u201cideas innovadoras, sanas y reales en beneficio de la gente no s\u00f3lo de este municipio, sino del Estado de M\u00e9xico\u201d.<\/p>\n<p>En ese sentido, el candidato a ocupar un esca\u00f1o en el Senado de la Rep\u00fablica, Alberto Garc\u00eda Cuevas, quien pertenece a ese gremio sindical, destac\u00f3 que van con todo de la mano con este proyecto, porque \u201cno vemos buenos resultados a nivel general\u201d.<\/p>\n<p>Ah\u00ed, Germ\u00e1n Aldana Ju\u00e1rez, dirigente de la CTC en Tultitl\u00e1n y anfitri\u00f3n del evento, puntualiz\u00f3 que \u201cvamos con paso firme y por el camino correcto para los procesos electorales del 2 de junio\u201d.<\/p>\n<p>Al hacer uso de la palabra el candidato a la presidencia municipal de la demarcaci\u00f3n, Miguel Reyes, comprometi\u00f3 su palabra de trabajar de la mano y siempre en beneficio de las familias tultitlenses.<\/p>\n<p>Por su parte, el abanderado a la diputaci\u00f3n federal por el Distrito 6, Gildardo P\u00e9rez Gabino, manifest\u00f3 que MC y la CTC, \u201chacen una buena mancuerna y esta, ser\u00e1 una lucha sin cuartel para superar los retos que se avecinan y aplaudo la fusi\u00f3n entre Garc\u00eda Cuevas y Miguel Reyes\u201d, dijo.<\/p>\n<p>Finalmente, se resalt\u00f3 el trabajo social de los abanderados a cargos de elecci\u00f3n popular, entre ellos Gildardo P\u00e9rez Gabino, Ricardo Hern\u00e1ndez y\u00a0 Margarito Ben\u00edtez, Maricely Lira, as\u00ed como\u00a0 del candidato al\u00a0 Senado, Alberto Garc\u00eda Cuevas.<\/p>\n","protected":false},"excerpt":{"rendered":"<p>En un acto multitudinario, trabajadores de la empresa automotriz principal Volvo y pertenecientes a la\u00a0 Confederaci\u00f3n de Trabajadores y Campesinos ((CTC), en este municipio, refrendaron su apoyo incondicional a candidatos de Movimiento Ciudadano (MC), al considerar que cuentan con \u201cideas innovadoras, sanas y reales en beneficio de la gente no s\u00f3lo de este municipio, sino del Estado de M\u00e9xico\u201d.<\/p>\n","protected":false},"author":3,"featured_media":618065,"comment_status":"open","ping_status":"open","sticky":false,"template":"","format":"standard","meta":{"_monsterinsights_skip_tracking":false,"_monsterinsights_sitenote_active":false,"_monsterinsights_sitenote_note":"","_monsterinsights_sitenote_category":0,"footnotes":""},"categories":[5],"tags":[93493,21564],"class_list":["post-617970","post","type-post","status-publish","format-standard","has-post-thumbnail","hentry","category-estado-de-mexico","tag-ctc","tag-mc"],"_links":{"self":[{"href":"https:\/\/www.diarioimagen.net\/index.php?rest_route=\/wp\/v2\/posts\/617970","targetHints":{"allow":["GET"]}}],"collection":[{"href":"https:\/\/www.diarioimagen.net\/index.php?rest_route=\/wp\/v2\/posts"}],"about":[{"href":"https:\/\/www.diarioimagen.net\/index.php?rest_route=\/wp\/v2\/types\/post"}],"author":[{"embeddable":true,"href":"https:\/\/www.diarioimagen.net\/index.php?rest_route=\/wp\/v2\/users\/3"}],"replies":[{"embeddable":true,"href":"https:\/\/www.diarioimagen.net\/index.php?rest_route=%2Fwp%2Fv2%2Fcomments&post=617970"}],"version-history":[{"count":0,"href":"https:\/\/www.diarioimagen.net\/index.php?rest_route=\/wp\/v2\/posts\/617970\/revisions"}],"wp:featuredmedia":[{"embeddable":true,"href":"https:\/\/www.diarioimagen.net\/index.php?rest_route=\/wp\/v2\/media\/618065"}],"wp:attachment":[{"href":"https:\/\/www.diarioimagen.net\/index.php?rest_route=%2Fwp%2Fv2%2Fmedia&parent=617970"}],"wp:term":[{"taxonomy":"category","embeddable":true,"href":"https:\/\/www.diarioimagen.net\/index.php?rest_route=%2Fwp%2Fv2%2Fcategories&post=617970"},{"taxonomy":"post_tag","embeddable":true,"href":"https:\/\/www.diarioimagen.net\/index.php?rest_route=%2Fwp%2Fv2%2Ftags&post=617970"}],"curies":[{"name":"wp","href":"https:\/\/api.w.org\/{rel}","templated":true}]}}