{"id":617972,"date":"2024-04-30T00:01:15","date_gmt":"2024-04-30T06:01:15","guid":{"rendered":"https:\/\/www.diarioimagen.net\/?p=617972"},"modified":"2024-04-30T02:28:25","modified_gmt":"2024-04-30T08:28:25","slug":"exige-marco-antonio-rodriguez-hurtado-esclarecer-el-homicidio-de-uno-de-sus-colaboradores","status":"publish","type":"post","link":"https:\/\/www.diarioimagen.net\/?p=617972","title":{"rendered":"Exige Marco Antonio Rodr\u00edguez Hurtado esclarecer el homicidio de uno de sus colaboradores"},"content":{"rendered":"<p>&nbsp;<\/p>\n<p><a href=\"https:\/\/www.diarioimagen.net\/?attachment_id=618059\" rel=\"attachment wp-att-618059\"><img loading=\"lazy\" decoding=\"async\" class=\"aligncenter size-full wp-image-618059\" src=\"https:\/\/www.diarioimagen.net\/wp-content\/uploads\/2024\/04\/exige-tony-rodriguez.jpg\" alt=\"\" width=\"460\" height=\"270\" \/><\/a><\/p>\n<p>&nbsp;<\/p>\n<p><strong>Tlalnepantla, Estado de M\u00e9xico.\u2014 <\/strong>Marco Antonio Rodr\u00edguez Hurtado, candidato de la coalici\u00f3n Fuerza y Coraz\u00f3n por el Estado de M\u00e9xico, hizo un llamado en\u00e9rgico a los partidos pol\u00edticos y a la sociedad a no politizar algo tan doloroso y humano como lo es el homicidio de su ex colaborador y rechaz\u00f3 cualquier se\u00f1alamiento en su contra.<\/p>\n<p>Tony Rodr\u00edguez expres\u00f3 su dolor y consternaci\u00f3n, al tiempo que exhort\u00f3 a la Fiscal\u00eda\u00a0 General de Justicia del Estado de M\u00e9xico (FGJEM) y a la Secretar\u00eda de Seguridad del Estado de M\u00e9xico, tal como lo orden\u00f3 la gobernadora Delfina G\u00f3mez, a que se esclarezca lo m\u00e1s pronto posible el caso. \u201cQuiero externar mi rechazo a cualquier tipo de violencia, y decirles que soy el primer interesado en que estos hechos se esclarezcan\u201d, dijo.<\/p>\n<p>El candidato reconoci\u00f3 que la inseguridad es un tema por el que se ha trabajado sin descanso durante los m\u00e1s de dos a\u00f1os de su gesti\u00f3n \u201cyo he puesto muestra desde el primer segundo que asum\u00ed la Presidencia Municipal, y que hoy como candidato, estando presentes todo los d\u00edas en las Mesas de Construcci\u00f3n de la Paz, buscando la estabilidad y seguridad de los ciudadanos, y que, desde ayer una vez conocido este hecho inmediatamente como candidato, como ciudadano, a quien est\u00e1 al frente como Presidenta, se pusiera a disposici\u00f3n de las autoridades del estado, para poder esclarecer este triste hecho\u201d.<\/p>\n","protected":false},"excerpt":{"rendered":"<p>&nbsp; &nbsp; Tlalnepantla, Estado de M\u00e9xico.\u2014 Marco Antonio Rodr\u00edguez Hurtado, candidato de la coalici\u00f3n Fuerza y Coraz\u00f3n por el Estado de M\u00e9xico, hizo un llamado en\u00e9rgico a los partidos pol\u00edticos y a la sociedad a no politizar algo tan doloroso y humano como lo es el homicidio de su ex colaborador y rechaz\u00f3 cualquier se\u00f1alamiento [&hellip;]<\/p>\n","protected":false},"author":3,"featured_media":618059,"comment_status":"open","ping_status":"open","sticky":false,"template":"","format":"standard","meta":{"_monsterinsights_skip_tracking":false,"_monsterinsights_sitenote_active":false,"_monsterinsights_sitenote_note":"","_monsterinsights_sitenote_category":0,"footnotes":""},"categories":[5],"tags":[653,93153],"class_list":["post-617972","post","type-post","status-publish","format-standard","has-post-thumbnail","hentry","category-estado-de-mexico","tag-homicidio","tag-marco-antonio-rodriguez-hurtado"],"_links":{"self":[{"href":"https:\/\/www.diarioimagen.net\/index.php?rest_route=\/wp\/v2\/posts\/617972","targetHints":{"allow":["GET"]}}],"collection":[{"href":"https:\/\/www.diarioimagen.net\/index.php?rest_route=\/wp\/v2\/posts"}],"about":[{"href":"https:\/\/www.diarioimagen.net\/index.php?rest_route=\/wp\/v2\/types\/post"}],"author":[{"embeddable":true,"href":"https:\/\/www.diarioimagen.net\/index.php?rest_route=\/wp\/v2\/users\/3"}],"replies":[{"embeddable":true,"href":"https:\/\/www.diarioimagen.net\/index.php?rest_route=%2Fwp%2Fv2%2Fcomments&post=617972"}],"version-history":[{"count":0,"href":"https:\/\/www.diarioimagen.net\/index.php?rest_route=\/wp\/v2\/posts\/617972\/revisions"}],"wp:featuredmedia":[{"embeddable":true,"href":"https:\/\/www.diarioimagen.net\/index.php?rest_route=\/wp\/v2\/media\/618059"}],"wp:attachment":[{"href":"https:\/\/www.diarioimagen.net\/index.php?rest_route=%2Fwp%2Fv2%2Fmedia&parent=617972"}],"wp:term":[{"taxonomy":"category","embeddable":true,"href":"https:\/\/www.diarioimagen.net\/index.php?rest_route=%2Fwp%2Fv2%2Fcategories&post=617972"},{"taxonomy":"post_tag","embeddable":true,"href":"https:\/\/www.diarioimagen.net\/index.php?rest_route=%2Fwp%2Fv2%2Ftags&post=617972"}],"curies":[{"name":"wp","href":"https:\/\/api.w.org\/{rel}","templated":true}]}}