{"id":617977,"date":"2024-04-30T00:05:01","date_gmt":"2024-04-30T06:05:01","guid":{"rendered":"https:\/\/www.diarioimagen.net\/?p=617977"},"modified":"2024-05-02T00:59:54","modified_gmt":"2024-05-02T06:59:54","slug":"impulsa-el-gem-cultivo-de-amaranto-en-la-entidad","status":"publish","type":"post","link":"https:\/\/www.diarioimagen.net\/?p=617977","title":{"rendered":"Impulsa el GEM cultivo de amaranto en la entidad"},"content":{"rendered":"<p>&nbsp;<\/p>\n<ul>\n<li><em><strong>Alianzas con centros de investigaci\u00f3n y universidades<\/strong><\/em><\/li>\n<\/ul>\n<p>&nbsp;<\/p>\n<div id=\"attachment_618045\" style=\"width: 470px\" class=\"wp-caption aligncenter\"><a href=\"https:\/\/www.diarioimagen.net\/?attachment_id=618045\" rel=\"attachment wp-att-618045\"><img loading=\"lazy\" decoding=\"async\" aria-describedby=\"caption-attachment-618045\" class=\"size-full wp-image-618045\" src=\"https:\/\/www.diarioimagen.net\/wp-content\/uploads\/2024\/04\/impulsa-el-gem.jpg\" alt=\"\" width=\"460\" height=\"270\" \/><\/a><p id=\"caption-attachment-618045\" class=\"wp-caption-text\">La Secretar\u00eda del Campo del gobierno del Estado de M\u00e9xico impulsa el cultivo de amaranto, para lo cual ha establecido alianzas con centros de investigaci\u00f3n y universidades.<\/p><\/div>\n<p>&nbsp;<\/p>\n<p><strong>Jocotitl\u00e1n, Estado de M\u00e9xico.\u2014 <\/strong>Por su versatilidad, historia, alto valor nutritivo y bajo requerimiento de agua, la Secretar\u00eda del Campo del gobierno del Estado de M\u00e9xico impulsa el cultivo de amaranto, para lo cual ha establecido alianzas con centros de investigaci\u00f3n y universidades.<\/p>\n<p>En ese sentido, se realiz\u00f3 en el Centro de Investigaci\u00f3n y Transferencia Tecnol\u00f3gica (CITT) \u201cRancho Tiacaque\u201d, una reuni\u00f3n de trabajo para definir las metas y alcances del Programa Integral de Amaranto 2024.\u00a0 De acuerdo con Everardo Lovera G\u00f3mez, Director General del Instituto de Investigaci\u00f3n y Capacitaci\u00f3n Agropecuaria, Agr\u00edcola y Forestal (Icamex), el amaranto es una buena opci\u00f3n para los productores del campo al requerir menos tiempo y menos agua que el ma\u00edz, trigo y otros cereales que se producen en las regiones de Valles Altos.<\/p>\n<p>\u201cLa producci\u00f3n de amaranto es de ciclo corto, puede cosecharse hasta en tres meses y es una alternativa viable a la producci\u00f3n de ma\u00edz\u201d, mencion\u00f3.<\/p>\n<p>Para los consumidores, el amaranto aporta un alto valor nutritivo, contiene prote\u00ednas, minerales y vitaminas naturales: A, B, C, B1, B2, B3; as\u00ed como \u00e1cido f\u00f3lico, niacina, calcio, hierro y f\u00f3sforo, es rico en grasas poliinsaturadas, lo que lo convierte en un alimento muy saludable para el sistema circulatorio, es considerado el s\u00faper alimento del futuro.<\/p>\n<p>Asever\u00f3 que el Icamex con apoyo de instituciones como la Universidad Aut\u00f3noma de Chapingo, el Colegio de Postgraduados y el Instituto Nacional de Investigaciones Forestales, Agr\u00edcolas y Pecuarias (INIFAP) tienen la capacidad de brindar semillas a los productores mexiquenses para sembrar hasta 10 mil hect\u00e1reas; adem\u00e1s de dar acompa\u00f1amiento t\u00e9cnico desde la preparaci\u00f3n de la tierra hasta la cosecha.\u00a0 En la reuni\u00f3n de trabajo, diversos ponentes se\u00f1alaron en que el amaranto es nativo de la regi\u00f3n central de M\u00e9xico y que se cultivaba hace m\u00e1s de 7 mil a\u00f1os.<\/p>\n<p>Existen m\u00e1s de 30 especies con sus respectivas variantes y la forma m\u00e1s com\u00fan de consumirlo es en el dulce conocido como alegr\u00eda, que constituye el 90 por ciento de las ventas de amaranto.\u00a0 Sin embargo, este cultivo puede ser consumido de diversas formas, desde que es pl\u00e1ntula en forma de quelite, sopas, atoles, ensaladas o procesado en harina, entre otras presentaciones.\u00a0 Los productores interesados en sumarse a la estrategia de impulso al cultivo del amaranto pueden contactar en la Direcci\u00f3n General del Icamex, en el n\u00famero telef\u00f3nico 722-232-2641; al correo icamexdg@edomex.gob.mx; y en la Direcci\u00f3n de Apoyo T\u00e9cnico y Divulgaci\u00f3n del Icamex, en el n\u00famero telef\u00f3nico 722-235-0946.<\/p>\n","protected":false},"excerpt":{"rendered":"<p>Por su versatilidad, historia, alto valor nutritivo y bajo requerimiento de agua, la Secretar\u00eda del Campo del gobierno del Estado de M\u00e9xico impulsa el cultivo de amaranto, para lo cual ha establecido alianzas con centros de investigaci\u00f3n y universidades.<\/p>\n","protected":false},"author":3,"featured_media":618045,"comment_status":"open","ping_status":"open","sticky":false,"template":"","format":"standard","meta":{"_monsterinsights_skip_tracking":false,"_monsterinsights_sitenote_active":false,"_monsterinsights_sitenote_note":"","_monsterinsights_sitenote_category":0,"footnotes":""},"categories":[5,99730],"tags":[1720,48327,99882],"class_list":["post-617977","post","type-post","status-publish","format-standard","has-post-thumbnail","hentry","category-estado-de-mexico","category-edomex","tag-gem","tag-impulsa","tag-secretaria-del-campo"],"_links":{"self":[{"href":"https:\/\/www.diarioimagen.net\/index.php?rest_route=\/wp\/v2\/posts\/617977","targetHints":{"allow":["GET"]}}],"collection":[{"href":"https:\/\/www.diarioimagen.net\/index.php?rest_route=\/wp\/v2\/posts"}],"about":[{"href":"https:\/\/www.diarioimagen.net\/index.php?rest_route=\/wp\/v2\/types\/post"}],"author":[{"embeddable":true,"href":"https:\/\/www.diarioimagen.net\/index.php?rest_route=\/wp\/v2\/users\/3"}],"replies":[{"embeddable":true,"href":"https:\/\/www.diarioimagen.net\/index.php?rest_route=%2Fwp%2Fv2%2Fcomments&post=617977"}],"version-history":[{"count":0,"href":"https:\/\/www.diarioimagen.net\/index.php?rest_route=\/wp\/v2\/posts\/617977\/revisions"}],"wp:featuredmedia":[{"embeddable":true,"href":"https:\/\/www.diarioimagen.net\/index.php?rest_route=\/wp\/v2\/media\/618045"}],"wp:attachment":[{"href":"https:\/\/www.diarioimagen.net\/index.php?rest_route=%2Fwp%2Fv2%2Fmedia&parent=617977"}],"wp:term":[{"taxonomy":"category","embeddable":true,"href":"https:\/\/www.diarioimagen.net\/index.php?rest_route=%2Fwp%2Fv2%2Fcategories&post=617977"},{"taxonomy":"post_tag","embeddable":true,"href":"https:\/\/www.diarioimagen.net\/index.php?rest_route=%2Fwp%2Fv2%2Ftags&post=617977"}],"curies":[{"name":"wp","href":"https:\/\/api.w.org\/{rel}","templated":true}]}}