{"id":620529,"date":"2024-05-24T00:08:48","date_gmt":"2024-05-24T06:08:48","guid":{"rendered":"https:\/\/www.diarioimagen.net\/?p=620529"},"modified":"2024-05-26T22:59:53","modified_gmt":"2024-05-27T04:59:53","slug":"discuten-en-la-uaemex-sobre-una-gestion-del-agua-mas-resiliente","status":"publish","type":"post","link":"https:\/\/www.diarioimagen.net\/?p=620529","title":{"rendered":"Discuten en la UAEM\u00e9x sobre una gesti\u00f3n del agua m\u00e1s resiliente"},"content":{"rendered":"<p>&nbsp;<\/p>\n<ul>\n<li><strong><em>Representantes de academia, gobierno, sociedad civil y l\u00edderes empresariales<\/em> <\/strong><\/li>\n<\/ul>\n<p>&nbsp;<\/p>\n<div id=\"attachment_620573\" style=\"width: 470px\" class=\"wp-caption aligncenter\"><a href=\"https:\/\/www.diarioimagen.net\/?attachment_id=620573\" rel=\"attachment wp-att-620573\"><img loading=\"lazy\" decoding=\"async\" aria-describedby=\"caption-attachment-620573\" class=\"size-full wp-image-620573\" src=\"https:\/\/www.diarioimagen.net\/wp-content\/uploads\/2024\/05\/uaem-discuten-gestion.jpg\" alt=\"\" width=\"460\" height=\"270\" \/><\/a><p id=\"caption-attachment-620573\" class=\"wp-caption-text\">La Aut\u00f3noma mexiquense es sede del Seminario de Cu\u00e1druple H\u00e9lice \u201cCiencia e innovaci\u00f3n tecnol\u00f3gica para la gesti\u00f3n integral del agua en la megal\u00f3polis de M\u00e9xico\u201d.<\/p><\/div>\n<p>&nbsp;<\/p>\n<p><strong>Toluca, Estado de M\u00e9xico.<\/strong>\u2014 Es fundamental perfeccionar las tecnolog\u00edas disponibles para la captaci\u00f3n, tratamiento y reutilizaci\u00f3n del agua; mejorar la infraestructura existente y promover pr\u00e1cticas sostenibles en todos los sectores. Adem\u00e1s, debemos fomentar la educaci\u00f3n y la concienciaci\u00f3n sobre la importancia del agua como recurso vital y finito, asever\u00f3 el rector de la Universidad Aut\u00f3noma del Estado de M\u00e9xico (UAEM\u00e9x), Carlos Eduardo Barrera D\u00edaz.<\/p>\n<p>Al inaugurar, con el secretario del Agua mexiquense, y el secretario general del Consejo Mexiquense de Ciencia y Tecnolog\u00eda, V\u00edctor \u00c1vila Akerberg, el Seminario de Cu\u00e1druple H\u00e9lice \u201cCiencia e innovaci\u00f3n tecnol\u00f3gica para la gesti\u00f3n integral del agua en la megal\u00f3polis de M\u00e9xico\u201d, Barrera D\u00edaz afirm\u00f3 que este seminario \u201ces una muestra fehaciente de la voluntad de una amplia variedad de instituciones nacionales y extranjeras que confiamos en el conocimiento cient\u00edfico y la innovaci\u00f3n tecnol\u00f3gica para sortear los inconvenientes de nuestras acciones y del comportamiento no previsto de la naturaleza\u201d.<\/p>\n<p>En este evento, en el que se dieron cita Philipp Raschke, agregado agr\u00edcola de la Embajada de Alemania en M\u00e9xico y representante del embajador, Wolfgang Dold, y Silvia Stiefermann, jefa de Marketing y directora adjunta, en representaci\u00f3n de la doctora Katharina Fleckenstein, directora Regional del Servicio Alem\u00e1n de Intercambio Acad\u00e9mico (DAAD, por sus siglas en alem\u00e1n) para M\u00e9xico, Centroam\u00e9rica y el Caribe, el rector abund\u00f3 que de acuerdo con el conteo de 2015 del INEGI, solamente el Estado de M\u00e9xico y la capital del pa\u00eds suman una poblaci\u00f3n de 26 millones 202 mil 362 personas, de las cuales, 97 por ciento cuentan con servicio de agua entubada.<\/p>\n<p>Sin embargo, sostuvo, actualmente esta regi\u00f3n enfrenta una situaci\u00f3n h\u00eddrica delicada, debido a los bajos niveles de almacenamiento de agua en el Sistema Cutzamala, el cual es una importante fuente de abastecimiento para cinco millones de habitantes del Valle de M\u00e9xico, pero tambi\u00e9n porque estamos viviendo una temporada especialmente seca y caliente, asociada al fen\u00f3meno de \u201cEl Ni\u00f1o\u201d.<\/p>\n<p>En este contexto, se\u00f1al\u00f3 que la participaci\u00f3n activa de los sectores acad\u00e9mico, c\u00edvico, empresarial y p\u00fablico, la denominada cu\u00e1druple h\u00e9lice, lograr\u00e1 avances significativos. \u201cEste seminario es s\u00f3lo el comienzo de un camino que debemos recorrer juntos, sumando nuestras capacidades y conocimientos para construir un futuro m\u00e1s sostenible\u201d, dijo Barrera D\u00edaz.<\/p>\n<p>V\u00edctor \u00c1vila Akerberg precis\u00f3 que este evento re\u00fane a expertos de la academia, representantes del gobierno, l\u00edderes empresariales y miembros de la sociedad civil para dialogar e intercambiar conocimientos y colaborar en la b\u00fasqueda de soluciones sostenibles y efectivas para la gesti\u00f3n del agua en esta zona urbana, la m\u00e1s densamente poblada y compleja del pa\u00eds.<\/p>\n<p>Este seminario, indic\u00f3, brinda un espacio \u00fanico para la discusi\u00f3n de temas actuales como es el acceso equitativo al agua potable, su cuidado y buen manejo y la integraci\u00f3n de nuevas tecnolog\u00edas y pol\u00edticas p\u00fablicas que respalden una gesti\u00f3n del agua m\u00e1s resiliente y adaptada a los retos del cambio clim\u00e1tico.<\/p>\n<p>Ante becarios y ex becarios del DAAD provenientes de diversas partes del pa\u00eds, refiri\u00f3 que las y los ponentes y participantes analizar\u00e1n casos de estudio y compartir\u00e1n buenas pr\u00e1cticas que puedan ser replicadas o adaptadas para mejorar la gesti\u00f3n del agua en toda la regi\u00f3n.<\/p>\n<p>Cabe destacar que en el inicio de las actividades de este seminario se dict\u00f3 la conferencia magistral \u201cRetos y perspectivas hacia la gesti\u00f3n integral del agua en el Estado de M\u00e9xico y la megal\u00f3polis del Altiplano Central\u201d.<\/p>\n","protected":false},"excerpt":{"rendered":"<p>Es fundamental perfeccionar las tecnolog\u00edas disponibles para la captaci\u00f3n, tratamiento y reutilizaci\u00f3n del agua; mejorar la infraestructura existente y promover pr\u00e1cticas sostenibles en todos los sectores. Adem\u00e1s, debemos fomentar la educaci\u00f3n y la concienciaci\u00f3n sobre la importancia del agua como recurso vital y finito, asever\u00f3 el rector de la Universidad Aut\u00f3noma del Estado de M\u00e9xico (UAEM\u00e9x), Carlos Eduardo Barrera D\u00edaz.<\/p>\n","protected":false},"author":3,"featured_media":620573,"comment_status":"open","ping_status":"open","sticky":false,"template":"","format":"standard","meta":{"_monsterinsights_skip_tracking":false,"_monsterinsights_sitenote_active":false,"_monsterinsights_sitenote_note":"","_monsterinsights_sitenote_category":0,"footnotes":""},"categories":[5],"tags":[162,92667,67878],"class_list":["post-620529","post","type-post","status-publish","format-standard","has-post-thumbnail","hentry","category-estado-de-mexico","tag-agua","tag-carlos-eduardo-barrera-diaz","tag-uaemex"],"_links":{"self":[{"href":"https:\/\/www.diarioimagen.net\/index.php?rest_route=\/wp\/v2\/posts\/620529","targetHints":{"allow":["GET"]}}],"collection":[{"href":"https:\/\/www.diarioimagen.net\/index.php?rest_route=\/wp\/v2\/posts"}],"about":[{"href":"https:\/\/www.diarioimagen.net\/index.php?rest_route=\/wp\/v2\/types\/post"}],"author":[{"embeddable":true,"href":"https:\/\/www.diarioimagen.net\/index.php?rest_route=\/wp\/v2\/users\/3"}],"replies":[{"embeddable":true,"href":"https:\/\/www.diarioimagen.net\/index.php?rest_route=%2Fwp%2Fv2%2Fcomments&post=620529"}],"version-history":[{"count":0,"href":"https:\/\/www.diarioimagen.net\/index.php?rest_route=\/wp\/v2\/posts\/620529\/revisions"}],"wp:featuredmedia":[{"embeddable":true,"href":"https:\/\/www.diarioimagen.net\/index.php?rest_route=\/wp\/v2\/media\/620573"}],"wp:attachment":[{"href":"https:\/\/www.diarioimagen.net\/index.php?rest_route=%2Fwp%2Fv2%2Fmedia&parent=620529"}],"wp:term":[{"taxonomy":"category","embeddable":true,"href":"https:\/\/www.diarioimagen.net\/index.php?rest_route=%2Fwp%2Fv2%2Fcategories&post=620529"},{"taxonomy":"post_tag","embeddable":true,"href":"https:\/\/www.diarioimagen.net\/index.php?rest_route=%2Fwp%2Fv2%2Ftags&post=620529"}],"curies":[{"name":"wp","href":"https:\/\/api.w.org\/{rel}","templated":true}]}}