{"id":621239,"date":"2024-05-31T00:02:25","date_gmt":"2024-05-31T06:02:25","guid":{"rendered":"https:\/\/www.diarioimagen.net\/?p=621239"},"modified":"2024-05-31T02:21:05","modified_gmt":"2024-05-31T08:21:05","slug":"participa-la-cruz-roja-en-ejercicio-de-rescate-vertical-en-tlalnepantla","status":"publish","type":"post","link":"https:\/\/www.diarioimagen.net\/?p=621239","title":{"rendered":"Participa la Cruz Roja en ejercicio de rescate vertical, en Tlalnepantla"},"content":{"rendered":"<p>&nbsp;<\/p>\n<ul>\n<li><strong><em>Programa de capacitaci\u00f3n continua<\/em><\/strong><\/li>\n<\/ul>\n<p>&nbsp;<\/p>\n<div id=\"attachment_621309\" style=\"width: 470px\" class=\"wp-caption aligncenter\"><a href=\"https:\/\/www.diarioimagen.net\/?attachment_id=621309\" rel=\"attachment wp-att-621309\"><img loading=\"lazy\" decoding=\"async\" aria-describedby=\"caption-attachment-621309\" class=\"size-full wp-image-621309\" src=\"https:\/\/www.diarioimagen.net\/wp-content\/uploads\/2024\/05\/participa-ruz-roja.jpg\" alt=\"\" width=\"460\" height=\"270\" \/><\/a><p id=\"caption-attachment-621309\" class=\"wp-caption-text\">Diversas corporaciones de rescate y atenci\u00f3n de emergencias participaron en el primer Ejercicio de Integraci\u00f3n en \u201cRescate Vertical\u201d, realizado en Tlalnepantla.<\/p><\/div>\n<p>&nbsp;<\/p>\n<p><strong>Tlalnepantla, Estado de M\u00e9xico.\u2014<\/strong> Representantes de distintas corporaciones de bomberos, rescate y atenci\u00f3n de emergencias participaron en el primer Ejercicio de Integraci\u00f3n en \u201cRescate Vertical\u201d , como parte del programa de capacitaci\u00f3n continua que se lleva a cabo con el objetivo de estar siempre listos y dispuestos para actuar ante cualquier escenario de urgencia que se registre en el Estado de M\u00e9xico.<\/p>\n<p>En esta ocasi\u00f3n, se logr\u00f3 la participaci\u00f3n de especialistas en rescate de vertical de Cruz Roja Mexicana, Secretar\u00eda de la Defensa Nacional, Bomberos de Tlalnepantla, Escuadr\u00f3n de Rescate y Urgencias M\u00e9dicas de la Ciudad de M\u00e9xico, y un grupo de voluntarios. Los 89 participantes en este ejercicio trabajaron en ocho escenarios con diferentes hip\u00f3tesis para la extracci\u00f3n de personas atrapadas y descenso vertical, conocieron t\u00e9cnicas novedosas y nuevas tecnolog\u00edas que facilitan estas labores de rescate.<\/p>\n<p>En este contexto, se aplic\u00f3 el Sistema de Comando de Incidentes que es la log\u00edstica y organizaci\u00f3n de las actividades que se llevan a cabo antes, durante y despu\u00e9s de la atenci\u00f3n de una emergencia, en la que se pone como prioridad en todo momento la vida e integridad f\u00edsica del personal de rescate que participa en estas tareas. Cruz Roja Mexicana participa constantemente en este tipo de ejercicios que contribuyen a la mejor coordinaci\u00f3n de los distintos cuerpos que participan en las tareas encaminadas a salvaguardar la integridad de las personas que se ven involucradas en alguna emergencia, siempre bajo los principios que le rigen de Humanidad, Imparcialidad, Neutralidad, Independencia, Voluntariado, Unidad y Universalidad.<\/p>\n","protected":false},"excerpt":{"rendered":"<p>Representantes de distintas corporaciones de bomberos, rescate y atenci\u00f3n de emergencias participaron en el primer Ejercicio de Integraci\u00f3n en \u201cRescate Vertical\u201d , como parte del programa de capacitaci\u00f3n continua que se lleva a cabo con el objetivo de estar siempre listos y dispuestos para actuar ante cualquier escenario de urgencia que se registre en el Estado de M\u00e9xico.<\/p>\n","protected":false},"author":3,"featured_media":621309,"comment_status":"open","ping_status":"open","sticky":false,"template":"","format":"standard","meta":{"_monsterinsights_skip_tracking":false,"_monsterinsights_sitenote_active":false,"_monsterinsights_sitenote_note":"","_monsterinsights_sitenote_category":0,"footnotes":""},"categories":[18863],"tags":[919,43675,728,169,100024],"class_list":["post-621239","post","type-post","status-publish","format-standard","has-post-thumbnail","hentry","category-salud-edomex","tag-cruz-roja","tag-estado-de-mexico","tag-rescate","tag-tlalnepantla","tag-vertical"],"_links":{"self":[{"href":"https:\/\/www.diarioimagen.net\/index.php?rest_route=\/wp\/v2\/posts\/621239","targetHints":{"allow":["GET"]}}],"collection":[{"href":"https:\/\/www.diarioimagen.net\/index.php?rest_route=\/wp\/v2\/posts"}],"about":[{"href":"https:\/\/www.diarioimagen.net\/index.php?rest_route=\/wp\/v2\/types\/post"}],"author":[{"embeddable":true,"href":"https:\/\/www.diarioimagen.net\/index.php?rest_route=\/wp\/v2\/users\/3"}],"replies":[{"embeddable":true,"href":"https:\/\/www.diarioimagen.net\/index.php?rest_route=%2Fwp%2Fv2%2Fcomments&post=621239"}],"version-history":[{"count":0,"href":"https:\/\/www.diarioimagen.net\/index.php?rest_route=\/wp\/v2\/posts\/621239\/revisions"}],"wp:featuredmedia":[{"embeddable":true,"href":"https:\/\/www.diarioimagen.net\/index.php?rest_route=\/wp\/v2\/media\/621309"}],"wp:attachment":[{"href":"https:\/\/www.diarioimagen.net\/index.php?rest_route=%2Fwp%2Fv2%2Fmedia&parent=621239"}],"wp:term":[{"taxonomy":"category","embeddable":true,"href":"https:\/\/www.diarioimagen.net\/index.php?rest_route=%2Fwp%2Fv2%2Fcategories&post=621239"},{"taxonomy":"post_tag","embeddable":true,"href":"https:\/\/www.diarioimagen.net\/index.php?rest_route=%2Fwp%2Fv2%2Ftags&post=621239"}],"curies":[{"name":"wp","href":"https:\/\/api.w.org\/{rel}","templated":true}]}}