{"id":621320,"date":"2024-05-31T00:00:53","date_gmt":"2024-05-31T06:00:53","guid":{"rendered":"https:\/\/www.diarioimagen.net\/?p=621320"},"modified":"2024-05-31T03:16:25","modified_gmt":"2024-05-31T09:16:25","slug":"ley-seca-sabado-y-domingo-en-quintana-roo","status":"publish","type":"post","link":"https:\/\/www.diarioimagen.net\/?p=621320","title":{"rendered":"\u201cLey seca\u201d, s\u00e1bado y domingo en\u00a0Quintana Roo"},"content":{"rendered":"<h2>Hora 14<\/h2>\n<h5>Mauricio Conde Olivares<\/h5>\n<p>&nbsp;<\/p>\n<p>A partir del primer minuto del d\u00eda 30 de mayo inici\u00f3 el periodo de veda electoral, la cual concluye el d\u00eda 3 de junio, en la que se restringen reuniones, m\u00edtines, debates, caminatas o propaganda, que sea realizada por partidos pol\u00edticos, coaliciones, candidatas y candidatos.<\/p>\n<p>El mi\u00e9rcoles fue el \u00faltimo d\u00eda de campa\u00f1as de las candidatas y los candidatos que buscan integrar los ayuntamientos y legislaturas locales, de esta manera lo dio a conocer la Consejera Electoral y Presidenta de la Comisi\u00f3n Jur\u00eddica Mar\u00eda Salom\u00e9 Medina Monta\u00f1o.<\/p>\n<p>Record\u00f3 que el d\u00eda 15 de abril, iniciaron las campa\u00f1as, en los cuales se desarrollaron sus actividades electorales, durante ese periodo las y los candidatos dieron a conocer sus propuestas a la ciudadan\u00eda, as\u00ed como sus plataformas electorales. Es decir, tuvieron la oportunidad de hacer un llamado al voto de manera directa.<\/p>\n<p>La Consejera Medina Monta\u00f1o coment\u00f3 que es por ello que a partir del d\u00eda 30 de mayo, as\u00ed como el d\u00eda de la jornada electoral, los partidos pol\u00edticos, coaliciones, candidatas y candidatos, de conformidad con el art\u00edculo 294 de la Ley de Instituciones y Procedimientos Electorales para el estado de Quintana Roo (LIPEQROO) que se\u00f1ala: \u201cEl d\u00edas de la jornada electoral y durante los tres d\u00edas anteriores, no se permitir\u00e1 la celebraci\u00f3n ni la difusi\u00f3n de reuniones o actos p\u00fablicos de campa\u00f1a, de propaganda o de proselitismo electoral\u201d, quienes est\u00e1n obligados a respetar el periodo denominado \u201cveda electoral\u201d.<\/p>\n<p>Son 4 d\u00edas en los cuales, est\u00e1 estrictamente prohibido la celebraci\u00f3n y difusi\u00f3n de reuniones, actos p\u00fablicos de campa\u00f1a de propaganda y de proselitismo electoral.<\/p>\n<p>Dijo que la veda electoral, tiene como finalidad fundamental dar un espacio de reflexi\u00f3n sobre el voto a la ciudadan\u00eda, la cual en este momento ya conoce las propuestas y plataformas electorales, que representa cada corriente pol\u00edtica.<\/p>\n<p>Cabe recordar que, durante el tiempo que comprende las campa\u00f1as electorales, hasta la conclusi\u00f3n de la jornada electoral, de igual manera se encuentra suspendida toda propaganda gubernamental, tanto de los poderes estatales como municipales o de cualquier ente p\u00fablico. Con las \u00fanicas excepciones de informaci\u00f3n sobre educaci\u00f3n, salud y Protecci\u00f3n Civil.<\/p>\n<p>En raz\u00f3n de todo lo anterior, conmin\u00f3 a los partidos pol\u00edticos, coaliciones, candidatas y candidatos, y autoridades gubernamentales y municipales, a dar cabal cumplimiento a la veda electoral, otorgando a la ciudadan\u00eda este espacio reflexivo y sin presi\u00f3n alguna su sentido del voto.<\/p>\n<p>De igual manera invit\u00f3 a las y los representantes de los medios de comunicaci\u00f3n a quienes en su labor period\u00edstica y derecho a la libertad de expresi\u00f3n a brindar durante el d\u00eda de la jornada electoral informaci\u00f3n imparcial a no exaltar a alg\u00fan candidato o candidata y por consiguiente brindar informaci\u00f3n de manera objetiva.<\/p>\n<p>Por otra parte, ATELIER Playa Mujeres, el All-Suites Luxury Resort de la operadora y comercializadora ATELIER de Hoteles, anuncio que recibi\u00f3 el estatus Bronze Benchmarked en la certificaci\u00f3n otorgada por EarthCheck, la organizaci\u00f3n mundial l\u00edder en consultor\u00eda y certificaci\u00f3n de pr\u00e1cticas sostenibles para la industria del turismo y la hospitalidad.<\/p>\n<p>Con m\u00e1s de 25 a\u00f1os en el mercado y presencia en m\u00e1s de 70 pa\u00edses, EarthCheck cuenta con una de las m\u00e1s exigentes certificaciones y programas para empresas tur\u00edsticas, con el respaldo de instituciones mundiales como la Organizaci\u00f3n de las Naciones Unidas (ONU) y la Secretar\u00eda de Turismo de M\u00e9xico (SECTUR).<\/p>\n<p>El estatus Bronze Benchmarked, que es el primer nivel del reconocimiento en el programa de EarthCheck, indica que ATELIER Playa Mujeres ha alcanzado los criterios de sostenibilidad y los est\u00e1ndares establecidos para lograr esta certificaci\u00f3n.<\/p>\n<p>ATELIER Playa Mujeres implement\u00f3 una serie de iniciativas, dentro de las que destacan mejoras en la eficiencia energ\u00e9tica y el cuidado del agua y la optimizaci\u00f3n en la planificaci\u00f3n del impacto social y cultural en el destino, entre otras. As\u00ed mismo, EarthCheck reconoci\u00f3 al resort como un referente regional, gracias a su liderazgo en reciclaje de residuos y sus ejemplares pr\u00e1cticas en el uso de productos biodegradables.<\/p>\n<p>\u201cEn ATELIER Playa Mujeres el alcanzar el estatus Bronze Benchmarked de EarthCheck fortalece nuestro compromiso con la sostenibilidad y permite ofrecer a los hu\u00e9spedes la posibilidad de elegir un resort que tiene pr\u00e1cticas en beneficio al medio ambiente y las comunidades del destino, al mismo tiempo que viven una experiencia de lujo\u201d mencion\u00f3 Beatriz Mora, Directora de Talento Humano y Sostenibilidad de GrupoBD, corporativo al que pertenece ATELIER de Hoteles.<\/p>\n<p>Por otra parte, le comento que la Ley Seca que se decreta durante los comicios electorales, como los que se llevar\u00e1n a cabo este pr\u00f3ximo 2 de junio, pretende garantizar la mayor cantidad de votantes en las urnas.<\/p>\n<p>La Secretar\u00eda de Finanzas u Planeaci\u00f3n del gobierno de Quintana Roo dispuso que con motivo de la jornada electoral queda estrictamente prohibida la venta de bebidas alcoh\u00f3licas a partir de las 00:01 horas del primero de junio a las 23:59 horas del 2 de junio del presente a\u00f1o.<\/p>\n<p>Lo anterior se avis\u00f3 a los propietarios, administradores y\/o responsables de establecimiento en todo el territorio de Quintana Roo, sonde se expenden bebidas alcoh\u00f3licas en cualquiera de sus giros, excepto en los comercios ubicados en zonas tur\u00edsticas con licencia de bebidas alcoh\u00f3licas en establecimientos tipo restaurante y restaurante-bar.<\/p>\n<p>Durante la misma, se proh\u00edbe la venta de alcohol con la intenci\u00f3n de evitar su consumo, procura minimizar el riesgo de que las personas olviden o decidan no ir a votar como consecuencia de la fiesta de la noche anterior. En el caso de Quintana Roo dicha Ley Seca empieza desde el s\u00e1bado y todo el domingo.<\/p>\n<p>Ante ello, la Alianza Nacional de Peque\u00f1os Comerciantes (ANPEC) declara que esta medida, como se ha demostrado con anterioridad, no contribuye en lo m\u00e1s m\u00ednimo para tal fin, es decir, la Ley Seca no demuestra relaci\u00f3n directa respecto al n\u00famero de votantes. Mientras que s\u00ed queda claro que la prohibici\u00f3n termina por funcionar como piscolog\u00eda inversa, convoca a la gente a rebelarse contra ella, provoca, m\u00e1s que otra cosa, alteraci\u00f3n en el orden del mercado y estimulaci\u00f3n del mercado ilegal de venta de alcohol, pues los consumidores buscan de una u otra forma hacerse del producto de su inter\u00e9s.<\/p>\n<p>\u201cLas personas se preparan comprando de golpe lo que van a requerir antes de la veda o lo compran, si es necesario, incluso durante \u00e9sta bajo las condiciones que el mercado informal y\/o ilegal plantee, exponi\u00e9ndose a recibir gato por liebre con alcohol adulterado y siempre a un sobreprecio. En fin, se crea especulaci\u00f3n y se fomenta el mercado negro\u201d, explic\u00f3 Cuauht\u00e9moc Rivera, presidente de ANPEC.<\/p>\n<p>ANPEC pide que se reconozca que los fines bajo los cuales se establece la Ley Seca no se justifican y, en cambio, esta demuestra turbulencias en el mercado que afectan el bolsillo del consumidor y ponen en riesgo su salud, por lo que, por este medio, ante la carencia de beneficios y el desorden demostrado, formalmente solicita la alianza se ponga un alto a este decreto.<\/p>\n<p>D\u00e9jeme comentarle adem\u00e1s que seg\u00fan INEGI en 2023, el total de poblaci\u00f3n en M\u00e9xico fue de 129.5 millones de personas: 51.7 % correspondi\u00f3 a mujeres y 48.3 %, a hombres.<\/p>\n<p>La tasa de fecundidad de las mujeres entre 15 y 49 a\u00f1os fue de 1.60 hijas e hijos. Descendi\u00f3 con respecto a 2018, a\u00f1o en el que se estim\u00f3 en 2.07.<\/p>\n<p>De las adolescentes de 15 a 19 a\u00f1os que iniciaron su vida sexual, 66.9 % us\u00f3 un m\u00e9todo anticonceptivo en su primera relaci\u00f3n. Hubo un aumento en comparaci\u00f3n con 2018, a\u00f1o en que la cifra fue de 59.9 por ciento.<\/p>\n<p>Se estima que 1.2 millones de personas emigraron del pa\u00eds entre 2018 y 2023: 459 mil personas m\u00e1s que entre 2013 y 2018 (761 mil). De quienes emigraron, 78.5 % correspondi\u00f3 a hombres y 21.5 %, a mujeres.<\/p>\n<p>Ahora, veamos hacia los Estados Unidos para comentarle que Joe Biden y Kamala Harris encabezaron un evento electoral en Girard College de Filadelfia, Pennsylvania, a fin de promover el apoyo afroamericano para su reelecci\u00f3n.<\/p>\n<p>De acuerdo con un estudio reciente de Pew Research, actualmente hay 77% de apoyo para el presidente y 18% para Trump en la comunidad afroamericana; esta cifra es inferior a la que obtuvo Hillary Clinton en 2016 y el propio Biden en 2020.<\/p>\n<p>Adem\u00e1s, Lloyd Austin, secretario de Defensa, inici\u00f3 ayer su d\u00e9cima gira por la regi\u00f3n del Indo-Pac\u00edfico.<\/p>\n<p>Por otra parte, en conferencia de prensa, John Kirby, vocero del Consejo de Seguridad Nacional de la Casa Blanca, confirm\u00f3 que a partir de las acciones de control migratorio de M\u00e9xico, sobre todo en las rutas ferroviarias y en carreteras, se ha reducido el n\u00famero de detenciones de migrantes sin documentos en la frontera.<\/p>\n<p>Coment\u00f3 que la expectativa es que la cooperaci\u00f3n bilateral en este \u00e1mbito \u201cno disminuir\u00e1\u201d despu\u00e9s de las elecciones del 2 de junio; empero, lo anterior ser\u00e1 motivo de otro an\u00e1lisis en posterior entrega de <strong><em>HORA 14<\/em><\/strong>.<\/p>\n<p><em><a href=\"mailto:%20mauricio_conde@msn.com\" target=\"_blank\" rel=\"noopener noreferrer\">mauricioconde59@outlook.com<\/a><\/em><br \/>\n<em>X: <a href=\"https:\/\/twitter.com\/mauconde?lang=es\" target=\"_blank\" rel=\"noopener\">@mauconde<\/a><\/em><\/p>\n","protected":false},"excerpt":{"rendered":"<p><span style=\"color: #005497;\"><strong>Mauricio Conde Olivares<\/strong><\/span><\/p>\n","protected":false},"author":3,"featured_media":0,"comment_status":"open","ping_status":"open","sticky":false,"template":"","format":"standard","meta":{"_monsterinsights_skip_tracking":false,"_monsterinsights_sitenote_active":false,"_monsterinsights_sitenote_note":"","_monsterinsights_sitenote_category":0,"footnotes":""},"categories":[35889],"tags":[43712,43674,44860],"class_list":["post-621320","post","type-post","status-publish","format-standard","hentry","category-mauricio-conde-olivares","tag-mauricio-conde-olivares","tag-opinion","tag-hora-14"],"_links":{"self":[{"href":"https:\/\/www.diarioimagen.net\/index.php?rest_route=\/wp\/v2\/posts\/621320","targetHints":{"allow":["GET"]}}],"collection":[{"href":"https:\/\/www.diarioimagen.net\/index.php?rest_route=\/wp\/v2\/posts"}],"about":[{"href":"https:\/\/www.diarioimagen.net\/index.php?rest_route=\/wp\/v2\/types\/post"}],"author":[{"embeddable":true,"href":"https:\/\/www.diarioimagen.net\/index.php?rest_route=\/wp\/v2\/users\/3"}],"replies":[{"embeddable":true,"href":"https:\/\/www.diarioimagen.net\/index.php?rest_route=%2Fwp%2Fv2%2Fcomments&post=621320"}],"version-history":[{"count":0,"href":"https:\/\/www.diarioimagen.net\/index.php?rest_route=\/wp\/v2\/posts\/621320\/revisions"}],"wp:attachment":[{"href":"https:\/\/www.diarioimagen.net\/index.php?rest_route=%2Fwp%2Fv2%2Fmedia&parent=621320"}],"wp:term":[{"taxonomy":"category","embeddable":true,"href":"https:\/\/www.diarioimagen.net\/index.php?rest_route=%2Fwp%2Fv2%2Fcategories&post=621320"},{"taxonomy":"post_tag","embeddable":true,"href":"https:\/\/www.diarioimagen.net\/index.php?rest_route=%2Fwp%2Fv2%2Ftags&post=621320"}],"curies":[{"name":"wp","href":"https:\/\/api.w.org\/{rel}","templated":true}]}}