{"id":621377,"date":"2024-06-03T00:06:07","date_gmt":"2024-06-03T06:06:07","guid":{"rendered":"https:\/\/www.diarioimagen.net\/?p=621377"},"modified":"2024-06-03T00:57:54","modified_gmt":"2024-06-03T06:57:54","slug":"relampagos-participa-en-traslado-de-tres-organos-de-culiacan-a-cdmx","status":"publish","type":"post","link":"https:\/\/www.diarioimagen.net\/?p=621377","title":{"rendered":"\u201cRel\u00e1mpagos\u201d participa en traslado de tres \u00f3rganos, de Culiac\u00e1n a CDMX"},"content":{"rendered":"<p>&nbsp;<\/p>\n<h2 style=\"text-align: center;\">Apoyo para salvar vidas<\/h2>\n<p>&nbsp;<\/p>\n<ul>\n<li><strong><em>Vuelo del AIFA al Centro M\u00e9dico Nacional se realiz\u00f3, bajo el protocolo establecido, en 12 minutos<\/em><\/strong><\/li>\n<\/ul>\n<p><strong>\u00a0<\/strong><\/p>\n<div id=\"attachment_621499\" style=\"width: 470px\" class=\"wp-caption aligncenter\"><a href=\"https:\/\/www.diarioimagen.net\/?attachment_id=621499\" rel=\"attachment wp-att-621499\"><img loading=\"lazy\" decoding=\"async\" aria-describedby=\"caption-attachment-621499\" class=\"size-full wp-image-621499\" src=\"https:\/\/www.diarioimagen.net\/wp-content\/uploads\/2024\/06\/relampagos-participa.jpg\" alt=\"\" width=\"460\" height=\"270\" \/><\/a><p id=\"caption-attachment-621499\" class=\"wp-caption-text\">Un helic\u00f3ptero de \u201cRel\u00e1mpagos\u201d recibi\u00f3 dos ri\u00f1ones y un h\u00edgado provenientes de\u00a0 Culiac\u00e1n, en la Base del Aeropuerto Internacional \u201cFelipe \u00c1ngeles\u201d para llevarlos al Centro M\u00e9dico Nacional \u201c20 de Noviembre\u201d, en CDMX.<\/p><\/div>\n<p>&nbsp;<\/p>\n<p><strong>Zumpango, Estado de M\u00e9xico.\u2014<\/strong> La Unidad de Rescate A\u00e9reo \u201cRel\u00e1mpagos\u201d del Gobierno del Estado de M\u00e9xico apoy\u00f3 en el traslado de tres \u00f3rganos provenientes de Sinaloa a la Ciudad de M\u00e9xico.<\/p>\n<p>En apoyo al Centro Nacional de Trasplantes (Cenatra), el helic\u00f3ptero con matr\u00edcula XC-ERA R-1 recibi\u00f3 dos ri\u00f1ones y un h\u00edgado provenientes del Hospital General Regional No. 1 de Culiac\u00e1n, Sinaloa en la Base Rel\u00e1mpagos del Aeropuerto Internacional \u201cFelipe \u00c1ngeles\u201d (AIFA) para llevarlos al Centro M\u00e9dico Nacional \u201c20 de Noviembre\u201d, en la Ciudad de M\u00e9xico.<\/p>\n<p>Dada la relevancia, cuidado y procuraci\u00f3n de los \u00f3rganos, el traslado se realiz\u00f3 bajo el protocolo establecido y en un tiempo de 12 minutos, cuando por tierra una ambulancia hubiese hecho el recorrido en un promedio de hora y media.<\/p>\n<p>En lo que va de la actual administraci\u00f3n, al corte del 30 de abril 2024, la Unidad de Rescate A\u00e9reo \u201cRel\u00e1mpagos\u201d, ha realizado el traslado de 51 \u00f3rganos, apoyando a la donaci\u00f3n y trasplante de los mismos para dar una segunda oportunidad de vida a quienes as\u00ed lo requieran.<\/p>\n","protected":false},"excerpt":{"rendered":"<p>La Unidad de Rescate A\u00e9reo \u201cRel\u00e1mpagos\u201d del Gobierno del Estado de M\u00e9xico apoy\u00f3 en el traslado de tres \u00f3rganos provenientes de Sinaloa a la Ciudad de M\u00e9xico.<\/p>\n","protected":false},"author":3,"featured_media":621499,"comment_status":"open","ping_status":"open","sticky":false,"template":"","format":"standard","meta":{"_monsterinsights_skip_tracking":false,"_monsterinsights_sitenote_active":false,"_monsterinsights_sitenote_note":"","_monsterinsights_sitenote_category":0,"footnotes":""},"categories":[18863,99730],"tags":[34444,99891,42775,43692,43506],"class_list":["post-621377","post","type-post","status-publish","format-standard","has-post-thumbnail","hentry","category-salud-edomex","category-edomex","tag-cdmx","tag-organo","tag-relampagos","tag-salud","tag-traslado"],"_links":{"self":[{"href":"https:\/\/www.diarioimagen.net\/index.php?rest_route=\/wp\/v2\/posts\/621377","targetHints":{"allow":["GET"]}}],"collection":[{"href":"https:\/\/www.diarioimagen.net\/index.php?rest_route=\/wp\/v2\/posts"}],"about":[{"href":"https:\/\/www.diarioimagen.net\/index.php?rest_route=\/wp\/v2\/types\/post"}],"author":[{"embeddable":true,"href":"https:\/\/www.diarioimagen.net\/index.php?rest_route=\/wp\/v2\/users\/3"}],"replies":[{"embeddable":true,"href":"https:\/\/www.diarioimagen.net\/index.php?rest_route=%2Fwp%2Fv2%2Fcomments&post=621377"}],"version-history":[{"count":0,"href":"https:\/\/www.diarioimagen.net\/index.php?rest_route=\/wp\/v2\/posts\/621377\/revisions"}],"wp:featuredmedia":[{"embeddable":true,"href":"https:\/\/www.diarioimagen.net\/index.php?rest_route=\/wp\/v2\/media\/621499"}],"wp:attachment":[{"href":"https:\/\/www.diarioimagen.net\/index.php?rest_route=%2Fwp%2Fv2%2Fmedia&parent=621377"}],"wp:term":[{"taxonomy":"category","embeddable":true,"href":"https:\/\/www.diarioimagen.net\/index.php?rest_route=%2Fwp%2Fv2%2Fcategories&post=621377"},{"taxonomy":"post_tag","embeddable":true,"href":"https:\/\/www.diarioimagen.net\/index.php?rest_route=%2Fwp%2Fv2%2Ftags&post=621377"}],"curies":[{"name":"wp","href":"https:\/\/api.w.org\/{rel}","templated":true}]}}