{"id":621383,"date":"2024-06-03T00:04:25","date_gmt":"2024-06-03T06:04:25","guid":{"rendered":"https:\/\/www.diarioimagen.net\/?p=621383"},"modified":"2024-06-03T01:04:20","modified_gmt":"2024-06-03T07:04:20","slug":"denuncian-irregularidades-en-la-eleccion-del-domingo-en-municipios-mexiquenses","status":"publish","type":"post","link":"https:\/\/www.diarioimagen.net\/?p=621383","title":{"rendered":"Denuncian\u00a0irregularidades en la elecci\u00f3n del domingo en municipios mexiquenses"},"content":{"rendered":"<p>&nbsp;<\/p>\n<ul>\n<li><em><strong>Todos se dijeron ganadores<\/strong><\/em><\/li>\n<\/ul>\n<p><strong>\u00a0<\/strong><\/p>\n<h6>Arturo Baena<\/h6>\n<p>&nbsp;<\/p>\n<div id=\"attachment_621494\" style=\"width: 470px\" class=\"wp-caption aligncenter\"><a href=\"https:\/\/www.diarioimagen.net\/?attachment_id=621494\" rel=\"attachment wp-att-621494\"><img loading=\"lazy\" decoding=\"async\" aria-describedby=\"caption-attachment-621494\" class=\"size-full wp-image-621494\" src=\"https:\/\/www.diarioimagen.net\/wp-content\/uploads\/2024\/06\/denuncian-irregularidades.jpg\" alt=\"\" width=\"460\" height=\"270\" \/><\/a><p id=\"caption-attachment-621494\" class=\"wp-caption-text\">Las elecciones en municipios mexiquenses transcurrieron con pocos incidentes y s\u00ed mucha participaci\u00f3n ciudadana.<\/p><\/div>\n<p>&nbsp;<\/p>\n<p><strong>Valle de M\u00e9xico.\u2014<\/strong> Durante la jornada electoral de ayer 2 de junio no faltaron las denuncias de acarreo, compra de votos y robo de urnas y apertura tard\u00eda de casillas, sin embargo, las elecciones transcurrieron con pocos incidentes y s\u00ed mucha participaci\u00f3n ciudadana.<\/p>\n<p>Al cierre del proceso electoral, al filo de las 18:00 horas, los responsables de cada partido pol\u00edtico en la contienda, afirmaron que la votaci\u00f3n fue copiosa y en algunos casos, como lo fueron las casillas especiales, las boletas se agotaron.<\/p>\n<p>Dos horas despu\u00e9s, como siempre sucede en cada elecci\u00f3n, todos los candidatos a cargos de elecci\u00f3n popular, se dijeron triunfadores de la contienda en municipios como son Naucalpan, Tlalnepantla y Atizap\u00e1n, entre otros.\u00a0 \u201c\u00a1Ya ganamos!\u201d.. \u201c\u00a1Fue un triunfo contundente!\u201d, gritaban militantes y simpatizantes de los partidos Fuerza y Coraz\u00f3n por M\u00e9xico y Juntos Haremos Historia, pero la autoridad electoral se manten\u00eda al margen y ped\u00eda paciencia, pues a\u00fan faltaban muchas casillas por contabilizar.<\/p>\n<p>Al cierre de esta edici\u00f3n, a\u00fan no se conoc\u00edan de manera oficial los resultados de los procesos electorales que estuvieron en juego y trascendi\u00f3 que ser\u00eda en el transcurso de este lunes o a m\u00e1s tardar el mi\u00e9rcoles que se dar\u00eda a conocer el c\u00f3mputo final.<\/p>\n<p>Finalmente, la consejera presidenta del Instituto Electoral del Estado de M\u00e9xico (IEEM), Amalia Pulido G\u00f3mez, agradeci\u00f3 la participaci\u00f3n ciudadana en los procesos electorales llevados a cabo en la entidad mexiquense.<\/p>\n","protected":false},"excerpt":{"rendered":"<p>Durante la jornada electoral de ayer 2 de junio no faltaron las denuncias de acarreo, compra de votos y robo de urnas y apertura tard\u00eda de casillas, sin embargo, las elecciones transcurrieron con pocos incidentes y s\u00ed mucha participaci\u00f3n ciudadana.<\/p>\n","protected":false},"author":3,"featured_media":621494,"comment_status":"open","ping_status":"open","sticky":false,"template":"","format":"standard","meta":{"_monsterinsights_skip_tracking":false,"_monsterinsights_sitenote_active":false,"_monsterinsights_sitenote_note":"","_monsterinsights_sitenote_category":0,"footnotes":""},"categories":[5],"tags":[100032,25414,34],"class_list":["post-621383","post","type-post","status-publish","format-standard","has-post-thumbnail","hentry","category-estado-de-mexico","tag-irregulariudades","tag-municipios","tag-valle-de-mexico"],"_links":{"self":[{"href":"https:\/\/www.diarioimagen.net\/index.php?rest_route=\/wp\/v2\/posts\/621383","targetHints":{"allow":["GET"]}}],"collection":[{"href":"https:\/\/www.diarioimagen.net\/index.php?rest_route=\/wp\/v2\/posts"}],"about":[{"href":"https:\/\/www.diarioimagen.net\/index.php?rest_route=\/wp\/v2\/types\/post"}],"author":[{"embeddable":true,"href":"https:\/\/www.diarioimagen.net\/index.php?rest_route=\/wp\/v2\/users\/3"}],"replies":[{"embeddable":true,"href":"https:\/\/www.diarioimagen.net\/index.php?rest_route=%2Fwp%2Fv2%2Fcomments&post=621383"}],"version-history":[{"count":0,"href":"https:\/\/www.diarioimagen.net\/index.php?rest_route=\/wp\/v2\/posts\/621383\/revisions"}],"wp:featuredmedia":[{"embeddable":true,"href":"https:\/\/www.diarioimagen.net\/index.php?rest_route=\/wp\/v2\/media\/621494"}],"wp:attachment":[{"href":"https:\/\/www.diarioimagen.net\/index.php?rest_route=%2Fwp%2Fv2%2Fmedia&parent=621383"}],"wp:term":[{"taxonomy":"category","embeddable":true,"href":"https:\/\/www.diarioimagen.net\/index.php?rest_route=%2Fwp%2Fv2%2Fcategories&post=621383"},{"taxonomy":"post_tag","embeddable":true,"href":"https:\/\/www.diarioimagen.net\/index.php?rest_route=%2Fwp%2Fv2%2Ftags&post=621383"}],"curies":[{"name":"wp","href":"https:\/\/api.w.org\/{rel}","templated":true}]}}