{"id":621385,"date":"2024-06-03T00:02:27","date_gmt":"2024-06-03T06:02:27","guid":{"rendered":"https:\/\/www.diarioimagen.net\/?p=621385"},"modified":"2024-06-03T00:52:52","modified_gmt":"2024-06-03T06:52:52","slug":"el-fracaso-del-pri-mexiquense-es-por-culpa-de-malas-decisiones-militantes","status":"publish","type":"post","link":"https:\/\/www.diarioimagen.net\/?p=621385","title":{"rendered":"El fracaso del PRI mexiquense es por culpa de malas decisiones: militantes"},"content":{"rendered":"<p>&nbsp;<\/p>\n<ul>\n<li><em><strong>Exigen la renuncia de \u201cAlito\u201d Moreno<\/strong><\/em><\/li>\n<\/ul>\n<p>&nbsp;<\/p>\n<div id=\"attachment_621488\" style=\"width: 470px\" class=\"wp-caption aligncenter\"><a href=\"https:\/\/www.diarioimagen.net\/?attachment_id=621488\" rel=\"attachment wp-att-621488\"><img loading=\"lazy\" decoding=\"async\" aria-describedby=\"caption-attachment-621488\" class=\"size-full wp-image-621488\" src=\"https:\/\/www.diarioimagen.net\/wp-content\/uploads\/2024\/06\/fracaso-del-pri-mexiquense.jpg\" alt=\"\" width=\"460\" height=\"270\" \/><\/a><p id=\"caption-attachment-621488\" class=\"wp-caption-text\">Priistas mexiquenses insisten en la salida de Alejandro Moreno C\u00e1rdenas a la dirigencia nacional\u00a0del PRI, luego de la renuncia\u00a0 de Alfredo\u00a0del Mazo Maza.<\/p><\/div>\n<p>&nbsp;<\/p>\n<p><strong>Valle de M\u00e9xico.\u2014<\/strong> Luego de que, a trav\u00e9s de sus redes sociales, Alfredo del Mazo emitiera una carta en la que inform\u00f3 oficialmente su renuncia a la militancia del Partido Revolucionario Institucional (PRI), partido que lo llev\u00f3 a la gubernatura mexiquense, priista volvieron a criticar y exigir la renuncia definitiva de Alejandro Moreno C\u00e1rdenas de ese instituto pol\u00edtico.<\/p>\n<p>\u201cPor culpa de \u201c Alito\u201d, el peor dirigente nacional que ha tenido el PRI, nuestro partido est\u00e1 destinado al fracaso y pasar a ser la cuarta fuerza pol\u00edtica en este pa\u00eds, por sus est\u00fapidas decisiones\u201d, remarcaron.<\/p>\n<p>En efecto, dicen los priistas mexiquenses en voz de Juan Ortiz, \u201cmucha raz\u00f3n tiene el ex gobernador Alfredo del Mazo, quien acus\u00f3 a Moreno C\u00e1rdenas, de ser responsable del deterioro del partido y de haber perdido la confianza de millones de militantes priistas, describi\u00e9ndolo como un individuo mentiroso, c\u00ednico y traidor\u201d, dijo.<\/p>\n<p>Por otra parte, afirm\u00f3 que \u201cel PRI mexiquense se est\u00e1 quedando s\u00f3lo, sin cuadros, liderazgos y est\u00e1 predestinado al fracaso por sus malas decisiones de imponer a familiares, amigos y fuere\u00f1os en cargos de elecci\u00f3n popular en diversos municipios mexiquenses\u201d, reiter\u00f3.<\/p>\n<p>Asimismo, puntualiz\u00f3 qu\u00e9, \u201cla factura ya se cobr\u00f3 el 2 de junio. Ahora necesitamos sangre nueva en nuestro partido. Por dignidad, Alejandro Moreno, debe de renunciar no solo a la dirigencia nacional, sino al partido que ya sepult\u00f3\u201d, remarc\u00f3.<\/p>\n<p>Finalmente, los priistas del Estado de M\u00e9xico, remataron:\u201d hoy es el tiempo de renovaci\u00f3n, hoy es el tiempo de cerrar el paso a ineptos de la pol\u00edtica mexiquense\u201d, concluyeron.<\/p>\n","protected":false},"excerpt":{"rendered":"<p>Luego de que, a trav\u00e9s de sus redes sociales, Alfredo del Mazo emitiera una carta en la que inform\u00f3 oficialmente su renuncia a la militancia del Partido Revolucionario Institucional (PRI), partido que lo llev\u00f3 a la gubernatura mexiquense, priista volvieron a criticar y exigir la renuncia definitiva de Alejandro Moreno C\u00e1rdenas de ese instituto pol\u00edtico.<\/p>\n","protected":false},"author":3,"featured_media":621488,"comment_status":"open","ping_status":"open","sticky":false,"template":"","format":"standard","meta":{"_monsterinsights_skip_tracking":false,"_monsterinsights_sitenote_active":false,"_monsterinsights_sitenote_note":"","_monsterinsights_sitenote_category":0,"footnotes":""},"categories":[5],"tags":[100033,362,34],"class_list":["post-621385","post","type-post","status-publish","format-standard","has-post-thumbnail","hentry","category-estado-de-mexico","tag-malas-decisiones","tag-pri","tag-valle-de-mexico"],"_links":{"self":[{"href":"https:\/\/www.diarioimagen.net\/index.php?rest_route=\/wp\/v2\/posts\/621385","targetHints":{"allow":["GET"]}}],"collection":[{"href":"https:\/\/www.diarioimagen.net\/index.php?rest_route=\/wp\/v2\/posts"}],"about":[{"href":"https:\/\/www.diarioimagen.net\/index.php?rest_route=\/wp\/v2\/types\/post"}],"author":[{"embeddable":true,"href":"https:\/\/www.diarioimagen.net\/index.php?rest_route=\/wp\/v2\/users\/3"}],"replies":[{"embeddable":true,"href":"https:\/\/www.diarioimagen.net\/index.php?rest_route=%2Fwp%2Fv2%2Fcomments&post=621385"}],"version-history":[{"count":0,"href":"https:\/\/www.diarioimagen.net\/index.php?rest_route=\/wp\/v2\/posts\/621385\/revisions"}],"wp:featuredmedia":[{"embeddable":true,"href":"https:\/\/www.diarioimagen.net\/index.php?rest_route=\/wp\/v2\/media\/621488"}],"wp:attachment":[{"href":"https:\/\/www.diarioimagen.net\/index.php?rest_route=%2Fwp%2Fv2%2Fmedia&parent=621385"}],"wp:term":[{"taxonomy":"category","embeddable":true,"href":"https:\/\/www.diarioimagen.net\/index.php?rest_route=%2Fwp%2Fv2%2Fcategories&post=621385"},{"taxonomy":"post_tag","embeddable":true,"href":"https:\/\/www.diarioimagen.net\/index.php?rest_route=%2Fwp%2Fv2%2Ftags&post=621385"}],"curies":[{"name":"wp","href":"https:\/\/api.w.org\/{rel}","templated":true}]}}