{"id":621387,"date":"2024-06-03T00:03:53","date_gmt":"2024-06-03T06:03:53","guid":{"rendered":"https:\/\/www.diarioimagen.net\/?p=621387"},"modified":"2024-06-03T01:11:19","modified_gmt":"2024-06-03T07:11:19","slug":"expulsion-de-alfredo-del-mazo-maza-fue-unanime-comision-permanente-del-pri","status":"publish","type":"post","link":"https:\/\/www.diarioimagen.net\/?p=621387","title":{"rendered":"Expulsi\u00f3n de Alfredo del Mazo Maza fue un\u00e1nime: comisi\u00f3n permanente del\u00a0PRI"},"content":{"rendered":"<p>&nbsp;<\/p>\n<ul>\n<li><em><strong>Fue acusado de traici\u00f3n<\/strong><\/em><\/li>\n<\/ul>\n<p>&nbsp;<\/p>\n<div id=\"attachment_621492\" style=\"width: 470px\" class=\"wp-caption aligncenter\"><a href=\"https:\/\/www.diarioimagen.net\/?attachment_id=621492\" rel=\"attachment wp-att-621492\"><img loading=\"lazy\" decoding=\"async\" aria-describedby=\"caption-attachment-621492\" class=\"size-full wp-image-621492\" src=\"https:\/\/www.diarioimagen.net\/wp-content\/uploads\/2024\/06\/expulsion-de-alfredo.jpg\" alt=\"\" width=\"460\" height=\"270\" \/><\/a><p id=\"caption-attachment-621492\" class=\"wp-caption-text\">La Comisi\u00f3n Nacional Permanente del PRI recalc\u00f3 que se vot\u00f3 de manera un\u00e1nime la expulsi\u00f3n de Del\u00a0 Mazo Maza p promover y coadyuvar con otros partidos, cuyo resultado fue la entrega del Edomex.<\/p><\/div>\n<p>&nbsp;<\/p>\n<p><strong>Toluca, Estado de M\u00e9xico.\u2014<\/strong> Mientras que el ex gobernador Alfredo del Mazo afirm\u00f3 que fue \u00e9l quien renunci\u00f3, la Comisi\u00f3n Nacional Permanente del Partido Revolucionario Institucional (PRI), recalc\u00f3 que se vot\u00f3 de manera un\u00e1nime la expulsi\u00f3n de Del\u00a0 Mazo Maza, del partido.<\/p>\n<p>Trascendi\u00f3 que la decisi\u00f3n fue tomada de manera un\u00e1nime por la Comisi\u00f3n, por traici\u00f3n al PRI al promover y coadyuvar con otros partidos pol\u00edticos, cuyo resultado fue la entrega del Edomex, en la pasada elecci\u00f3n para gobernador.<\/p>\n<p>Hace unos d\u00edas, Alejandro Moreno critic\u00f3 duramente a Alfredo del Mazo, acus\u00e1ndolo de traici\u00f3n al entregar el Estado de M\u00e9xico a Morena en las elecciones de 2023, en las que Delfina G\u00f3mez \u00c1lvarez result\u00f3 vencedora. Este acontecimiento se produce pocos d\u00edas despu\u00e9s de que Alejandra del Moral, ex candidata del PRI al gobierno estatal, renunciara al partido.<\/p>\n<p>Del Moral anunci\u00f3 p\u00fablicamente su apoyo a la candidata presidencial Claudia Sheinbaum, del partido Morena y atribuy\u00f3 su salida a la dirigencia nacional del PRI, encabezada por Alejandro Moreno.<\/p>\n<p>\u201cQueda claro en el contexto de esta elecci\u00f3n, es que quien estaba de gobernador en ese momento, un traidor, un timorato, un falto de car\u00e1cter como lo es Alfredo del Mazo, entreg\u00f3 el Estado de M\u00e9xico a cambio de impunidad y de que no lo persiguieran\u201d, expres\u00f3 el l\u00edder pri\u00edsta.<\/p>\n<p>La p\u00e9rdida del Estado de M\u00e9xico, considerado el basti\u00f3n m\u00e1s importante del PRI, fue un golpe significativo para el partido.<\/p>\n","protected":false},"excerpt":{"rendered":"<p>Mientras que el ex gobernador Alfredo del Mazo afirm\u00f3 que fue \u00e9l quien renunci\u00f3, la Comisi\u00f3n Nacional Permanente del Partido Revolucionario Institucional (PRI), recalc\u00f3 que se vot\u00f3 de manera un\u00e1nime la expulsi\u00f3n de Del\u00a0 Mazo Maza, del partido.<\/p>\n","protected":false},"author":3,"featured_media":621492,"comment_status":"open","ping_status":"open","sticky":false,"template":"","format":"standard","meta":{"_monsterinsights_skip_tracking":false,"_monsterinsights_sitenote_active":false,"_monsterinsights_sitenote_note":"","_monsterinsights_sitenote_category":0,"footnotes":""},"categories":[5],"tags":[2505,23931,362,100034],"class_list":["post-621387","post","type-post","status-publish","format-standard","has-post-thumbnail","hentry","category-estado-de-mexico","tag-alfredo-del-mazo-maza","tag-expulsion","tag-pri","tag-unanime"],"_links":{"self":[{"href":"https:\/\/www.diarioimagen.net\/index.php?rest_route=\/wp\/v2\/posts\/621387","targetHints":{"allow":["GET"]}}],"collection":[{"href":"https:\/\/www.diarioimagen.net\/index.php?rest_route=\/wp\/v2\/posts"}],"about":[{"href":"https:\/\/www.diarioimagen.net\/index.php?rest_route=\/wp\/v2\/types\/post"}],"author":[{"embeddable":true,"href":"https:\/\/www.diarioimagen.net\/index.php?rest_route=\/wp\/v2\/users\/3"}],"replies":[{"embeddable":true,"href":"https:\/\/www.diarioimagen.net\/index.php?rest_route=%2Fwp%2Fv2%2Fcomments&post=621387"}],"version-history":[{"count":0,"href":"https:\/\/www.diarioimagen.net\/index.php?rest_route=\/wp\/v2\/posts\/621387\/revisions"}],"wp:featuredmedia":[{"embeddable":true,"href":"https:\/\/www.diarioimagen.net\/index.php?rest_route=\/wp\/v2\/media\/621492"}],"wp:attachment":[{"href":"https:\/\/www.diarioimagen.net\/index.php?rest_route=%2Fwp%2Fv2%2Fmedia&parent=621387"}],"wp:term":[{"taxonomy":"category","embeddable":true,"href":"https:\/\/www.diarioimagen.net\/index.php?rest_route=%2Fwp%2Fv2%2Fcategories&post=621387"},{"taxonomy":"post_tag","embeddable":true,"href":"https:\/\/www.diarioimagen.net\/index.php?rest_route=%2Fwp%2Fv2%2Ftags&post=621387"}],"curies":[{"name":"wp","href":"https:\/\/api.w.org\/{rel}","templated":true}]}}