{"id":621389,"date":"2024-06-03T00:01:07","date_gmt":"2024-06-03T06:01:07","guid":{"rendered":"https:\/\/www.diarioimagen.net\/?p=621389"},"modified":"2024-06-03T00:53:19","modified_gmt":"2024-06-03T06:53:19","slug":"festeja-el-suteym-naucalpan-a-las-mamas-sindicalizadas","status":"publish","type":"post","link":"https:\/\/www.diarioimagen.net\/?p=621389","title":{"rendered":"Festeja el SUTEyM-Naucalpan a las mam\u00e1s sindicalizadas"},"content":{"rendered":"<p>&nbsp;<\/p>\n<p><a href=\"https:\/\/www.diarioimagen.net\/?attachment_id=621490\" rel=\"attachment wp-att-621490\"><img loading=\"lazy\" decoding=\"async\" class=\"aligncenter size-full wp-image-621490\" src=\"https:\/\/www.diarioimagen.net\/wp-content\/uploads\/2024\/06\/festeja-suteym.jpg\" alt=\"\" width=\"460\" height=\"270\" \/><\/a><\/p>\n<p>&nbsp;<\/p>\n<p><strong>Naucalpan, Estado de M\u00e9xico.\u2014 <\/strong>Tom\u00e1s Palomares Parra, secretario general del Sindicato \u00danico de Trabajadores del Estado y Municipios (SUTEyM), en esta localidad, reconoci\u00f3 a las mam\u00e1s suteymistas por el tiempo y disposici\u00f3n que tienen, de forjar un mejor porvenir para sus familias.<\/p>\n<p>\u201cLas mujeres del SUTEYM de Naucalpan, son el eje de cualquier administraci\u00f3n, es por ello que hay que\u00a0 reconocer el esfuerzo y el compromiso social que realizan, tanto en el servicio p\u00fablico como en sus hogares, por salir adelante ante los retos de la propia vida\u201d, precis\u00f3. Manifest\u00f3 categ\u00f3rico que ser madre es precisamente el trabajo m\u00e1s sublime que alguien puede tener por muchas razones, y entre ellas ser la creaci\u00f3n perfecta y \u00fanica de Dios.<\/p>\n","protected":false},"excerpt":{"rendered":"<p>Tom\u00e1s Palomares Parra, secretario general del Sindicato \u00danico de Trabajadores del Estado y Municipios (SUTEyM), en esta localidad, reconoci\u00f3 a las mam\u00e1s suteymistas por el tiempo y disposici\u00f3n que tienen, de forjar un mejor porvenir para sus familias.<\/p>\n","protected":false},"author":3,"featured_media":621490,"comment_status":"open","ping_status":"open","sticky":false,"template":"","format":"standard","meta":{"_monsterinsights_skip_tracking":false,"_monsterinsights_sitenote_active":false,"_monsterinsights_sitenote_note":"","_monsterinsights_sitenote_category":0,"footnotes":""},"categories":[5],"tags":[20602,84943,100035,2572],"class_list":["post-621389","post","type-post","status-publish","format-standard","has-post-thumbnail","hentry","category-estado-de-mexico","tag-festejo","tag-mamas","tag-sindicalziadas","tag-suteym"],"_links":{"self":[{"href":"https:\/\/www.diarioimagen.net\/index.php?rest_route=\/wp\/v2\/posts\/621389","targetHints":{"allow":["GET"]}}],"collection":[{"href":"https:\/\/www.diarioimagen.net\/index.php?rest_route=\/wp\/v2\/posts"}],"about":[{"href":"https:\/\/www.diarioimagen.net\/index.php?rest_route=\/wp\/v2\/types\/post"}],"author":[{"embeddable":true,"href":"https:\/\/www.diarioimagen.net\/index.php?rest_route=\/wp\/v2\/users\/3"}],"replies":[{"embeddable":true,"href":"https:\/\/www.diarioimagen.net\/index.php?rest_route=%2Fwp%2Fv2%2Fcomments&post=621389"}],"version-history":[{"count":0,"href":"https:\/\/www.diarioimagen.net\/index.php?rest_route=\/wp\/v2\/posts\/621389\/revisions"}],"wp:featuredmedia":[{"embeddable":true,"href":"https:\/\/www.diarioimagen.net\/index.php?rest_route=\/wp\/v2\/media\/621490"}],"wp:attachment":[{"href":"https:\/\/www.diarioimagen.net\/index.php?rest_route=%2Fwp%2Fv2%2Fmedia&parent=621389"}],"wp:term":[{"taxonomy":"category","embeddable":true,"href":"https:\/\/www.diarioimagen.net\/index.php?rest_route=%2Fwp%2Fv2%2Fcategories&post=621389"},{"taxonomy":"post_tag","embeddable":true,"href":"https:\/\/www.diarioimagen.net\/index.php?rest_route=%2Fwp%2Fv2%2Ftags&post=621389"}],"curies":[{"name":"wp","href":"https:\/\/api.w.org\/{rel}","templated":true}]}}