{"id":621513,"date":"2024-06-04T00:01:10","date_gmt":"2024-06-04T06:01:10","guid":{"rendered":"https:\/\/www.diarioimagen.net\/?p=621513"},"modified":"2024-06-04T23:40:04","modified_gmt":"2024-06-05T05:40:04","slug":"el-pais-amanece-con-capitulo-nuevo-en-su-historia-politica-mag-rafael-guerra-alvarez","status":"publish","type":"post","link":"https:\/\/www.diarioimagen.net\/?p=621513","title":{"rendered":"El pa\u00eds amanece con cap\u00edtulo nuevo en su historia pol\u00edtica: mag. Rafael Guerra \u00c1lvarez"},"content":{"rendered":"<p>&nbsp;<\/p>\n<ul>\n<li><strong><em>En la ceremonia de honores a la bandera en la Ciudad Judicial, se\u00f1al\u00f3 a M\u00e9xico como una naci\u00f3n democr\u00e1tica, institucional, de pac\u00edfica transmisi\u00f3n de poderes y l\u00edder entre los pa\u00edses del mundo<\/em><\/strong><\/li>\n<\/ul>\n<p>&nbsp;<\/p>\n<div id=\"attachment_621610\" style=\"width: 470px\" class=\"wp-caption aligncenter\"><a href=\"https:\/\/www.diarioimagen.net\/?attachment_id=621610\" rel=\"attachment wp-att-621610\"><img loading=\"lazy\" decoding=\"async\" aria-describedby=\"caption-attachment-621610\" class=\"size-full wp-image-621610\" src=\"https:\/\/www.diarioimagen.net\/wp-content\/uploads\/2024\/06\/tribunal-pais-amanece.jpg\" alt=\"\" width=\"460\" height=\"270\" \/><\/a><p id=\"caption-attachment-621610\" class=\"wp-caption-text\">El presidente del PJCDMX, magistrado Rafael Guerra \u00c1lvarez, hizo un llamamiento a renovar la lealtad a la patria, as\u00ed como avivar \u201cnuestra pasi\u00f3n por la verdad\u201d.<\/p><\/div>\n<p>&nbsp;<\/p>\n<p>El presidente del Poder Judicial de la Ciudad de M\u00e9xico (PJCDMX), magistrado Rafael Guerra \u00c1lvarez, asegur\u00f3 que el pa\u00eds amaneci\u00f3 con el inicio de un nuevo cap\u00edtulo en su historia pol\u00edtica, como una naci\u00f3n democr\u00e1tica, institucional, de pac\u00edfica transmisi\u00f3n de poderes y l\u00edder entre los pa\u00edses del mundo.<\/p>\n<p>Al encabezar la ceremonia de honores a la bandera en la Ciudad Judicial, hizo un llamamiento a renovar la lealtad a la patria, as\u00ed como a avivar \u201cnuestra pasi\u00f3n por la verdad\u201d, y convoc\u00f3 a hacer del \u00f3rgano judicial capitalino basti\u00f3n de lealtad y orgullo nacional al servicio de la humanidad.<\/p>\n<p>Ante consejeros y consejeras de la Judicatura de la Ciudad de M\u00e9xico, magistradas, magistrados, juezas, jueces, titulares de \u00e1reas administrativas y de apoyo judicial, trabajadores y jubilados, subray\u00f3 que \u201cest\u00e1 en nuestras manos recordar el legado de nuestros h\u00e9roes y trabajar por acumular una herencia de principios y valores que lleguen a nuestros hijos\u201d.<\/p>\n<p>\u201cJusticia, libertad, equidad, democracia, prosperidad, informaci\u00f3n, educaci\u00f3n y salud son los pilares de la vida humana y social, pero no nacieron espont\u00e1neamente de las palabras. Se requiere trabajo, compromiso, vocaci\u00f3n, coraje y herencia, de la que M\u00e9xico tiene mucha y suficiente para compartir con las naciones del mundo\u201d, consider\u00f3.<\/p>\n<p>Agreg\u00f3 que el PJCDMX rinde honores a esa herencia y de manera especial a la colaboraci\u00f3n entre poderes, al pacto federal \u201cque nos une con entidades hermanas que tambi\u00e9n est\u00e1n viviendo la regeneraci\u00f3n de su tejido gubernamental\u201d<\/p>\n<p>Al magistrado lo acompa\u00f1aron en el pres\u00eddium la consejera de la Judicatura Emma Campos Burgos; la magistrada Cruz Lilia Romero Ram\u00edrez; los magistrados Lino Pedro Bola\u00f1os Cayetano, H\u00e9ctor Samuel Casillas Macedo y Jos\u00e9 Manuel Salazar Uribe; el oficial mayor, Sergio Fontes Granados, y la coordinadora de Intervenci\u00f3n Especializada para Apoyo Judicial, Mariana Ortiz Casta\u00f1ares.<\/p>\n<p>En la ceremonia c\u00edvica participaron la Escolta, Orquesta Sinf\u00f3nica y Banda de Guerra de la Secretar\u00eda de la Defensa Nacional; elementos de la Polic\u00eda Bancaria e Industrial y la Escolta de Honor de la Asociaci\u00f3n de Jubilados y Pensionados del PJCDMX.<\/p>\n","protected":false},"excerpt":{"rendered":"<p>El presidente del Poder Judicial de la Ciudad de M\u00e9xico (PJCDMX), magistrado Rafael Guerra \u00c1lvarez, asegur\u00f3 que el pa\u00eds amaneci\u00f3 con el inicio de un nuevo cap\u00edtulo en su historia pol\u00edtica, como una naci\u00f3n democr\u00e1tica, institucional, de pac\u00edfica transmisi\u00f3n de poderes y l\u00edder entre los pa\u00edses del mundo.<\/p>\n","protected":false},"author":3,"featured_media":621610,"comment_status":"open","ping_status":"open","sticky":false,"template":"","format":"standard","meta":{"_monsterinsights_skip_tracking":false,"footnotes":""},"categories":[6],"tags":[100037,100038,87379],"class_list":["post-621513","post","type-post","status-publish","format-standard","has-post-thumbnail","hentry","category-cd-de-mexico","tag-amanece","tag-capitulo","tag-pjcdmx"],"_links":{"self":[{"href":"https:\/\/www.diarioimagen.net\/index.php?rest_route=\/wp\/v2\/posts\/621513","targetHints":{"allow":["GET"]}}],"collection":[{"href":"https:\/\/www.diarioimagen.net\/index.php?rest_route=\/wp\/v2\/posts"}],"about":[{"href":"https:\/\/www.diarioimagen.net\/index.php?rest_route=\/wp\/v2\/types\/post"}],"author":[{"embeddable":true,"href":"https:\/\/www.diarioimagen.net\/index.php?rest_route=\/wp\/v2\/users\/3"}],"replies":[{"embeddable":true,"href":"https:\/\/www.diarioimagen.net\/index.php?rest_route=%2Fwp%2Fv2%2Fcomments&post=621513"}],"version-history":[{"count":0,"href":"https:\/\/www.diarioimagen.net\/index.php?rest_route=\/wp\/v2\/posts\/621513\/revisions"}],"wp:featuredmedia":[{"embeddable":true,"href":"https:\/\/www.diarioimagen.net\/index.php?rest_route=\/wp\/v2\/media\/621610"}],"wp:attachment":[{"href":"https:\/\/www.diarioimagen.net\/index.php?rest_route=%2Fwp%2Fv2%2Fmedia&parent=621513"}],"wp:term":[{"taxonomy":"category","embeddable":true,"href":"https:\/\/www.diarioimagen.net\/index.php?rest_route=%2Fwp%2Fv2%2Fcategories&post=621513"},{"taxonomy":"post_tag","embeddable":true,"href":"https:\/\/www.diarioimagen.net\/index.php?rest_route=%2Fwp%2Fv2%2Ftags&post=621513"}],"curies":[{"name":"wp","href":"https:\/\/api.w.org\/{rel}","templated":true}]}}