{"id":621523,"date":"2024-06-04T00:01:27","date_gmt":"2024-06-04T06:01:27","guid":{"rendered":"https:\/\/www.diarioimagen.net\/?p=621523"},"modified":"2024-06-04T23:41:40","modified_gmt":"2024-06-05T05:41:40","slug":"lideres-mundiales-felicitan-a-sheinbaum-pardo-por-su-triunfo","status":"publish","type":"post","link":"https:\/\/www.diarioimagen.net\/?p=621523","title":{"rendered":"L\u00edderes mundiales felicitan a\u00a0Sheinbaum Pardo por\u00a0su\u00a0triunfo"},"content":{"rendered":"<p>&nbsp;<\/p>\n<ul>\n<li><em><strong>Destacan relaci\u00f3n s\u00f3lida<\/strong><\/em><\/li>\n<\/ul>\n<p>&nbsp;<\/p>\n<div id=\"attachment_621617\" style=\"width: 470px\" class=\"wp-caption aligncenter\"><a href=\"https:\/\/www.diarioimagen.net\/?attachment_id=621617\" rel=\"attachment wp-att-621617\"><img loading=\"lazy\" decoding=\"async\" aria-describedby=\"caption-attachment-621617\" class=\"size-full wp-image-621617\" src=\"https:\/\/www.diarioimagen.net\/wp-content\/uploads\/2024\/06\/lideres-mundiales.jpg\" alt=\"\" width=\"460\" height=\"270\" \/><\/a><p id=\"caption-attachment-621617\" class=\"wp-caption-text\">La virtual presidente electa de M\u00e9xico, Claudia Sheinbaum Pardo, fue felicitada por l\u00edderes mundiales tras su arrollador triunfo en las elecciones del domingo pasado.<\/p><\/div>\n<p>&nbsp;<\/p>\n<p>El presidente de Estados Unidos de Norteam\u00e9rica, Joe Biden, se sum\u00f3 este lunes a la lista de pol\u00edticos y l\u00edderes mundiales que felicitaron a Claudia Sheinbaum como virtual ganadora y pr\u00f3xima presidenta electa de M\u00e9xico para el periodo 2024-2030.<\/p>\n<p>\u201cEspero trabajar estrechamente con la presidenta electa Sheinbaum, en un esp\u00edritu de asociaci\u00f3n y amistad que refleja los v\u00ednculos duraderos entre nuestros dos pa\u00edses\u201d, dijo Biden en un comunicado.<\/p>\n<p>En la misma l\u00ednea, el primer ministro de Canad\u00e1, Justin Trudeau, felicit\u00f3 a la candidata presidencial de la coalici\u00f3n Sigamos Haciendo Historia.<\/p>\n<p>\u201cEnhorabuena a la presidenta electa de M\u00e9xico, Claudia Sheinbaum, por un triunfo hist\u00f3rico\u201d, escribi\u00f3 Trudeau en la plataforma X.<\/p>\n<p>\u201cNuestro tratado de libre comercio es la envidia del mundo y el resultado de una relaci\u00f3n s\u00f3lida y mutuamente beneficiosa. Espero fortalecer esa relaci\u00f3n con ustedes para crear m\u00e1s prosperidad tanto para los canadienses como para los mexicanos\u201d, dijo el primer ministro.<\/p>\n<p>Tambi\u00e9n, el mandatario ruso, Vlad\u00edmir Putin, envi\u00f3 una felicitaci\u00f3n a Claudia Sheinbaum, ganadora de las elecciones presidenciales, y expres\u00f3 su confianza en que ambos pa\u00edses contin\u00faen desarrollando una \u201ccooperaci\u00f3n constructiva\u201d.<\/p>\n<p>\u201cReciba mis sinceras felicitaciones por su victoria en las elecciones presidenciales\u201d, indic\u00f3, citado por el Kremlin. Putin destac\u00f3 los lazos de amistad entre Rusia y M\u00e9xico, que calific\u00f3 de \u201ctradicionales\u201d.<\/p>\n<p>El gobierno alem\u00e1n tambi\u00e9n felicit\u00f3 el lunes a Claudia Sheinbaum por su victoria en las elecciones presidenciales celebradas en M\u00e9xico y expres\u00f3 el deseo de la mayor econom\u00eda europea de continuar con la buena relaci\u00f3n entre ambos pa\u00edses.<\/p>\n<p>\u201cLa previsiones indican que es muy probable que haya un resultado (oficial) en el que Claudia Sheinbaum se imponga y, como siempre, felicitamos por la votaci\u00f3n\u201d, dijo el portavoz de Exteriores del Ejecutivo alem\u00e1n, Sebastian Fischer, en la rueda de prensa ordinaria del Gobierno.<\/p>\n<p>Por su parte, el presidente de Espa\u00f1a, Pedro S\u00e1nchez, felicit\u00f3 la virtual ganadora a la de las elecciones del domingo en M\u00e9xico, y ha destacado que, por primera vez en su historia, el pa\u00eds norteamericano tendr\u00e1 a una mujer como presidenta.<\/p>\n<p>\u201cEnhorabuena, @Claudiashein, por tu elecci\u00f3n. Por primera vez en su historia, M\u00e9xico tendr\u00e1 a una mujer al frente de la Presidencia\u201d, ha escrito S\u00e1nchez en un mensaje en la red social X, en el que expresa su compromiso de seguir \u201ctrabajando para fortalecer las relaciones entre Espa\u00f1a y M\u00e9xico\u201d.<\/p>\n<p>Asimismo, la presidenta de la Comisi\u00f3n Europea, Ursula von der Leyen, el presidente del Consejo Europeo, Charles Michel, felicitaron este lunes a Claudia Sheinbaum por su victoria en las elecciones celebradas el domingo en M\u00e9xico y expresaron su deseo de reforzar las relaciones entre la UE y ese pa\u00eds.<\/p>\n<p style=\"text-align: center;\"><strong>Gobierno cubano felicita a Sheinbaum<\/strong><\/p>\n<p>El Gobierno de Cuba celebr\u00f3 la \u201celecci\u00f3n hist\u00f3rica\u201d de la victoria de Sheinbaum Pardo, en las elecciones presidenciales de M\u00e9xico y le dese\u00f3 \u201c\u00e9xitos en su gesti\u00f3n\u201d.<\/p>\n<p>El presidente cubano Miguel Diaz-Canel, resalt\u00f3 en redes sociales que Sheinbaum sea la primera mujer que alcanza la presidencia de M\u00e9xico y abog\u00f3 por seguir reforzando las relaciones bilaterales.<\/p>\n<p>\u201cCuente con la disposici\u00f3n cubana de seguir fortaleciendo la entra\u00f1able hermandad que une a nuestros pueblos\u201d escribi\u00f3 D\u00edaz-Canel.<\/p>\n<p>Tambi\u00e9n el secretario general de la ONU, Ant\u00f3nio Guterres, abord\u00f3 este lunes la elecci\u00f3n de Claudia Sheinbaum como la pr\u00f3xima presidenta de M\u00e9xico y puso especial \u00e9nfasis en la perspectiva de g\u00e9nero.<\/p>\n","protected":false},"excerpt":{"rendered":"<p>El presidente de Estados Unidos de Norteam\u00e9rica, Joe Biden, se sum\u00f3 este lunes a la lista de pol\u00edticos y l\u00edderes mundiales que felicitaron a Claudia Sheinbaum como virtual ganadora y pr\u00f3xima presidenta electa de M\u00e9xico para el periodo 2024-2030.<\/p>\n","protected":false},"author":3,"featured_media":621617,"comment_status":"open","ping_status":"open","sticky":false,"template":"","format":"standard","meta":{"_monsterinsights_skip_tracking":false,"_monsterinsights_sitenote_active":false,"_monsterinsights_sitenote_note":"","_monsterinsights_sitenote_category":0,"footnotes":""},"categories":[9],"tags":[75465,43679],"class_list":["post-621523","post","type-post","status-publish","format-standard","has-post-thumbnail","hentry","category-mundo","tag-felicitan","tag-mundo"],"_links":{"self":[{"href":"https:\/\/www.diarioimagen.net\/index.php?rest_route=\/wp\/v2\/posts\/621523","targetHints":{"allow":["GET"]}}],"collection":[{"href":"https:\/\/www.diarioimagen.net\/index.php?rest_route=\/wp\/v2\/posts"}],"about":[{"href":"https:\/\/www.diarioimagen.net\/index.php?rest_route=\/wp\/v2\/types\/post"}],"author":[{"embeddable":true,"href":"https:\/\/www.diarioimagen.net\/index.php?rest_route=\/wp\/v2\/users\/3"}],"replies":[{"embeddable":true,"href":"https:\/\/www.diarioimagen.net\/index.php?rest_route=%2Fwp%2Fv2%2Fcomments&post=621523"}],"version-history":[{"count":0,"href":"https:\/\/www.diarioimagen.net\/index.php?rest_route=\/wp\/v2\/posts\/621523\/revisions"}],"wp:featuredmedia":[{"embeddable":true,"href":"https:\/\/www.diarioimagen.net\/index.php?rest_route=\/wp\/v2\/media\/621617"}],"wp:attachment":[{"href":"https:\/\/www.diarioimagen.net\/index.php?rest_route=%2Fwp%2Fv2%2Fmedia&parent=621523"}],"wp:term":[{"taxonomy":"category","embeddable":true,"href":"https:\/\/www.diarioimagen.net\/index.php?rest_route=%2Fwp%2Fv2%2Fcategories&post=621523"},{"taxonomy":"post_tag","embeddable":true,"href":"https:\/\/www.diarioimagen.net\/index.php?rest_route=%2Fwp%2Fv2%2Ftags&post=621523"}],"curies":[{"name":"wp","href":"https:\/\/api.w.org\/{rel}","templated":true}]}}