{"id":621527,"date":"2024-06-04T00:05:43","date_gmt":"2024-06-04T06:05:43","guid":{"rendered":"https:\/\/www.diarioimagen.net\/?p=621527"},"modified":"2024-06-05T22:05:48","modified_gmt":"2024-06-06T04:05:48","slug":"preparan-programa-de-apoyo-para-emprender-negocios","status":"publish","type":"post","link":"https:\/\/www.diarioimagen.net\/?p=621527","title":{"rendered":"Preparan programa de apoyo para emprender negocios"},"content":{"rendered":"<p>&nbsp;<\/p>\n<ul>\n<li><em><strong>Bajo el esquema de cooperativismo<\/strong><\/em><\/li>\n<\/ul>\n<p>&nbsp;<\/p>\n<div id=\"attachment_621638\" style=\"width: 470px\" class=\"wp-caption aligncenter\"><a href=\"https:\/\/www.diarioimagen.net\/?attachment_id=621638\" rel=\"attachment wp-att-621638\"><img loading=\"lazy\" decoding=\"async\" aria-describedby=\"caption-attachment-621638\" class=\"size-full wp-image-621638\" src=\"https:\/\/www.diarioimagen.net\/wp-content\/uploads\/2024\/06\/preparan-progama-apoyo.jpg\" alt=\"\" width=\"460\" height=\"270\" \/><\/a><p id=\"caption-attachment-621638\" class=\"wp-caption-text\">Se llev\u00f3 a cabo la tercera sesi\u00f3n de capacitaci\u00f3n para emprender un negocio bajo el esquema del cooperativismo en el auditorio \u201cProf. Adolfo Villa Gonz\u00e1lez\u201d de la Escuela Preparatoria No. 1 de la UAEMEX.<\/p><\/div>\n<p>&nbsp;<\/p>\n<p><strong>Toluca, Estado de M\u00e9xico.\u2014<\/strong> La Secretar\u00eda del Trabajo llev\u00f3 a cabo la tercera sesi\u00f3n de capacitaci\u00f3n para emprender un negocio bajo el esquema del cooperativismo en el auditorio \u201cProf. Adolfo Villa Gonz\u00e1lez\u201d de la Escuela Preparatoria No. 1 de la Universidad Aut\u00f3noma del Estado de M\u00e9xico (UAEMEX).<\/p>\n<p>En la sesi\u00f3n, donde participaron el titular de la dependencia, Norberto Morales Poblete, las y los directores de las 10 Oficinas Regionales de Empleo y estudiantes de la escuela preparatoria, se destac\u00f3 la importancia de los resultados del programa, que est\u00e1 a punto de lanzar su convocatoria en este mes de junio, a trav\u00e9s de la Direcci\u00f3n General de Empleo y Productividad.<\/p>\n<p>Se pretende apoyar con un total de 20 millones de pesos la iniciativa de cooperativas en el Estado de M\u00e9xico. Se propone brindar un apoyo de entre 100 y 150 mil pesos a cada una de las nuevas cooperativas, con la intenci\u00f3n de una reinversi\u00f3n despu\u00e9s del primer a\u00f1o para casos de \u00e9xito.<\/p>\n<p>La Alianza Cooperativa Internacional (ACI) explica que \u201cLa cooperativa es una asociaci\u00f3n aut\u00f3noma de personas que se han unido de forma voluntaria para satisfacer sus necesidades y aspiraciones econ\u00f3micas, sociales y culturales en com\u00fan, mediante una empresa de propiedad conjunta y gesti\u00f3n democr\u00e1tica\u201d. Esto es, cinco o m\u00e1s interesados formen una alianza laboral para emprender un negocio en com\u00fan.<\/p>\n<p>Durante la sesi\u00f3n, la Maestra Marisa \u00c1lvarez Carre\u00f3n, especialista en el tema, destac\u00f3 que las cooperativas son gente comprometida con gente, y explic\u00f3 la importancia de formar v\u00ednculos basados en los cinco valores fundamentales de las cooperativas: Ayuda mutua, solidaridad, democracia, igualdad y equidad. Adem\u00e1s, incentivo a los integrantes a conocer la normativa que rige a las cooperativas en M\u00e9xico, con la intenci\u00f3n de que puedan brindar la informaci\u00f3n necesaria a las y los interesados que se inscriban en la convocatoria.<\/p>\n<p>Para el Gobierno de la Maestra Delfina G\u00f3mez \u00c1lvarez es prioridad brindar apoyo a los sectores m\u00e1s vulnerables de la poblaci\u00f3n del Estado de M\u00e9xico, por lo que este tipo de iniciativas y programas est\u00e1n enfocados en generar empleos que permitan a las y los mexiquenses desarrollarse en el \u00e1mbito laboral a trav\u00e9s de la colaboraci\u00f3n social y as\u00ed mejorar su calidad de vida.<\/p>\n","protected":false},"excerpt":{"rendered":"<p>La Secretar\u00eda del Trabajo llev\u00f3 a cabo la tercera sesi\u00f3n de capacitaci\u00f3n para emprender un negocio bajo el esquema del cooperativismo en el auditorio \u201cProf. Adolfo Villa Gonz\u00e1lez\u201d de la Escuela Preparatoria No. 1 de la Universidad Aut\u00f3noma del Estado de M\u00e9xico (UAEMEX).<\/p>\n","protected":false},"author":3,"featured_media":621638,"comment_status":"open","ping_status":"open","sticky":false,"template":"","format":"standard","meta":{"_monsterinsights_skip_tracking":false,"_monsterinsights_sitenote_active":false,"_monsterinsights_sitenote_note":"","_monsterinsights_sitenote_category":0,"footnotes":""},"categories":[5,99730],"tags":[64391,43675,28888,452],"class_list":["post-621527","post","type-post","status-publish","format-standard","has-post-thumbnail","hentry","category-estado-de-mexico","category-edomex","tag-emprender","tag-estado-de-mexico","tag-negocios","tag-toluca"],"_links":{"self":[{"href":"https:\/\/www.diarioimagen.net\/index.php?rest_route=\/wp\/v2\/posts\/621527","targetHints":{"allow":["GET"]}}],"collection":[{"href":"https:\/\/www.diarioimagen.net\/index.php?rest_route=\/wp\/v2\/posts"}],"about":[{"href":"https:\/\/www.diarioimagen.net\/index.php?rest_route=\/wp\/v2\/types\/post"}],"author":[{"embeddable":true,"href":"https:\/\/www.diarioimagen.net\/index.php?rest_route=\/wp\/v2\/users\/3"}],"replies":[{"embeddable":true,"href":"https:\/\/www.diarioimagen.net\/index.php?rest_route=%2Fwp%2Fv2%2Fcomments&post=621527"}],"version-history":[{"count":0,"href":"https:\/\/www.diarioimagen.net\/index.php?rest_route=\/wp\/v2\/posts\/621527\/revisions"}],"wp:featuredmedia":[{"embeddable":true,"href":"https:\/\/www.diarioimagen.net\/index.php?rest_route=\/wp\/v2\/media\/621638"}],"wp:attachment":[{"href":"https:\/\/www.diarioimagen.net\/index.php?rest_route=%2Fwp%2Fv2%2Fmedia&parent=621527"}],"wp:term":[{"taxonomy":"category","embeddable":true,"href":"https:\/\/www.diarioimagen.net\/index.php?rest_route=%2Fwp%2Fv2%2Fcategories&post=621527"},{"taxonomy":"post_tag","embeddable":true,"href":"https:\/\/www.diarioimagen.net\/index.php?rest_route=%2Fwp%2Fv2%2Ftags&post=621527"}],"curies":[{"name":"wp","href":"https:\/\/api.w.org\/{rel}","templated":true}]}}