{"id":621687,"date":"2024-06-05T00:05:51","date_gmt":"2024-06-05T06:05:51","guid":{"rendered":"https:\/\/www.diarioimagen.net\/?p=621687"},"modified":"2024-06-05T22:05:26","modified_gmt":"2024-06-06T04:05:26","slug":"difem-convoca-a-participar-en-quinta-feria-nacional-por-la-inclusion","status":"publish","type":"post","link":"https:\/\/www.diarioimagen.net\/?p=621687","title":{"rendered":"DIFEM convoca a participar en Quinta Feria Nacional por la Inclusi\u00f3n"},"content":{"rendered":"<p>&nbsp;<\/p>\n<ul>\n<li><em><strong>En la Ciudad Deportiva del Estado de M\u00e9xico, en Zinacantepec<\/strong><\/em><\/li>\n<\/ul>\n<p><strong>\u00a0<\/strong><\/p>\n<div id=\"attachment_621787\" style=\"width: 450px\" class=\"wp-caption aligncenter\"><a href=\"https:\/\/www.diarioimagen.net\/?attachment_id=621787\" rel=\"attachment wp-att-621787\"><img loading=\"lazy\" decoding=\"async\" aria-describedby=\"caption-attachment-621787\" class=\"wp-image-621787\" src=\"https:\/\/www.diarioimagen.net\/wp-content\/uploads\/2024\/06\/difem-convoca.jpg\" alt=\"\" width=\"440\" height=\"440\" \/><\/a><p id=\"caption-attachment-621787\" class=\"wp-caption-text\">La invitaci\u00f3n est\u00e1 abierta para que participen instituciones y organismos de car\u00e1cter local, municipal, estatal, nacional e internacional.<\/p><\/div>\n<p>&nbsp;<\/p>\n<p><strong>Toluca, Estado de M\u00e9xico.\u2014<\/strong> El Gobierno de la Maestra Delfina G\u00f3mez \u00c1lvarez, a trav\u00e9s del Sistema para el Desarrollo Integral de la Familia del Estado de M\u00e9xico (DIFEM), de la mano del Sistema Nacional para el Desarrollo Integral de la Familia (SNDIF), convocan a instituciones de car\u00e1cter local, municipal, estatal, nacional e internacional, para formar parte de la Quinta Feria Nacional por la Inclusi\u00f3n.<\/p>\n<p>Por primera vez el Estado de M\u00e9xico ser\u00e1 sede de esta feria que llevar\u00e1 por lema \u201cPor un M\u00e9xico sin Barreras\u201d y tendr\u00e1 lugar en la Ciudad Deportiva Estado de M\u00e9xico, en Zinacantepec, los d\u00edas 6 y 7 de septiembre de 2024.<\/p>\n<p>Su objetivo es generar un espacio de expresi\u00f3n social, cultural, deportiva y acad\u00e9mica a favor de la inclusi\u00f3n, a trav\u00e9s de actividades para la sensibilizaci\u00f3n colectiva que reconozcan la diversidad funcional, la rehabilitaci\u00f3n y las contribuciones de las personas que integran este sector, desde un enfoque de derechos humanos, el aprendizaje y la escucha mutua.<\/p>\n<p>Las instituciones interesadas podr\u00e1n presentar proyectos a favor de la inclusi\u00f3n orientados a la promoci\u00f3n de los derechos humanos, el empoderamiento, el emprendimiento y la inclusi\u00f3n laboral, deportiva, recreativa y\/o familiar.<\/p>\n<p>Las tem\u00e1ticas son: grupos de atenci\u00f3n prioritaria, tareas de cuidados, programas para la prevenci\u00f3n y atenci\u00f3n de la discapacidad, modelo social de la discapacidad, rehabilitaci\u00f3n, educaci\u00f3n inclusiva, trabajo y seguridad social, entre otros.<\/p>\n<p>En cuanto a la Olimpiada por la inclusi\u00f3n, se recibir\u00e1n propuestas colectivas o individuales de participaci\u00f3n en rama varonil, femenil o mixta: artes marciales, basquetbol, nataci\u00f3n, ciclismo adaptado, ajedrez, futbol para ciegos, amputados y\/o talla baja, tiro con arco, atletismo en todas sus pruebas, tenis adaptado, voleibol, voleibol de playa, boccia y beisbol.<\/p>\n<p>En la parte acad\u00e9mica se realizar\u00e1 el Congreso Nacional del Deporte y Rehabilitaci\u00f3n, dirigido a profesionales en la materia adscritos a instituciones educativas o universidades, instituciones deportivas, entrenadores o certificadores, para que compartan experiencias y propuestas en estas \u00e1reas.<\/p>\n<p>Se recibir\u00e1n propuestas de conferencias y\/o talleres relacionados con el deporte paral\u00edmpico en los correos electr\u00f3nicos mariana.sosaq@dif.gob.mx y dcer.difem@edomex.gob.mx con el asunto \u201cCongreso Nacional del Deporte y Rehabilitaci\u00f3n\u201d, hasta el 10 de agosto de 2024.<\/p>\n<p>La revisi\u00f3n de estos materiales ser\u00e1 a partir de su recepci\u00f3n y hasta el 16 de agosto de este a\u00f1o, por parte de un Comit\u00e9 de Revisi\u00f3n integrado por DIFEM y SNDIF, que enviar\u00e1 respuesta de aceptaci\u00f3n v\u00eda correo electr\u00f3nico.<\/p>\n<p>Para m\u00e1s informes pueden contactar: Direcci\u00f3n General de Rehabilitaci\u00f3n e Inclusi\u00f3n del SNDIF, con Mariana Yazm\u00edn Sosa Gonz\u00e1lez, al tel\u00e9fono 55-3003-2200 ext. 4327, celular 55-4085-8147, correo electr\u00f3nico <em>mariana.sosa@dif.gob.mx<\/em>; as\u00ed como con Bego\u00f1a L\u00f3pez Erausquin, al tel\u00e9fono 55-3003-2200 ext. 1402, celular 55-4982-2518, correo electr\u00f3nico <em>bego.lopez@dif.gob.mx<\/em><\/p>\n","protected":false},"excerpt":{"rendered":"<p>El Gobierno de la Maestra Delfina G\u00f3mez \u00c1lvarez, a trav\u00e9s del Sistema para el Desarrollo Integral de la Familia del Estado de M\u00e9xico (DIFEM), de la mano del Sistema Nacional para el Desarrollo Integral de la Familia (SNDIF), convocan a instituciones de car\u00e1cter local, municipal, estatal, nacional e internacional, para formar parte de la Quinta Feria Nacional por la Inclusi\u00f3n.<\/p>\n","protected":false},"author":3,"featured_media":621788,"comment_status":"open","ping_status":"open","sticky":false,"template":"","format":"standard","meta":{"_monsterinsights_skip_tracking":false,"_monsterinsights_sitenote_active":false,"_monsterinsights_sitenote_note":"","_monsterinsights_sitenote_category":0,"footnotes":""},"categories":[5,99730],"tags":[100049],"class_list":["post-621687","post","type-post","status-publish","format-standard","has-post-thumbnail","hentry","category-estado-de-mexico","category-edomex","tag-feria-nacional-por-la-inclusion"],"_links":{"self":[{"href":"https:\/\/www.diarioimagen.net\/index.php?rest_route=\/wp\/v2\/posts\/621687","targetHints":{"allow":["GET"]}}],"collection":[{"href":"https:\/\/www.diarioimagen.net\/index.php?rest_route=\/wp\/v2\/posts"}],"about":[{"href":"https:\/\/www.diarioimagen.net\/index.php?rest_route=\/wp\/v2\/types\/post"}],"author":[{"embeddable":true,"href":"https:\/\/www.diarioimagen.net\/index.php?rest_route=\/wp\/v2\/users\/3"}],"replies":[{"embeddable":true,"href":"https:\/\/www.diarioimagen.net\/index.php?rest_route=%2Fwp%2Fv2%2Fcomments&post=621687"}],"version-history":[{"count":0,"href":"https:\/\/www.diarioimagen.net\/index.php?rest_route=\/wp\/v2\/posts\/621687\/revisions"}],"wp:featuredmedia":[{"embeddable":true,"href":"https:\/\/www.diarioimagen.net\/index.php?rest_route=\/wp\/v2\/media\/621788"}],"wp:attachment":[{"href":"https:\/\/www.diarioimagen.net\/index.php?rest_route=%2Fwp%2Fv2%2Fmedia&parent=621687"}],"wp:term":[{"taxonomy":"category","embeddable":true,"href":"https:\/\/www.diarioimagen.net\/index.php?rest_route=%2Fwp%2Fv2%2Fcategories&post=621687"},{"taxonomy":"post_tag","embeddable":true,"href":"https:\/\/www.diarioimagen.net\/index.php?rest_route=%2Fwp%2Fv2%2Ftags&post=621687"}],"curies":[{"name":"wp","href":"https:\/\/api.w.org\/{rel}","templated":true}]}}