{"id":621691,"date":"2024-06-05T00:00:37","date_gmt":"2024-06-05T06:00:37","guid":{"rendered":"https:\/\/www.diarioimagen.net\/?p=621691"},"modified":"2024-06-05T22:45:48","modified_gmt":"2024-06-06T04:45:48","slug":"problema-del-embarazo-infantil-se-agudiza-en-playa-del-carmen","status":"publish","type":"post","link":"https:\/\/www.diarioimagen.net\/?p=621691","title":{"rendered":"Problema del embarazo infantil se agudiza en Playa del Carmen"},"content":{"rendered":"<h2>Derecho de r\u00e9plica<\/h2>\n<h5>Jos\u00e9 Luis Monta\u00f1ez<\/h5>\n<p>&nbsp;<\/p>\n<ul>\n<li><strong><em>Instituciones trabajan para reducir el n\u00famero de casos<\/em><\/strong><\/li>\n<\/ul>\n<p>&nbsp;<\/p>\n<div id=\"attachment_621772\" style=\"width: 470px\" class=\"wp-caption aligncenter\"><a href=\"https:\/\/www.diarioimagen.net\/?attachment_id=621772\" rel=\"attachment wp-att-621772\"><img loading=\"lazy\" decoding=\"async\" aria-describedby=\"caption-attachment-621772\" class=\"size-full wp-image-621772\" src=\"https:\/\/www.diarioimagen.net\/wp-content\/uploads\/2024\/06\/derecho.jpg\" alt=\"\" width=\"460\" height=\"270\" \/><\/a><p id=\"caption-attachment-621772\" class=\"wp-caption-text\">En Playa del Carmen, la incidencia de embarazos entre adolescentes ha bajado en el rango de edad y detectan casos en ni\u00f1as de 13 a\u00f1os.<\/p><\/div>\n<p>&nbsp;<\/p>\n<p>El embarazo infantil, tambi\u00e9n conocido como embarazo precoz, se refiere a aquel que ocurre en una ni\u00f1a o adolescente, desde la pubertad, que es cuando comienza la edad f\u00e9rtil, hasta el final de la adolescencia. La Organizaci\u00f3n Mundial de la Salud (OMS) define la adolescencia entre los 10 y los 19 a\u00f1os.<\/p>\n<p>Lamentablemente, en el caso del municipio de Solidaridad (Playa del Carmen), la incidencia de embarazos entre las adolescentes ha bajado en el rango de edad y se han detectado casos en edades de hasta los 13 a\u00f1os en los \u00faltimos meses, cuando antes la edad frecuente era de 15 a\u00f1os.<\/p>\n<p>En este escenario, el secretario de Salud F\u00edsica y Mental de Solidaridad, Carlos Contreras Mejorada, explic\u00f3 que estos casos son enviados para su revisi\u00f3n al Hospital General de Playa del Carmen para llevar un mejor control y al mismo tiempo comenzar una indagatoria para ver si se cometi\u00f3 alg\u00fan tipo de delito.<\/p>\n<p>\u201cHa disminuido la edad de incidencia de embarazos. Nos hemos encontrado adolescentes de 13 a\u00f1os que acuden por embarazo y se les lleva al Hospital General para que lleven ah\u00ed su control porque el hecho de ser adolescentes se vuelve un embarazo de alto riesgo\u201d, declar\u00f3.<\/p>\n<p>Contreras Mejorada agrega que por el momento se est\u00e1n alistando las cifras finales sobre esta problem\u00e1tica y destac\u00f3 que ante esta situaci\u00f3n que ocurre entre las menores de edad, hasta el momento se descarta alg\u00fan tipo de delito.<\/p>\n<p>Tambi\u00e9n celebr\u00f3 que en comparaci\u00f3n con otros a\u00f1os, actualmente hay mayor acceso a m\u00e9todos anticonceptivos. \u201cAfortunadamente hay m\u00e1s j\u00f3venes que tienen el acceso a los m\u00e9todos de planificaci\u00f3n familiar sin tanto tab\u00fa, sin tanto problema. S\u00f3lo tienen que acudir al centro de atenci\u00f3n primaria, soliciten un programa de planificaci\u00f3n familiar. No es necesario que acudan con sus madres o padres, basta con solicitarlo que se le puedan dar opciones\u201d, dijo.<\/p>\n<p>Los m\u00e9todos anticonceptivos se relacionan con diversos mecanismos m\u00e9dicos para controlar la fecundidad, principalmente entre un sector de la poblaci\u00f3n de alto riesgo, como lo es el de los adolescentes. \u201cHay opciones de m\u00e9todos anticonceptivos de barrera, que se les puede ofrecer, dependiendo de las caracter\u00edsticas f\u00edsicas y sexuales de cada persona\u201d, asever\u00f3.<\/p>\n<p>Finalmente, Contreras Mejorada destaca que, como representantes de la Salud en Solidaridad, trabajan esta situaci\u00f3n con diversas instituciones, no s\u00f3lo para atenderse cuando se presente, sino para prevenci\u00f3n entre este sector<\/p>\n<p>La mayor\u00eda de los embarazos en adolescentes son no deseados. Las adolescentes embarazadas enfrentan muchos de los mismos problemas relacionados con el embarazo de otras mujeres. Sin embargo, existen problemas adicionales para los menores de 15 a\u00f1os, ya que no se encuentran desarrollados f\u00edsicamente como para mantener un embarazo saludable o dar a luz.<\/p>\n<p>Para las ni\u00f1as de 15 a 19 a\u00f1os, los riesgos se asocian m\u00e1s con factores socioecon\u00f3micos que con los efectos biol\u00f3gicos de la edad. Los riesgos de bajo peso al nacer, trabajo de parto prematuro, anemia y preeclampsia est\u00e1n relacionados con la edad biol\u00f3gica, y se observan en los partos de adolescentes incluso despu\u00e9s de controlar otros factores de riesgo.<\/p>\n<p style=\"text-align: center;\"><strong>Es un fen\u00f3meno a nivel mundial<\/strong><\/p>\n<p>Es importante destacar que el embarazo en la adolescencia es un fen\u00f3meno mundial con causas claramente conocidas y graves consecuencias para la salud p\u00fablica, la sociedad y la econom\u00eda.<\/p>\n<p>En el caso de M\u00e9xico, se sabe que est\u00e1 lidiando con una crisis de embarazos en ni\u00f1as y adolescentes. En 2020, se registraron 8,876 embarazos en ni\u00f1as entre 10 y 14 a\u00f1os y a nivel mundial, se estima que ocurren alrededor de 2 millones de embarazos cada a\u00f1o en ni\u00f1as menores de 15 a\u00f1os de edad.<\/p>\n<p>Para combatir este problema, la Secretar\u00eda de Gobernaci\u00f3n, a trav\u00e9s de la Secretar\u00eda Ejecutiva del Sistema para la Protecci\u00f3n Integral de Ni\u00f1as, Ni\u00f1os y Adolescentes (Sipinna) y la Secretar\u00eda General del Consejo Nacional de Poblaci\u00f3n (Conapo) de manera conjunta con el Fondo de Poblaci\u00f3n de las Naciones Unidas (UNFPA) llevaron a cabo el conversatorio \u201cNi\u00f1as, no madres: proteger los derechos de las ni\u00f1as y adolescentes en M\u00e9xico\u201d.<\/p>\n<p>Y destacaron que las entidades donde ocurre con mayor frecuencia son Chiapas, Guerrero, Tabasco y Coahuila. \u201cEs urgente redoblar esfuerzos para garantizar los derechos humanos de ni\u00f1as y adolescentes para evitar un embarazo, y restituir los derechos de quienes est\u00e1n embarazadas o quienes ya son madres\u201d coincidieron en el evento.<\/p>\n<p>M\u00e9xico ocupa el primer lugar a nivel mundial en embarazos en adolescentes entre las naciones de la Organizaci\u00f3n para la Cooperaci\u00f3n y el Desarrollo Econ\u00f3micos, con una tasa de fecundidad de 77 nacimientos por cada mil adolescentes de 15 a 19 a\u00f1os de edad. Destacando que en nuestro pa\u00eds el 23 por ciento de los adolescentes inician su vida sexual entre los 12 y 19 a\u00f1os de edad.<\/p>\n<p>Es decir, que cada d\u00eda por lo menos, mil adolescentes mexicanas se quedan embarazadas. Son m\u00e1s de 350 mil al a\u00f1o. Casi uno de cada 5 de los nacimientos ocurridos anualmente en M\u00e9xico, son en mujeres menores de 20 a\u00f1os<\/p>\n<p>La pobreza y la falta de acceso a servicios de salud alejan al pa\u00eds de cumplir con los objetivos de 2030 de erradicar el embarazo infantil y reducir a la mitad el de las j\u00f3venes de 15 a 19 a\u00f1os. Es necesario proporcionar informaci\u00f3n de calidad y educaci\u00f3n adecuada para combatir esta crisis.<\/p>\n<p>La lucha contra el embarazo infantil y adolescente en M\u00e9xico es una tarea urgente y necesaria para garantizar los derechos humanos de las ni\u00f1as y adolescentes. Es un desaf\u00edo que requiere la atenci\u00f3n y el esfuerzo de todos.<\/p>\n<p style=\"text-align: center;\"><strong>Proponen adopci\u00f3n directa de menores <\/strong><\/p>\n<p>Diputados del Congreso de Quintana Roo presentaron una iniciativa que busca implementar la figura de la adopci\u00f3n directa, es decir, que los padres y madres biol\u00f3gicos, incluso hasta los tutores, podr\u00edan decidir directamente a quien le entregan o no, su hijo en adopci\u00f3n; lo que ha despertado opiniones divididas.<\/p>\n<p>La propuesta fue presentada por diputados de Morena de la XVII Legislatura y su intenci\u00f3n es adicionar un art\u00edculo 5 a la Ley de Adopci\u00f3n del Estado para eliminar la prohibici\u00f3n a los padres biol\u00f3gicos de disponer expresamente quienes podr\u00edan adoptar a sus v\u00e1stagos.<\/p>\n<p>Guillermo Brahms Gonz\u00e1lez, firmante de esta iniciativa y presidente de la Comisi\u00f3n de los Derechos Humanos en el Congreso declar\u00f3 \u201cEsto impide a los menores poder pertenecer al seno de una familia que podr\u00eda ser ben\u00e9fica para ellos. Mientras que para los padres biol\u00f3gicos representa un acto noble darle a sus hijos e hijas las posibilidades econ\u00f3micas y oportunidades, calidad de vida y educaci\u00f3n, que ellos no podr\u00edan darle\u201d.<\/p>\n<p>Asimismo, Hugo Alday Nieto, diputado de la Comisi\u00f3n de Justicia, agrega que en la actualidad la ley ha demostrado ser muy engorrosa para facilitar la adopci\u00f3n, pues requiere agotar procedimientos que llegan a ser muy tardados, incluso durante a\u00f1os, atentando contra el inter\u00e9s superior de la ni\u00f1ez, que deber\u00eda ser prioritario.<\/p>\n<p>A su vez, Ricardo Velazco Rodr\u00edguez, tambi\u00e9n promotor de esta propuesta, se\u00f1al\u00f3 que la Procuradur\u00eda brindar\u00e1 asesor\u00eda a quienes pretendan consentir la adopci\u00f3n directa \u201cAdem\u00e1s de que el consenso de los padres biol\u00f3gicos de los adoptantes no excluye la intervenci\u00f3n de la autoridad ni la investigaci\u00f3n y tr\u00e1mites legales\u201d, dijo.<\/p>\n<p>El Sistema Nacional para el Desarrollo Integral de la Familia (DIF), refiere que en los \u00faltimos cinco a\u00f1os s\u00f3lo se han concretado 66 adopciones en Quintana Roo, cuando m\u00e1s de mil 300 ni\u00f1os y ni\u00f1as esperan en alguno de los albergues de la entidad, para que alguna pareja pueda brindarles mejores oportunidades de vida.<\/p>\n<p><em>Escr\u00edbame a mi mail: <a href=\"mailto:montanezaguilar@gmail.com\" target=\"_blank\" rel=\"noopener noreferrer\">montanezaguilar@gmail.com<\/a><\/em><\/p>\n","protected":false},"excerpt":{"rendered":"<p><span style=\"color: #005497;\"><strong>Jos\u00e9 Luis Monta\u00f1ez<\/strong><\/span><br \/>\n<br \/>\nEl embarazo infantil, tambi\u00e9n conocido como embarazo precoz, se refiere a aquel que ocurre en una ni\u00f1a o adolescente, desde la pubertad, que es cuando comienza la edad f\u00e9rtil, hasta el final de la adolescencia. La Organizaci\u00f3n Mundial de la Salud (OMS) define la adolescencia entre los 10 y los 19 a\u00f1os.<\/p>\n","protected":false},"author":3,"featured_media":621772,"comment_status":"open","ping_status":"open","sticky":false,"template":"","format":"standard","meta":{"_monsterinsights_skip_tracking":false,"_monsterinsights_sitenote_active":false,"_monsterinsights_sitenote_note":"","_monsterinsights_sitenote_category":0,"footnotes":""},"categories":[11622,25512],"tags":[47840,54579,43674],"class_list":["post-621691","post","type-post","status-publish","format-standard","has-post-thumbnail","hentry","category-jose-luis-montanez-aguilar","category-nacional-nacional","tag-derecho-de-replica","tag-jose-luis-montanez","tag-opinion"],"_links":{"self":[{"href":"https:\/\/www.diarioimagen.net\/index.php?rest_route=\/wp\/v2\/posts\/621691","targetHints":{"allow":["GET"]}}],"collection":[{"href":"https:\/\/www.diarioimagen.net\/index.php?rest_route=\/wp\/v2\/posts"}],"about":[{"href":"https:\/\/www.diarioimagen.net\/index.php?rest_route=\/wp\/v2\/types\/post"}],"author":[{"embeddable":true,"href":"https:\/\/www.diarioimagen.net\/index.php?rest_route=\/wp\/v2\/users\/3"}],"replies":[{"embeddable":true,"href":"https:\/\/www.diarioimagen.net\/index.php?rest_route=%2Fwp%2Fv2%2Fcomments&post=621691"}],"version-history":[{"count":0,"href":"https:\/\/www.diarioimagen.net\/index.php?rest_route=\/wp\/v2\/posts\/621691\/revisions"}],"wp:featuredmedia":[{"embeddable":true,"href":"https:\/\/www.diarioimagen.net\/index.php?rest_route=\/wp\/v2\/media\/621772"}],"wp:attachment":[{"href":"https:\/\/www.diarioimagen.net\/index.php?rest_route=%2Fwp%2Fv2%2Fmedia&parent=621691"}],"wp:term":[{"taxonomy":"category","embeddable":true,"href":"https:\/\/www.diarioimagen.net\/index.php?rest_route=%2Fwp%2Fv2%2Fcategories&post=621691"},{"taxonomy":"post_tag","embeddable":true,"href":"https:\/\/www.diarioimagen.net\/index.php?rest_route=%2Fwp%2Fv2%2Ftags&post=621691"}],"curies":[{"name":"wp","href":"https:\/\/api.w.org\/{rel}","templated":true}]}}