{"id":621705,"date":"2024-06-05T00:00:09","date_gmt":"2024-06-05T06:00:09","guid":{"rendered":"https:\/\/www.diarioimagen.net\/?p=621705"},"modified":"2024-06-04T23:55:45","modified_gmt":"2024-06-05T05:55:45","slug":"beneficia-la-maquina-dragon-a-cancun-con-nuevos-pavimentos","status":"publish","type":"post","link":"https:\/\/www.diarioimagen.net\/?p=621705","title":{"rendered":"Beneficia la m\u00e1quina \u201cDrag\u00f3n\u201d a Canc\u00fan con nuevos pavimentos"},"content":{"rendered":"<h2>Hora 14<\/h2>\n<h5>Mauricio Conde Olivares<\/h5>\n<p>&nbsp;<\/p>\n<p>Una vez concluida la contienda electoral, la gobernadora Mara Lezama record\u00f3 a los candidatos triunfadores que deben gobernar para todos. \u201cLa responsabilidad de los servidores p\u00fablicos es con toda la ciudadan\u00eda, independientemente de la cantidad de votos obtenidos\u201d, recalc\u00f3.<\/p>\n<p>Por su parte, la Consejera Presidenta del Instituto Electoral de Quintana Roo (IEQROO), Rub\u00ed Pacheco P\u00e9rez, hizo un balance de los resultados arrojados por el Programa de Resultados Electorales Preliminares (PREP), luego de que se cumpliera con un 100 por ciento del conteo de actas capturadas para la elecci\u00f3n de diputaciones y ayuntamientos.<\/p>\n<p>Dijo que fue del fue \u201cdel 55 por ciento la participaci\u00f3n ciudadana que sali\u00f3 a votar en esta jornada electoral del 02 de junio, en el marco del Proceso Electoral Local 2024 en Quintana Roo\u201d.<\/p>\n<p>En ese sentido, integrantes del Consejo General concluyeron los trabajos del Programa de Resultados Electorales Preliminares (PREP) y con ello, clausuraron la Sesi\u00f3n Permanente del Proceso Electoral Local 2024.<\/p>\n<p>Manifest\u00f3 que, el PREP tuvo como objetivo primordial proveer de resultados electorales no definitivos, de car\u00e1cter meramente informativo a la ciudadan\u00eda quintanarroense sobre la jornada electoral y que ser\u00e1 el d\u00eda 5 de junio cuando se realicen las sesiones de c\u00f3mputos en los 15 consejos distritales, de las elecciones a las diputaciones por el principio de Mayor\u00eda Relativa para la declaraci\u00f3n de validez y entrega de constancias a las candidaturas ganadoras.<\/p>\n<p>Asimismo, el d\u00eda 9 de junio se realizar\u00e1n los c\u00f3mputos municipales para la declaraci\u00f3n de validez y entrega de constancias de mayor\u00eda a las candidaturas ganadoras de esta jornada electoral. El mismo d\u00eda 9 de junio tambi\u00e9n se realizar\u00e1n los c\u00f3mputos de votaciones de diputaciones por el principio de representaci\u00f3n proporcional, asignaci\u00f3n y expedici\u00f3n de constancias; y el 12 de junio, la sesi\u00f3n de computo de la votaci\u00f3n de la elecci\u00f3n de regidores por el principio de representaci\u00f3n proporcional para asignaci\u00f3n y expedici\u00f3n de constancias.<\/p>\n<p>De acuerdo con los datos alojados en el Programa de Resultados Electorales Preliminares, se contabilizaron un total de 2 mil 524 actas capturadas cumpliendo con el cien por ciento de \u00e9sta actividad, en los 15 consejos distritales para los cargos de diputaciones de mayor\u00eda relativa y se contabiliz\u00f3 en un cien por ciento las actas de elecci\u00f3n que representan un total de 2 mil 503 para ayuntamientos.<\/p>\n<p>Hasta el momento con el 100% de las actas computadas en el PREP, registra que MORENA asegur\u00f3 su triunfo en todos los municipios del estado, 10 de los 11 municipios en alianza con el PT y el PVEM, y uno m\u00e1s, Jos\u00e9 Mar\u00eda Morelos, sin alianza. En Benito Ju\u00e1rez, cuya cabecera es Canc\u00fan, Ana Paty Peralta gan\u00f3 la presidencia municipal y super\u00f3 a sus adversarios con m\u00e1s del 70% de los votos. En la capital Chetumal, Yensumi Mart\u00ednez gan\u00f3 por un estrecho margen sobre Lidia Rojas del MC. En tanto que las diputaciones federales, con el 95% de las casillas computadas, dan el triunfo de los cuatro distritos a MORENA y aliados.<\/p>\n<p>Por lo que hace a la conformaci\u00f3n del Congreso local, MORENA se impuso en los 15 distritos en contienda, por lo que obtiene 9 diputaciones de mayor\u00eda y 4 plurinominales; el PVEM logr\u00f3 3 diputados de mayor\u00eda y 2 plurinominales; el PT tambi\u00e9n 3 diputaciones de mayor\u00eda y el PAN logra 2 plurinominales. Adem\u00e1s, PRI y MC consiguen una plurinominal cada qui\u00e9n.<\/p>\n<p>En otro orden, le comento que en Canc\u00fan y con el compromiso de mantener acciones de obra p\u00fablica para beneficio de automovilistas y transe\u00fantes, el Encargado de Despacho de la Presidencia Municipal de Benito Ju\u00e1rez, Pablo Guti\u00e9rrez Fern\u00e1ndez, inform\u00f3 que la rehabilitaci\u00f3n de pavimento asf\u00e1ltico en sitio por medio de aire caliente y colocaci\u00f3n de la nueva carpeta en un solo paso de la Avenida Canc\u00fan, suma un 95 por ciento de avance.<\/p>\n<p>Para constatar dichos trabajos, realiz\u00f3 un recorrido en dicha arteria junto con el Encargado de la Secretar\u00eda de Obras P\u00fablicas y Servicios, Antonio Cabrera Anduaga, quien le explic\u00f3 se encuentran en los \u00faltimos detalles para su conclusi\u00f3n.<\/p>\n<p>En ese marco, el Encargado de Despacho de la Presidencia Municipal de Benito Ju\u00e1rez destac\u00f3 la administraci\u00f3n actual se enfoca en la consolidaci\u00f3n y mejora de la infraestructura urbana como son calles y avenidas, para que los ciudadanos tengan una mejor calidad de vida.<\/p>\n<p>De manera general, se indic\u00f3 la meta de atenci\u00f3n en dicha avenida son 51 mil 317.49 metros cuadrados de rehabilitaci\u00f3n de pavimento asf\u00e1ltico con t\u00e9cnica de reciclado, mediante la m\u00e1quina conocida como \u201cDrag\u00f3n\u201d, a lo que se suman 14 mil 843.40 metros cuadrados de bacheo con restituci\u00f3n de carpeta asf\u00e1ltica en caliente de cinco cent\u00edmetros de espesor.<\/p>\n<p>En los trabajos complementarios se incluyen 56 piezas de renivelaci\u00f3n de brocales de pozos de visita; mil 013.47 metros cuadrados de aplicaci\u00f3n de rayas discontinuas para separaci\u00f3n de carril y cruce peatonal con pintura termo pl\u00e1stica y 318.11 metros cuadrados de aplicaci\u00f3n de rayas \u201calto\u201d de 60 cent\u00edmetros con pintura termopl\u00e1stica.<\/p>\n<p>A detalle, el Encargado de Despacho de la Secretar\u00eda de Obras P\u00fablicas y Servicios, explic\u00f3 que primero se hizo un levantamiento topogr\u00e1fico de la carpeta existente y despu\u00e9s se llev\u00f3 a cabo un bacheo con el equipo de fresado de la superficie, el barrido y la colocaci\u00f3n de la nueva carpeta dejando al nivel indicado para la compactaci\u00f3n.<\/p>\n<p>Despu\u00e9s de eso, se\u00f1al\u00f3 que se rehabilita la carpeta asf\u00e1ltica existente con el primer paso de la maquinaria de precalentado por medio de aire caliente, se contin\u00faa con la incorporaci\u00f3n del cami\u00f3n de volteo con la mezcla asf\u00e1ltica nueva y se ingresa el segundo equipo que la extiende y se prepara la carpeta existente para iniciar con el fresado de 2.5 cent\u00edmetros de espesor.<\/p>\n<p>En una segunda fase, dijo que se coloca la carpeta nueva de cuatro cent\u00edmetros de espesor y se compacta con equipo de rodillo met\u00e1lico, as\u00ed como se incorpora el neum\u00e1tico para el terminado final, por lo que sigue la renivelaci\u00f3n de pozos de visita, el balizamiento horizontal con pintura para la delimitaci\u00f3n de carriles con rayas discontinuadas y pintura de pasos peatonales.<\/p>\n<p>Tambi\u00e9n en Canc\u00fan, pero en cuanto a la promoci\u00f3n tur\u00edstica del destino, le informo que el Ayuntamiento de Benito Ju\u00e1rez coloc\u00f3 una escultura como nuevo atractivo tur\u00edstico en Playa Delfines para que turistas y tambi\u00e9n cancunenses se tomen la foto del recuerdo.<\/p>\n<p>Se inform\u00f3 que la efigie que se divide en dos partes y contiene en total cinco delfines, anteriormente estaba ubicada en el Parque de las Palapas y ahora luce en uno de los corredores entre la banqueta y un mirador, con un escenario majestuoso que es el mar azul turquesa del Caribe Mexicano, para disfrute de todos los ba\u00f1istas.<\/p>\n<p>Cabe recordar Playa Delfines es un balneario p\u00fablico altamente visitado por su belleza y su calidad en los servicios, ya que posee el distintivo de bandera azul Blue Flag y la bandera blanca de Playa Limpia Sustentable, en el Nivel II, as\u00ed como el certificado de Playa Platino, de acuerdo al Instituto Mexicano de Normalizaci\u00f3n y Certificaci\u00f3n (IMNC).<\/p>\n<p>Por su parte, el secretario de Turismo del Gobierno de M\u00e9xico, Miguel Torruco Marqu\u00e9s, destac\u00f3 que la estad\u00edstica en materia tur\u00edstica, trabajadas mediante alianzas interinstitucionales, permite transformar los complejos retos en oportunidades que contribuyan al desarrollo tur\u00edstico de nuestro pa\u00eds.<\/p>\n<p>Al encabezar la Primera Sesi\u00f3n Plenaria 2024 del Comit\u00e9 T\u00e9cnico Especializado de Estad\u00edsticas Econ\u00f3micas del Sector Turismo (CTEEEST), junto con la presidenta del Instituto Nacional de Estad\u00edstica y Geograf\u00eda (INEGI), Graciela M\u00e1rquez Col\u00edn, el titular de la Secretar\u00eda de Turismo (Sectur) se\u00f1al\u00f3 que, en conjunto con esta instituci\u00f3n y las unidades del estado, este Comit\u00e9 atiende asuntos estad\u00edsticos de relevancia para la actividad tur\u00edstica y su contexto en la econom\u00eda nacional.<\/p>\n<p>Reconoci\u00f3 a todos los participantes, quienes a lo largo de estos casi seis a\u00f1os, sesi\u00f3n tras sesi\u00f3n, han trabajado de manera constante y entusiasta, mejorando la estad\u00edstica tur\u00edstica, as\u00ed como la informaci\u00f3n que genera y difunde Sectur, en conjunto con otras instancias de gobierno; empero, lo anterior ser\u00e1 motivo de otro an\u00e1lisis en posterior entrega de <strong><em>HORA 14<\/em><\/strong>.<\/p>\n<p><em><a href=\"mailto:%20mauricio_conde@msn.com\" target=\"_blank\" rel=\"noopener noreferrer\">mauricioconde59@outlook.com<\/a><\/em><br \/>\n<em>X: <a href=\"https:\/\/twitter.com\/mauconde?lang=es\" target=\"_blank\" rel=\"noopener\">@mauconde<\/a><\/em><\/p>\n","protected":false},"excerpt":{"rendered":"<p><span style=\"color: #005497;\"><strong>Mauricio Conde Olivares<\/strong><\/span><\/p>\n","protected":false},"author":3,"featured_media":0,"comment_status":"open","ping_status":"open","sticky":false,"template":"","format":"standard","meta":{"_monsterinsights_skip_tracking":false,"_monsterinsights_sitenote_active":false,"_monsterinsights_sitenote_note":"","_monsterinsights_sitenote_category":0,"footnotes":""},"categories":[35889],"tags":[43712,43674,44860],"class_list":["post-621705","post","type-post","status-publish","format-standard","hentry","category-mauricio-conde-olivares","tag-mauricio-conde-olivares","tag-opinion","tag-hora-14"],"_links":{"self":[{"href":"https:\/\/www.diarioimagen.net\/index.php?rest_route=\/wp\/v2\/posts\/621705","targetHints":{"allow":["GET"]}}],"collection":[{"href":"https:\/\/www.diarioimagen.net\/index.php?rest_route=\/wp\/v2\/posts"}],"about":[{"href":"https:\/\/www.diarioimagen.net\/index.php?rest_route=\/wp\/v2\/types\/post"}],"author":[{"embeddable":true,"href":"https:\/\/www.diarioimagen.net\/index.php?rest_route=\/wp\/v2\/users\/3"}],"replies":[{"embeddable":true,"href":"https:\/\/www.diarioimagen.net\/index.php?rest_route=%2Fwp%2Fv2%2Fcomments&post=621705"}],"version-history":[{"count":0,"href":"https:\/\/www.diarioimagen.net\/index.php?rest_route=\/wp\/v2\/posts\/621705\/revisions"}],"wp:attachment":[{"href":"https:\/\/www.diarioimagen.net\/index.php?rest_route=%2Fwp%2Fv2%2Fmedia&parent=621705"}],"wp:term":[{"taxonomy":"category","embeddable":true,"href":"https:\/\/www.diarioimagen.net\/index.php?rest_route=%2Fwp%2Fv2%2Fcategories&post=621705"},{"taxonomy":"post_tag","embeddable":true,"href":"https:\/\/www.diarioimagen.net\/index.php?rest_route=%2Fwp%2Fv2%2Ftags&post=621705"}],"curies":[{"name":"wp","href":"https:\/\/api.w.org\/{rel}","templated":true}]}}