{"id":621835,"date":"2024-06-06T00:03:02","date_gmt":"2024-06-06T06:03:02","guid":{"rendered":"https:\/\/www.diarioimagen.net\/?p=621835"},"modified":"2024-06-06T00:17:21","modified_gmt":"2024-06-06T06:17:21","slug":"confirman-al-pvem-como-segunda-fuerza-en-el-congreso-mexiquense","status":"publish","type":"post","link":"https:\/\/www.diarioimagen.net\/?p=621835","title":{"rendered":"Confirman al PVEM como segunda fuerza en el Congreso mexiquense"},"content":{"rendered":"<p>&nbsp;<\/p>\n<ul>\n<li><strong><em>Lanza llamado a la unidad<\/em> <\/strong><\/li>\n<\/ul>\n<p>&nbsp;<\/p>\n<div id=\"attachment_621895\" style=\"width: 470px\" class=\"wp-caption aligncenter\"><a href=\"https:\/\/www.diarioimagen.net\/?attachment_id=621895\" rel=\"attachment wp-att-621895\"><img loading=\"lazy\" decoding=\"async\" aria-describedby=\"caption-attachment-621895\" class=\"size-full wp-image-621895\" src=\"https:\/\/www.diarioimagen.net\/wp-content\/uploads\/2024\/06\/confirma-pvem.jpg\" alt=\"\" width=\"460\" height=\"270\" \/><\/a><p id=\"caption-attachment-621895\" class=\"wp-caption-text\">De acuerdo a cifras del Programa de Resultados Electorales Preliminares, el Partido Verde Ecologista de M\u00e9xico es la\u00a0 segunda fuerza pol\u00edtica en el Congreso del Estado de M\u00e9xico.<\/p><\/div>\n<p>&nbsp;<\/p>\n<p><strong>Valle de M\u00e9xico.\u2014<\/strong> Tras celebrar los datos publicados por el Centro de Planeaci\u00f3n Estrat\u00e9gica y Prospectiva Pol\u00edtica, S.C. (Ceplan), a partir del Programa de Resultados Electorales Preliminares (PREP), que colocan al Partido Verde Ecologista de M\u00e9xico (PVEM) como segunda fuerza pol\u00edtica en el Congreso local, su dirigente estatal, Jos\u00e9 Alberto Couttolenc Buentello llam\u00f3 a la reconciliaci\u00f3n y la unidad entre los mexiquenses.<\/p>\n<p>\u201cSabemos que en la democracia no todos los candidatos pueden ganar, pero hoy quiero hacer un llamado a la reconciliaci\u00f3n. M\u00e9xico nos necesita unidos, mirando m\u00e1s all\u00e1 de los colores partidistas, trabajando juntos para enfrentar los grandes desaf\u00edos de nuestra naci\u00f3n\u201d, exhort\u00f3 el l\u00edder estatal en un video publicado en sus redes sociales. La informaci\u00f3n del Ceplan, al corte del 3 de junio, arroja que el PVEM logr\u00f3 614 mil 505 votos absolutos en esta elecci\u00f3n de diputados mexiquenses, permiti\u00e9ndole seis espacios de Mayor\u00eda Relativa en el Congreso local, -en la pasada Legislatura ten\u00eda dos-, posicion\u00e1ndose como segunda fuerza en la entidad, debajo de Morena, cuyo contexto se repiti\u00f3 a nivel federal.<\/p>\n<p>Respecto a ayuntamientos, resalta que el Verde alcanz\u00f3 553 mil 718 sufragios, cantidad que representa su votaci\u00f3n m\u00e1s alta respecto a los dos procesos anteriores que enfrent\u00f3, logrando 385 mil 986 votos en 2021 y 364 mil 999 en 2018.<\/p>\n<p>Finalmente, el documento sostiene que este instituto pol\u00edtico mantiene su fuerza pol\u00edtica, como en la elecci\u00f3n de 2021, tras ganar en seis municipios: Hueypoxtla, Temamatla, Tenango del Aire, Ozumba y Ecatzingo.<\/p>\n<p>Tras agradecer el voto y la confianza de los habitantes de la entidad, \u201cPepe\u201d Couttolenc se comprometi\u00f3 a que el PVEM trabajar\u00e1 incansablemente por 10 grandes acciones en beneficio de todas y todos.<\/p>\n<p>Finalmente, el l\u00edder estatal asegur\u00f3 que los ecologistas buscar\u00e1n construir puentes, generar consensos y dignificar sus acuerdos sin distinci\u00f3n alguna, para solucionar todos y cada uno de los problemas que son de todos y no solo de ciertos partidos.<\/p>\n","protected":false},"excerpt":{"rendered":"<p>Tras celebrar los datos publicados por el Centro de Planeaci\u00f3n Estrat\u00e9gica y Prospectiva Pol\u00edtica, S.C. (Ceplan), a partir del Programa de Resultados Electorales Preliminares (PREP), que colocan al Partido Verde Ecologista de M\u00e9xico (PVEM) como segunda fuerza pol\u00edtica en el Congreso local, su dirigente estatal, Jos\u00e9 Alberto Couttolenc Buentello llam\u00f3 a la reconciliaci\u00f3n y la unidad entre los mexiquenses.\u00a0<\/p>\n","protected":false},"author":3,"featured_media":621895,"comment_status":"open","ping_status":"open","sticky":false,"template":"","format":"standard","meta":{"_monsterinsights_skip_tracking":false,"_monsterinsights_sitenote_active":false,"_monsterinsights_sitenote_note":"","_monsterinsights_sitenote_category":0,"footnotes":""},"categories":[5],"tags":[1416,34],"class_list":["post-621835","post","type-post","status-publish","format-standard","has-post-thumbnail","hentry","category-estado-de-mexico","tag-pvem","tag-valle-de-mexico"],"_links":{"self":[{"href":"https:\/\/www.diarioimagen.net\/index.php?rest_route=\/wp\/v2\/posts\/621835","targetHints":{"allow":["GET"]}}],"collection":[{"href":"https:\/\/www.diarioimagen.net\/index.php?rest_route=\/wp\/v2\/posts"}],"about":[{"href":"https:\/\/www.diarioimagen.net\/index.php?rest_route=\/wp\/v2\/types\/post"}],"author":[{"embeddable":true,"href":"https:\/\/www.diarioimagen.net\/index.php?rest_route=\/wp\/v2\/users\/3"}],"replies":[{"embeddable":true,"href":"https:\/\/www.diarioimagen.net\/index.php?rest_route=%2Fwp%2Fv2%2Fcomments&post=621835"}],"version-history":[{"count":0,"href":"https:\/\/www.diarioimagen.net\/index.php?rest_route=\/wp\/v2\/posts\/621835\/revisions"}],"wp:featuredmedia":[{"embeddable":true,"href":"https:\/\/www.diarioimagen.net\/index.php?rest_route=\/wp\/v2\/media\/621895"}],"wp:attachment":[{"href":"https:\/\/www.diarioimagen.net\/index.php?rest_route=%2Fwp%2Fv2%2Fmedia&parent=621835"}],"wp:term":[{"taxonomy":"category","embeddable":true,"href":"https:\/\/www.diarioimagen.net\/index.php?rest_route=%2Fwp%2Fv2%2Fcategories&post=621835"},{"taxonomy":"post_tag","embeddable":true,"href":"https:\/\/www.diarioimagen.net\/index.php?rest_route=%2Fwp%2Fv2%2Ftags&post=621835"}],"curies":[{"name":"wp","href":"https:\/\/api.w.org\/{rel}","templated":true}]}}