{"id":621949,"date":"2024-06-07T00:09:56","date_gmt":"2024-06-07T06:09:56","guid":{"rendered":"https:\/\/www.diarioimagen.net\/?p=621949"},"modified":"2024-06-10T00:05:58","modified_gmt":"2024-06-10T06:05:58","slug":"triatlon-disciplina-que-exige-fuerza-resistencia-y-estrategia-yared-emanuel-jasso-quintero","status":"publish","type":"post","link":"https:\/\/www.diarioimagen.net\/?p=621949","title":{"rendered":"Triatl\u00f3n, disciplina que exige fuerza, resistencia y estrategia: Yared Emanuel Jasso Quintero"},"content":{"rendered":"<p>&nbsp;<\/p>\n<div id=\"attachment_622024\" style=\"width: 470px\" class=\"wp-caption aligncenter\"><a href=\"https:\/\/www.diarioimagen.net\/?attachment_id=622024\" rel=\"attachment wp-att-622024\"><img loading=\"lazy\" decoding=\"async\" aria-describedby=\"caption-attachment-622024\" class=\"size-full wp-image-622024\" src=\"https:\/\/www.diarioimagen.net\/wp-content\/uploads\/2024\/06\/uaem-triatlon.jpg\" alt=\"\" width=\"460\" height=\"270\" \/><\/a><p id=\"caption-attachment-622024\" class=\"wp-caption-text\">El estudiante del cuarto semestre de la Facultad de Derecho ha logrado balancear la pr\u00e1ctica del deporte y su carrera acad\u00e9mica con \u00e9xito.<\/p><\/div>\n<p>&nbsp;<\/p>\n<p><strong>Toluca, Estado de M\u00e9xico.<\/strong>\u2014 Yared Emanuel Jasso Quintero, estudiante de la Facultad de Derecho de la Universidad Aut\u00f3noma del Estado de M\u00e9xico (UAEM\u00e9x), conquist\u00f3 en abril pasado el Triatl\u00f3n de Mazatl\u00e1n en la distancia Ol\u00edmpica, lo que le permiti\u00f3 sumar puntos para la clasificaci\u00f3n al Mundial de Triatl\u00f3n que se llevar\u00e1 a cabo en Torremolinos, Espa\u00f1a 2024.<\/p>\n<p>\u201cGanar el Triatl\u00f3n de Mazatl\u00e1n ha sido una experiencia incre\u00edble y estoy lleno de emoci\u00f3n y orgullo. Todo el esfuerzo y dedicaci\u00f3n han valido la pena. Ahora, adem\u00e1s, estoy emocionado de comenzar el proceso de preparaci\u00f3n para el Mundial de Triatl\u00f3n en Espa\u00f1a\u201d, explic\u00f3 el estudiante de cuarto semestre de la Licenciatura en Derecho.<\/p>\n<p>Jasso Quintero, quien se encontr\u00f3 con el triatl\u00f3n a los 17 a\u00f1os, destac\u00f3 que entre sus logros deportivos destacan la competencia en el duatl\u00f3n en Puerto Marqu\u00e9s en Acapulco, Guerrero en octubre del 2023, donde se coloc\u00f3 en segunda posici\u00f3n y le permiti\u00f3 clasificarse en el Mundial de Duatl\u00f3n en Australia 2024.<\/p>\n<p>Su paso por la UAEM\u00e9x le ha permitido compaginar su pasi\u00f3n por el Derecho y su dedicaci\u00f3n por el triatl\u00f3n. En ambas \u00e1reas, dijo, la gesti\u00f3n del tiempo es clave, ya sea entrenando para una pr\u00f3xima competici\u00f3n o trabajando en m\u00faltiples casos legales; aprender a priorizar y organizar eficientemente el tiempo es esencial para mantenerse en la cima del juego.<\/p>\n<p>El universitario, tambi\u00e9n conocido como \u201cJasso\u201d, refiri\u00f3 que su gusto por el deporte comenz\u00f3 a los siete a\u00f1os de edad, en la pr\u00e1ctica de la nataci\u00f3n en San Bartolom\u00e9 Tlatelulco y al paso de los a\u00f1os, de la mano de entrenadores como Benito Orozco en ciclismo, Juan Luis Barrios y Erick Mej\u00eda L\u00f3pez en nataci\u00f3n busca seguir mejorando en la especialidad del triatl\u00f3n.<\/p>\n<p>Sin duda, explic\u00f3, el triatl\u00f3n es una disciplina que se ha convertido en un desaf\u00edo y reto personal ya que es un deporte dif\u00edcil por la combinaci\u00f3n de tres actividades de alto rendimiento: carrera a pie, ciclismo y nataci\u00f3n. No obstante, subray\u00f3, el desarrollo de una estrategia espec\u00edfica para practicvarlo le ha permitido cumplir sus objetivos y sobresalir en cada competencia.<\/p>\n<p>El atleta verde y oro, concluy\u00f3 que la combinaci\u00f3n de disciplina, nobleza e inteligencia ha sido fundamental para desarrollarse en el \u00e1mbito deportivo, pero tambi\u00e9n en el profesional. A sus compa\u00f1eros y a nuevas generaciones desea compartir que tengan un objetivo claro, que nada es imposible y que deben buscar siempre las formas para seguir adelante.<\/p>\n","protected":false},"excerpt":{"rendered":"<p>Yared Emanuel Jasso Quintero, estudiante de la Facultad de Derecho de la Universidad Aut\u00f3noma del Estado de M\u00e9xico (UAEM\u00e9x), conquist\u00f3 en abril pasado el Triatl\u00f3n de Mazatl\u00e1n en la distancia Ol\u00edmpica, lo que le permiti\u00f3 sumar puntos para la clasificaci\u00f3n al Mundial de Triatl\u00f3n que se llevar\u00e1 a cabo en Torremolinos, Espa\u00f1a 2024.<\/p>\n","protected":false},"author":3,"featured_media":622024,"comment_status":"open","ping_status":"open","sticky":false,"template":"","format":"standard","meta":{"_monsterinsights_skip_tracking":false,"_monsterinsights_sitenote_active":false,"_monsterinsights_sitenote_note":"","_monsterinsights_sitenote_category":0,"footnotes":""},"categories":[5],"tags":[43680,100057,100056],"class_list":["post-621949","post","type-post","status-publish","format-standard","has-post-thumbnail","hentry","category-estado-de-mexico","tag-deportes","tag-triatlon","tag-yared-emanuel-jasso-quinter"],"_links":{"self":[{"href":"https:\/\/www.diarioimagen.net\/index.php?rest_route=\/wp\/v2\/posts\/621949","targetHints":{"allow":["GET"]}}],"collection":[{"href":"https:\/\/www.diarioimagen.net\/index.php?rest_route=\/wp\/v2\/posts"}],"about":[{"href":"https:\/\/www.diarioimagen.net\/index.php?rest_route=\/wp\/v2\/types\/post"}],"author":[{"embeddable":true,"href":"https:\/\/www.diarioimagen.net\/index.php?rest_route=\/wp\/v2\/users\/3"}],"replies":[{"embeddable":true,"href":"https:\/\/www.diarioimagen.net\/index.php?rest_route=%2Fwp%2Fv2%2Fcomments&post=621949"}],"version-history":[{"count":0,"href":"https:\/\/www.diarioimagen.net\/index.php?rest_route=\/wp\/v2\/posts\/621949\/revisions"}],"wp:featuredmedia":[{"embeddable":true,"href":"https:\/\/www.diarioimagen.net\/index.php?rest_route=\/wp\/v2\/media\/622024"}],"wp:attachment":[{"href":"https:\/\/www.diarioimagen.net\/index.php?rest_route=%2Fwp%2Fv2%2Fmedia&parent=621949"}],"wp:term":[{"taxonomy":"category","embeddable":true,"href":"https:\/\/www.diarioimagen.net\/index.php?rest_route=%2Fwp%2Fv2%2Fcategories&post=621949"},{"taxonomy":"post_tag","embeddable":true,"href":"https:\/\/www.diarioimagen.net\/index.php?rest_route=%2Fwp%2Fv2%2Ftags&post=621949"}],"curies":[{"name":"wp","href":"https:\/\/api.w.org\/{rel}","templated":true}]}}