{"id":621951,"date":"2024-06-07T00:01:11","date_gmt":"2024-06-07T06:01:11","guid":{"rendered":"https:\/\/www.diarioimagen.net\/?p=621951"},"modified":"2024-06-09T23:30:42","modified_gmt":"2024-06-10T05:30:42","slug":"lopez-obrador-descarta-que-estados-unidos-cierre-frontera-con-mexico-por-crisis-migratoria","status":"publish","type":"post","link":"https:\/\/www.diarioimagen.net\/?p=621951","title":{"rendered":"L\u00f3pez Obrador descarta que Estados Unidos cierre frontera con M\u00e9xico por crisis migratoria"},"content":{"rendered":"<p>&nbsp;<\/p>\n<h2 style=\"text-align: center;\">\u00a0\u201cNo le conviene a ninguno de los dos pa\u00edses\u201d<\/h2>\n<p>&nbsp;<\/p>\n<ul>\n<li><em><strong>Rechaza el Presidente endurecimiento de medidas contra personas indocumentadas<\/strong> <\/em><\/li>\n<\/ul>\n<p>&nbsp;<\/p>\n<div id=\"attachment_622026\" style=\"width: 470px\" class=\"wp-caption aligncenter\"><a href=\"https:\/\/www.diarioimagen.net\/?attachment_id=622026\" rel=\"attachment wp-att-622026\"><img loading=\"lazy\" decoding=\"async\" aria-describedby=\"caption-attachment-622026\" class=\"size-full wp-image-622026\" src=\"https:\/\/www.diarioimagen.net\/wp-content\/uploads\/2024\/06\/lopez-obrador-descarta.jpg\" alt=\"\" width=\"460\" height=\"270\" \/><\/a><p id=\"caption-attachment-622026\" class=\"wp-caption-text\">Andr\u00e9s Manuel L\u00f3pez obrador rechaza endurecimiento de pol\u00edticas migratorias, tras desalojo de migrantes en la plaza Giordano Bruno, en CDMX.<\/p><\/div>\n<p>&nbsp;<\/p>\n<p>El presidente Andr\u00e9s Manuel L\u00f3pez Obrador afirm\u00f3 este jueves que las medidas impuestas por Estados Unidos para restringir las solicitudes de asilo en la frontera con M\u00e9xico son un asunto exclusivamente migratorio y no significa ning\u00fan cierre de la frontera. \u201cEs imposible que se cierre la frontera, esto para tranquilidad de la gente\u201d, insisti\u00f3.<\/p>\n<p>\u201cNo se puede tomar la frontera, no es posible, no le conviene a ninguno de los dos pa\u00edses, ni a nuestros pueblos, es bastante la integraci\u00f3n econ\u00f3mica, comercial, social que existe en la frontera\u201d, asegur\u00f3 el mandatario en su conferencia ma\u00f1anera diaria en Palacio Nacional.<\/p>\n<p>Rechaz\u00f3 que la medida anunciada por Joe Biden el martes para limitar las solicitudes de asilo en la frontera con M\u00e9xico si el n\u00famero de cruces de migrantes irregulares supera un l\u00edmite determinado, vaya m\u00e1s all\u00e1 del \u00e1mbito lo migratorio. \u201cEs migratorio, no es comercial, no tiene que ver con la gente de Tijuana que va y viene, es para lo que se conoce como migraci\u00f3n irregular\u201d, recalc\u00f3.<\/p>\n<p>Al se\u00f1alar que su administraci\u00f3n est\u00e1 atenta ante cualquier posible afectaci\u00f3n en la frontera, record\u00f3 que M\u00e9xico est\u00e1 mediando entre Estados Unidos y gobiernos como el de Cuba y Venezuela para que acepten deportaciones directas de sus ciudadanos desde territorio estadounidense.<\/p>\n<p>\u201cEn esta caso estamos nosotros ayudando para que se acepte en los pa\u00edses en donde ellos no tienen buena relaci\u00f3n el que puedan tomar medidas de deportaci\u00f3n aunque nosotros no quisi\u00e9ramos que deportaran a nadie, porque la migraci\u00f3n no es por gusto, es por necesidad, pero ya como toman esas decisiones y es un Estado soberano, bueno, que los deportados lleguen de manera directa a sus pa\u00edses\u201d, dijo.<\/p>\n<p>L\u00f3pez Obrador destac\u00f3 que durante su mandato se ha avanzando en la integraci\u00f3n econ\u00f3mica de Am\u00e9rica del Norte y consider\u00f3 que al pr\u00f3ximo gobierno de la virtual presidenta electa, Claudia Sheinbaum, le corresponder\u00e1 consolidar este proceso y avanzar hacia la integraci\u00f3n continental.<\/p>\n<p>\u201cAhora les va a tocar a las pr\u00f3ximas autoridades, a quien ya saben ustedes qui\u00e9n, el seguir convenciendo que se consolide la integraci\u00f3n de Am\u00e9rica del Norte, pero que se piense en consolidar la integraci\u00f3n de toda Am\u00e9rica, que como la Uni\u00f3n Europea comenz\u00f3 como Comunidad Europea y se convirti\u00f3 en Uni\u00f3n Europea. Lo mismo, Comunidad de Am\u00e9rica y Uni\u00f3n de todos los pa\u00edses de Am\u00e9rica, esto va a significar una transformaci\u00f3n, pensando en las nuevas generaciones esta es la opci\u00f3n hacia adelante\u201d, expuso.<\/p>\n<p style=\"text-align: center;\"><strong>Rechaza AMLO endurecimiento de pol\u00edticas migratorias<\/strong><\/p>\n<p>Luego de que fuera desalojado el campamento de docenas migrantes en la plaza Giordano Bruno, en la Ciudad de M\u00e9xico, el presidente L\u00f3pez Obrador rechaz\u00f3 que tras la llamada con su hom\u00f3logo de Estados Unidos, Joe Biden, y en medio de la decisi\u00f3n de ese gobierno estadounidense de limitar las solicitudes de asilo a ese pa\u00eds, se hayan endurecido las pol\u00edticas migratorias, y asegur\u00f3 que \u201cno hay deportaciones\u201d ni se violan derechos humanos.<\/p>\n<p>\u201c\u00bfNo se endurecen las pol\u00edticas migratorias en M\u00e9xico despu\u00e9s sobre todo de la llamada del presidente Biden y las medidas de Estados Unidos\u201d, se le pregunt\u00f3 en su conferencia ma\u00f1anera de este jueves 6 de junio en Palacio Nacional.<\/p>\n<p>\u201cNo, no, no\u201d, respondi\u00f3. \u201cNosotros no desaparecemos, no violamos derechos humanos, nosotros no torturamos, nosotros no reprimimos, no ordenamos masacres\u201d, dijo.<\/p>\n","protected":false},"excerpt":{"rendered":"<p>El presidente Andr\u00e9s Manuel L\u00f3pez Obrador afirm\u00f3 este jueves que las medidas impuestas por Estados Unidos para restringir las solicitudes de asilo en la frontera con M\u00e9xico son un asunto exclusivamente migratorio y no significa ning\u00fan cierre de la frontera. \u201cEs imposible que se cierre la frontera, esto para tranquilidad de la gente\u201d, insisti\u00f3.<\/p>\n","protected":false},"author":3,"featured_media":622026,"comment_status":"open","ping_status":"open","sticky":false,"template":"","format":"standard","meta":{"_monsterinsights_skip_tracking":false,"_monsterinsights_sitenote_active":false,"_monsterinsights_sitenote_note":"","_monsterinsights_sitenote_category":0,"footnotes":""},"categories":[3],"tags":[21865,177,4043],"class_list":["post-621951","post","type-post","status-publish","format-standard","has-post-thumbnail","hentry","category-nacional","tag-cierre","tag-estados-unidos","tag-frontera"],"_links":{"self":[{"href":"https:\/\/www.diarioimagen.net\/index.php?rest_route=\/wp\/v2\/posts\/621951","targetHints":{"allow":["GET"]}}],"collection":[{"href":"https:\/\/www.diarioimagen.net\/index.php?rest_route=\/wp\/v2\/posts"}],"about":[{"href":"https:\/\/www.diarioimagen.net\/index.php?rest_route=\/wp\/v2\/types\/post"}],"author":[{"embeddable":true,"href":"https:\/\/www.diarioimagen.net\/index.php?rest_route=\/wp\/v2\/users\/3"}],"replies":[{"embeddable":true,"href":"https:\/\/www.diarioimagen.net\/index.php?rest_route=%2Fwp%2Fv2%2Fcomments&post=621951"}],"version-history":[{"count":0,"href":"https:\/\/www.diarioimagen.net\/index.php?rest_route=\/wp\/v2\/posts\/621951\/revisions"}],"wp:featuredmedia":[{"embeddable":true,"href":"https:\/\/www.diarioimagen.net\/index.php?rest_route=\/wp\/v2\/media\/622026"}],"wp:attachment":[{"href":"https:\/\/www.diarioimagen.net\/index.php?rest_route=%2Fwp%2Fv2%2Fmedia&parent=621951"}],"wp:term":[{"taxonomy":"category","embeddable":true,"href":"https:\/\/www.diarioimagen.net\/index.php?rest_route=%2Fwp%2Fv2%2Fcategories&post=621951"},{"taxonomy":"post_tag","embeddable":true,"href":"https:\/\/www.diarioimagen.net\/index.php?rest_route=%2Fwp%2Fv2%2Ftags&post=621951"}],"curies":[{"name":"wp","href":"https:\/\/api.w.org\/{rel}","templated":true}]}}