{"id":621961,"date":"2024-06-07T00:05:17","date_gmt":"2024-06-07T06:05:17","guid":{"rendered":"https:\/\/www.diarioimagen.net\/?p=621961"},"modified":"2024-06-09T23:28:45","modified_gmt":"2024-06-10T05:28:45","slug":"sexto-encuentro-nacional-de-saberes-locales-de-alas-y-raices","status":"publish","type":"post","link":"https:\/\/www.diarioimagen.net\/?p=621961","title":{"rendered":"Sexto Encuentro Nacional de Saberes Locales de Alas y Ra\u00edces"},"content":{"rendered":"<p>&nbsp;<\/p>\n<ul>\n<li><em><strong>Estado de M\u00e9xico ser\u00e1 sede del evento<\/strong><\/em><\/li>\n<\/ul>\n<p><strong>\u00a0<\/strong><\/p>\n<div id=\"attachment_622064\" style=\"width: 470px\" class=\"wp-caption aligncenter\"><a href=\"https:\/\/www.diarioimagen.net\/?attachment_id=622064\" rel=\"attachment wp-att-622064\"><img loading=\"lazy\" decoding=\"async\" aria-describedby=\"caption-attachment-622064\" class=\"size-full wp-image-622064\" src=\"https:\/\/www.diarioimagen.net\/wp-content\/uploads\/2024\/06\/sexto-encuentro.jpg\" alt=\"\" width=\"460\" height=\"644\" \/><\/a><p id=\"caption-attachment-622064\" class=\"wp-caption-text\">Enrique Vargas del Villar reiter\u00f3 su reconocimiento a la gobernadora Delfina G\u00f3mez, quien en todo momento se mantuvo imparcial, sin intervenir en la jornada electoral.<\/p><\/div>\n<p>&nbsp;<\/p>\n<p><strong>Ciudad de M\u00e9xico.\u2014<\/strong> Con la participaci\u00f3n de 65 ni\u00f1as, ni\u00f1os y adolescentes provenientes de 22 estados de la Rep\u00fablica Mexicana, el Estado de M\u00e9xico ser\u00e1 sede del 6\u00b0 Encuentro Nacional de Saberes Locales de Alas y Ra\u00edces, organizado por la Secretar\u00eda de Cultura del Gobierno de M\u00e9xico en coordinaci\u00f3n con la Secretar\u00eda de Cultura y Turismo mexiquense.<\/p>\n<p>Del 10 al 13 de junio, la edici\u00f3n 2024 contar\u00e1 con la participaci\u00f3n presencial de infancias y adolescencias de Ciudad de M\u00e9xico, Hidalgo, Puebla, Tlaxcala, Campeche, Chiapas, Oaxaca, Durango, Nuevo Le\u00f3n, Nayarit, Colima, Guanajuato, Jalisco, Zacatecas, Quer\u00e9taro y Estado de M\u00e9xico, este \u00faltimo anfitri\u00f3n del encuentro.\u00a0 De manera virtual, los estados de Aguascalientes, Chihuahua, Baja California, Guerrero, Morelos y Sinaloa tambi\u00e9n se sumar\u00e1n a las actividades de esta sexta edici\u00f3n, a trav\u00e9s de micro documentales que dar\u00e1n testimonio de varios saberes practicados por ni\u00f1as y ni\u00f1os en sus entidades.<\/p>\n<p>El programa de actividades busca crear un espacio de di\u00e1logo y escucha en el que infancias y adolescencias pueden compartir aquellos conocimientos y pr\u00e1cticas tradicionales que les han sido heredadas por padres, madres, abuelas y abuelos y que hoy los convierten en \u201cguardianes\u201d de esos saberes ancestrales en sus comunidades.<\/p>\n<p>El programa estar\u00e1 integrado por conversatorios, juegos, presentaciones de m\u00fasica, danza, demostraciones culturales, talleres y visitas guiadas ser\u00e1n organizados e impartidos por ni\u00f1as, ni\u00f1os y adolescentes.<\/p>\n<p>Los talleres abordar\u00e1n la creaci\u00f3n de juguetes tradicionales, pigmentos de la cultura O\u2019dam, figuras de palma, elaboraci\u00f3n de alfombra y tapetes de Huamantla, artesan\u00edas de ojos de Dios, cartoner\u00eda, barro bru\u00f1ido, la importancia del rebozo y las escaramuzas, elaboraci\u00f3n de la flauta de carrizo de tres orificios y de pi\u00f1atas.\u00a0 Por parte del programa Cultura Comunitaria de la Direcci\u00f3n General de Vinculaci\u00f3n Cultural, ni\u00f1as y ni\u00f1os integrantes del Semillero Creativo de Producci\u00f3n Audiovisual y Lengua Yuhmu en Ixtenco, Tlaxcala, se suman al programa del Encuentro con la actividad \u201cJuegos en Yuhmu\u201d, los cuales re\u00fanen parte de la cosmovisi\u00f3n del pueblo Otom\u00ed Yuhmu a trav\u00e9s de actividades l\u00fadicas y canciones.<\/p>\n<p>Las demostraciones culturales y presentaciones art\u00edsticas estar\u00e1n integradas por las presentaciones de tejido en telar de cintura, de Oaxaca; la Danza Guerrera Azul de Colima; el vallenato colombiano con ni\u00f1as y ni\u00f1os del estado de Nuevo Le\u00f3n; la Danza prehisp\u00e1nica de Santiago Zapotitl\u00e1n, Ciudad de M\u00e9xico; la m\u00fasica tradicional huasteca, de Hidalgo; el salterio, m\u00fasica tradicional de Atltzayanca, Tlaxcala, as\u00ed como del zapateado de son, desde Veracruz.<\/p>\n<p>Desde Zacatecas habr\u00e1 muestras de elaboraci\u00f3n de chocolate de metate; de medicina tradicional de Campeche; producci\u00f3n de pulque de Temetzontla Panotla, Tlaxcala; elaboraci\u00f3n de artesan\u00eda Wix\u00e1rika de chaquira, as\u00ed como de elaboraci\u00f3n de juguetes tradicionales y cartoner\u00eda de Guanajuato y Chiapas, respectivamente.<\/p>\n<p>La cita es en el Centro Cultural Mexiquense ubicado en bulevar Jes\u00fas Reyes Heroles #302, delegaci\u00f3n San Buenaventura y en el Centro de Convenciones de la entidad, en Bulevar Miguel Alem\u00e1n Vald\u00e9s #175, ambos en Toluca, Estado de M\u00e9xico.<\/p>\n","protected":false},"excerpt":{"rendered":"<p>Con la participaci\u00f3n de 65 ni\u00f1as, ni\u00f1os y adolescentes provenientes de 22 estados de la Rep\u00fablica Mexicana, el Estado de M\u00e9xico ser\u00e1 sede del 6\u00b0 Encuentro Nacional de Saberes Locales de Alas y Ra\u00edces, organizado por la Secretar\u00eda de Cultura del Gobierno de M\u00e9xico en coordinaci\u00f3n con la Secretar\u00eda de Cultura y Turismo mexiquense.<\/p>\n","protected":false},"author":3,"featured_media":622065,"comment_status":"open","ping_status":"open","sticky":false,"template":"","format":"standard","meta":{"_monsterinsights_skip_tracking":false,"_monsterinsights_sitenote_active":false,"_monsterinsights_sitenote_note":"","_monsterinsights_sitenote_category":0,"footnotes":""},"categories":[5,99730],"tags":[100060,43675],"class_list":["post-621961","post","type-post","status-publish","format-standard","has-post-thumbnail","hentry","category-estado-de-mexico","category-edomex","tag-encuentro-nacional-de-saberes-locales-de-alas-y-raices","tag-estado-de-mexico"],"_links":{"self":[{"href":"https:\/\/www.diarioimagen.net\/index.php?rest_route=\/wp\/v2\/posts\/621961","targetHints":{"allow":["GET"]}}],"collection":[{"href":"https:\/\/www.diarioimagen.net\/index.php?rest_route=\/wp\/v2\/posts"}],"about":[{"href":"https:\/\/www.diarioimagen.net\/index.php?rest_route=\/wp\/v2\/types\/post"}],"author":[{"embeddable":true,"href":"https:\/\/www.diarioimagen.net\/index.php?rest_route=\/wp\/v2\/users\/3"}],"replies":[{"embeddable":true,"href":"https:\/\/www.diarioimagen.net\/index.php?rest_route=%2Fwp%2Fv2%2Fcomments&post=621961"}],"version-history":[{"count":0,"href":"https:\/\/www.diarioimagen.net\/index.php?rest_route=\/wp\/v2\/posts\/621961\/revisions"}],"wp:featuredmedia":[{"embeddable":true,"href":"https:\/\/www.diarioimagen.net\/index.php?rest_route=\/wp\/v2\/media\/622065"}],"wp:attachment":[{"href":"https:\/\/www.diarioimagen.net\/index.php?rest_route=%2Fwp%2Fv2%2Fmedia&parent=621961"}],"wp:term":[{"taxonomy":"category","embeddable":true,"href":"https:\/\/www.diarioimagen.net\/index.php?rest_route=%2Fwp%2Fv2%2Fcategories&post=621961"},{"taxonomy":"post_tag","embeddable":true,"href":"https:\/\/www.diarioimagen.net\/index.php?rest_route=%2Fwp%2Fv2%2Ftags&post=621961"}],"curies":[{"name":"wp","href":"https:\/\/api.w.org\/{rel}","templated":true}]}}