{"id":621965,"date":"2024-06-07T00:04:05","date_gmt":"2024-06-07T06:04:05","guid":{"rendered":"https:\/\/www.diarioimagen.net\/?p=621965"},"modified":"2024-06-07T01:43:12","modified_gmt":"2024-06-07T07:43:12","slug":"reconoce-enrique-vargas-papel-de-delfina-gomez-en-proceso-electoral","status":"publish","type":"post","link":"https:\/\/www.diarioimagen.net\/?p=621965","title":{"rendered":"Reconoce Enrique Vargas papel de Delfina G\u00f3mez en proceso electoral"},"content":{"rendered":"<p>&nbsp;<\/p>\n<ul>\n<li><em><strong>Destaca jornada c\u00edvica en el Estado de M\u00e9xico<\/strong><\/em><\/li>\n<\/ul>\n<p>&nbsp;<\/p>\n<div id=\"attachment_622062\" style=\"width: 470px\" class=\"wp-caption aligncenter\"><a href=\"https:\/\/www.diarioimagen.net\/?attachment_id=622062\" rel=\"attachment wp-att-622062\"><img loading=\"lazy\" decoding=\"async\" aria-describedby=\"caption-attachment-622062\" class=\"size-full wp-image-622062\" src=\"https:\/\/www.diarioimagen.net\/wp-content\/uploads\/2024\/06\/reconoce-enrique-vargas.jpg\" alt=\"\" width=\"460\" height=\"270\" \/><\/a><p id=\"caption-attachment-622062\" class=\"wp-caption-text\">Enrique Vargas del Villar reiter\u00f3 su reconocimiento a la gobernadora Delfina G\u00f3mez, quien en todo momento se mantuvo imparcial, sin intervenir en la jornada electoral.<\/p><\/div>\n<p>&nbsp;<\/p>\n<p><strong>Huixquilucan, Estado de M\u00e9xico.\u2014<\/strong> Enrique Vargas del Villar, virtual senador panista por el Estado de M\u00e9xico, reconoci\u00f3 el papel institucional con el que se condujo la gobernadora mexiquense Delfina G\u00f3mez \u00c1lvarez, quien se mantuvo al margen durante la jornada electoral del pasado domingo.<\/p>\n<p>El inminente senador de la Rep\u00fablica destac\u00f3 que la jornada electoral en el Estado de M\u00e9xico, transcurri\u00f3 en tranquilidad y ahora lo que sigue es darle la vuelta para enfrentar los retos que vienen para que los ciudadanos tengan una mejor calidad de vida. Y eso, reiter\u00f3 el panista, s\u00f3lo se logra trabajando juntos sin importar el color del partido pol\u00edtico. \u201cLa Gobernadora tendr\u00e1 en Enrique Vargas un aliado permanente por el bien de nuestro querido estado\u201d.<\/p>\n<p>Vargas del Villar dijo que las campa\u00f1as y la elecci\u00f3n quedaron atr\u00e1s y ahora lo que sigue es continuar con el trabajo institucional y de buena relaci\u00f3n con la gobernadora Delfina G\u00f3mez \u00c1lvarez, tal y como ha sido desde el primer d\u00eda de su mandato.<\/p>\n<p>El panista reiter\u00f3 su reconocimiento a la mandataria mexiquense, quien en todo momento se mantuvo imparcial, sin intervenir en la jornada electoral, por ello mi agradecimiento y al llamado para seguir tendiendo puentes a favor de los y las ciudadanas del Estado de M\u00e9xico.<\/p>\n","protected":false},"excerpt":{"rendered":"<p>Enrique Vargas del Villar, virtual senador panista por el Estado de M\u00e9xico, reconoci\u00f3 el papel institucional con el que se condujo la gobernadora mexiquense Delfina G\u00f3mez \u00c1lvarez, quien se mantuvo al margen durante la jornada electoral del pasado domingo.<\/p>\n","protected":false},"author":3,"featured_media":622062,"comment_status":"open","ping_status":"open","sticky":false,"template":"","format":"standard","meta":{"_monsterinsights_skip_tracking":false,"_monsterinsights_sitenote_active":false,"_monsterinsights_sitenote_note":"","_monsterinsights_sitenote_category":0,"footnotes":""},"categories":[5],"tags":[47218,43675,1097],"class_list":["post-621965","post","type-post","status-publish","format-standard","has-post-thumbnail","hentry","category-estado-de-mexico","tag-enrique-vargas-del-villar","tag-estado-de-mexico","tag-huixquilucan"],"_links":{"self":[{"href":"https:\/\/www.diarioimagen.net\/index.php?rest_route=\/wp\/v2\/posts\/621965","targetHints":{"allow":["GET"]}}],"collection":[{"href":"https:\/\/www.diarioimagen.net\/index.php?rest_route=\/wp\/v2\/posts"}],"about":[{"href":"https:\/\/www.diarioimagen.net\/index.php?rest_route=\/wp\/v2\/types\/post"}],"author":[{"embeddable":true,"href":"https:\/\/www.diarioimagen.net\/index.php?rest_route=\/wp\/v2\/users\/3"}],"replies":[{"embeddable":true,"href":"https:\/\/www.diarioimagen.net\/index.php?rest_route=%2Fwp%2Fv2%2Fcomments&post=621965"}],"version-history":[{"count":0,"href":"https:\/\/www.diarioimagen.net\/index.php?rest_route=\/wp\/v2\/posts\/621965\/revisions"}],"wp:featuredmedia":[{"embeddable":true,"href":"https:\/\/www.diarioimagen.net\/index.php?rest_route=\/wp\/v2\/media\/622062"}],"wp:attachment":[{"href":"https:\/\/www.diarioimagen.net\/index.php?rest_route=%2Fwp%2Fv2%2Fmedia&parent=621965"}],"wp:term":[{"taxonomy":"category","embeddable":true,"href":"https:\/\/www.diarioimagen.net\/index.php?rest_route=%2Fwp%2Fv2%2Fcategories&post=621965"},{"taxonomy":"post_tag","embeddable":true,"href":"https:\/\/www.diarioimagen.net\/index.php?rest_route=%2Fwp%2Fv2%2Ftags&post=621965"}],"curies":[{"name":"wp","href":"https:\/\/api.w.org\/{rel}","templated":true}]}}