{"id":621971,"date":"2024-06-07T00:01:11","date_gmt":"2024-06-07T06:01:11","guid":{"rendered":"https:\/\/www.diarioimagen.net\/?p=621971"},"modified":"2024-06-07T01:40:54","modified_gmt":"2024-06-07T07:40:54","slug":"excelente-atencion-en-centro-de-atencion-psicologica-pedagogica-y-psiquiatrica-de-cuautitlan-izcalli","status":"publish","type":"post","link":"https:\/\/www.diarioimagen.net\/?p=621971","title":{"rendered":"Excelente atenci\u00f3n en Centro de Atenci\u00f3n Psicol\u00f3gica, Pedag\u00f3gica y Psiqui\u00e1trica de Cuautitl\u00e1n Izcalli"},"content":{"rendered":"<p>&nbsp;<\/p>\n<p><a href=\"https:\/\/www.diarioimagen.net\/?attachment_id=622056\" rel=\"attachment wp-att-622056\"><img loading=\"lazy\" decoding=\"async\" class=\"aligncenter size-full wp-image-622056\" src=\"https:\/\/www.diarioimagen.net\/wp-content\/uploads\/2024\/06\/excelente-atencion.jpg\" alt=\"\" width=\"460\" height=\"270\" \/><\/a><\/p>\n<p>&nbsp;<\/p>\n<p><strong>Cuautitl\u00e1n Izcalli, Estado de M\u00e9xico.\u2014 <\/strong>A dos meses de haberse inaugurado el Centro de Atenci\u00f3n Psicol\u00f3gica, Pedag\u00f3gica y Psiqui\u00e1trica de Cuautitl\u00e1n Izcalli (CAPPPCI), el gobierno municipal de Cuautitl\u00e1n Izcalli, a trav\u00e9s del Sistema Municipal DIF, ha brindado m\u00e1s de 2 mil 500 terapias con el objetivo de atender la salud mental y mejorar la calidad de vida de la ciudadan\u00eda.<\/p>\n<p>Debido al incremento de pacientes que buscan terapia psicol\u00f3gica, pedag\u00f3gica y\/o psiqui\u00e1trica, en el centro se atiende a las familias para que reciban un diagn\u00f3stico temprano, el tratamiento oportuno, seguimiento de la evoluci\u00f3n del cuadro cl\u00ednico, para el cuidado de su salud mental y emocional.<\/p>\n","protected":false},"excerpt":{"rendered":"<p>A dos meses de haberse inaugurado el Centro de Atenci\u00f3n Psicol\u00f3gica, Pedag\u00f3gica y Psiqui\u00e1trica de Cuautitl\u00e1n Izcalli (CAPPPCI), el gobierno municipal de Cuautitl\u00e1n Izcalli, a trav\u00e9s del Sistema Municipal DIF, ha brindado m\u00e1s de 2 mil 500 terapias con el objetivo de atender la salud mental y mejorar la calidad de vida de la ciudadan\u00eda.<\/p>\n","protected":false},"author":3,"featured_media":622056,"comment_status":"open","ping_status":"open","sticky":false,"template":"","format":"standard","meta":{"_monsterinsights_skip_tracking":false,"_monsterinsights_sitenote_active":false,"_monsterinsights_sitenote_note":"","_monsterinsights_sitenote_category":0,"footnotes":""},"categories":[18863],"tags":[2954,43675],"class_list":["post-621971","post","type-post","status-publish","format-standard","has-post-thumbnail","hentry","category-salud-edomex","tag-dif","tag-estado-de-mexico"],"_links":{"self":[{"href":"https:\/\/www.diarioimagen.net\/index.php?rest_route=\/wp\/v2\/posts\/621971","targetHints":{"allow":["GET"]}}],"collection":[{"href":"https:\/\/www.diarioimagen.net\/index.php?rest_route=\/wp\/v2\/posts"}],"about":[{"href":"https:\/\/www.diarioimagen.net\/index.php?rest_route=\/wp\/v2\/types\/post"}],"author":[{"embeddable":true,"href":"https:\/\/www.diarioimagen.net\/index.php?rest_route=\/wp\/v2\/users\/3"}],"replies":[{"embeddable":true,"href":"https:\/\/www.diarioimagen.net\/index.php?rest_route=%2Fwp%2Fv2%2Fcomments&post=621971"}],"version-history":[{"count":0,"href":"https:\/\/www.diarioimagen.net\/index.php?rest_route=\/wp\/v2\/posts\/621971\/revisions"}],"wp:featuredmedia":[{"embeddable":true,"href":"https:\/\/www.diarioimagen.net\/index.php?rest_route=\/wp\/v2\/media\/622056"}],"wp:attachment":[{"href":"https:\/\/www.diarioimagen.net\/index.php?rest_route=%2Fwp%2Fv2%2Fmedia&parent=621971"}],"wp:term":[{"taxonomy":"category","embeddable":true,"href":"https:\/\/www.diarioimagen.net\/index.php?rest_route=%2Fwp%2Fv2%2Fcategories&post=621971"},{"taxonomy":"post_tag","embeddable":true,"href":"https:\/\/www.diarioimagen.net\/index.php?rest_route=%2Fwp%2Fv2%2Ftags&post=621971"}],"curies":[{"name":"wp","href":"https:\/\/api.w.org\/{rel}","templated":true}]}}