{"id":621988,"date":"2024-06-07T00:02:53","date_gmt":"2024-06-07T06:02:53","guid":{"rendered":"https:\/\/www.diarioimagen.net\/?p=621988"},"modified":"2024-06-07T01:50:05","modified_gmt":"2024-06-07T07:50:05","slug":"en-conteos-distritales-la-duda-esta-en-el-congreso-de-la-union","status":"publish","type":"post","link":"https:\/\/www.diarioimagen.net\/?p=621988","title":{"rendered":"En conteos distritales, la duda est\u00e1 en el Congreso\u00a0de\u00a0la\u00a0Uni\u00f3n"},"content":{"rendered":"<h2>La Retaguardia<\/h2>\n<h5>Adriana Moreno Cordero<\/h5>\n<p>&nbsp;<\/p>\n<ul>\n<li><strong><em>Juan Ram\u00f3n de la Fuente, \u00bfle enmienda la plana a Ignacio Mier?<\/em><\/strong><\/li>\n<\/ul>\n<p>&nbsp;<\/p>\n<p>En los conteos preliminares que lleva a cabo el INE, la duda no queda en la elecci\u00f3n presidencial, pues, a final de cuentas, <strong>Claudia Sheinbaum<\/strong> obtuvo m\u00e1s votos y el margen de sufragios entre ella y <strong>X\u00f3chitl G\u00e1lvez Ruiz<\/strong> se ampli\u00f3 a m\u00e1s de 2 a 1. La duda est\u00e1 en los conteos para el Congreso de la Uni\u00f3n, donde Morena y sus r\u00e9moras ya se frotan las manos, sinti\u00e9ndose due\u00f1os absolutos de curules y esca\u00f1os.<\/p>\n<p>No dej\u00f3 de costarle trabajo a la virtual Presidenta del pa\u00eds calmar a los mercados y al empresariado, luego de los resultados de las elecciones del 2 de junio, cuando al flamante coordinador de la bancada de Morena en la C\u00e1mara de Diputados<strong>, Ignacio Mier<\/strong>, con su pulido estilo de legislar, tarde se le hac\u00eda para anunciar que en los primeros d\u00edas de septiembre, una vez que asuma la nueva Legislatura, se aprobar\u00e1 la controvertida reforma al Poder Judicial que tiene como uno de sus objetivos que \u201cel pueblo bueno y sabio\u201d elija por medio de su voto a ministros y jueces.<\/p>\n<p>Desde luego que lo m\u00e1s probable es que Mier Velazco haya recibido \u201cl\u00ednea\u201d directa de Palacio Nacional, pero lo \u00fanico en que deriv\u00f3 este asunto, fue que el tipo de cambio del peso con respecto al d\u00f3lar, de nueva cuenta tocara la cotizaci\u00f3n de 18 pesos, con lo que el peso se depreci\u00f3 en un 2.87 por ciento.<\/p>\n<p>El temor se gener\u00f3 como producto de la inquietud de que esas controvertidas reformas, que en febrero pasado anunci\u00f3 L\u00f3pez Obrador, se aprueben si Morena y r\u00e9moras obtienen mayor\u00eda calificada en la pr\u00f3xima Legislatura.<\/p>\n<p>Ahora s\u00f3lo falta que en su gustad\u00edsimo \u201cstand-up\u201d ma\u00f1anero, L\u00f3pez Obrador salga con que se debe a factores internacionales que el peso se haya vuelto a depreciar, luego del anuncio que hizo Ignacio Mier.<\/p>\n<p>Pero en Morena, la atenci\u00f3n est\u00e1 puesta ni m\u00e1s ni menos que en la conformaci\u00f3n del gabinete de Claudia Sheinbaum, donde desde hace d\u00edas suenan algunos nombres que resultan hasta l\u00f3gicos dados los servicios que prestaron a la campa\u00f1a de la ex abanderada presidencial de la coalici\u00f3n \u201cSigamos Haciendo Historia\u201d.<\/p>\n<p>Desde luego, lo primero fue la ratificaci\u00f3n de <strong>Rogelio Ram\u00edrez de la O<\/strong> en la secretar\u00eda de Hacienda y Cr\u00e9dito P\u00fablico y lo m\u00e1s reciente, la renuncia de <strong>Luz Elena Gonz\u00e1lez<\/strong> a la Secretar\u00eda de Finanzas de la Ciudad de M\u00e9xico para incorporarse a alguna posici\u00f3n en el gabinete de Sheinbaum, con quien lleg\u00f3 a la jefatura capitalina, de ah\u00ed, que en los d\u00edas por venir podr\u00edamos ver otras renuncias en ese sentido.<\/p>\n<p>Muy cantado est\u00e1 que <strong>Omar Garc\u00eda Harfuch<\/strong> no llegar\u00e1 al Senado de la Rep\u00fablica porque se incorporar\u00e1, lo m\u00e1s probable, a la Secretar\u00eda de Seguridad y Protecci\u00f3n Ciudadana a nivel federal.<\/p>\n<p>Otro de los hombres fuertes ser\u00e1 sin duda, el coordinador general de la transici\u00f3n, <strong>Juan Ram\u00f3n de la Fuente<\/strong>; es m\u00e1s, hasta se habla de que podr\u00eda llegar a la Secretar\u00eda de Gobernaci\u00f3n, donde har\u00eda un papel much\u00edsimo m\u00e1s destacado que la actual titular de la Segob, <strong>Luisa Mar\u00eda Alcalde<\/strong>.<\/p>\n<p>Una prueba de ello es que en su calidad de coordinador de la etapa de transici\u00f3n, el ex rector de la UNAM se comprometi\u00f3 a abrir canales de di\u00e1logo para debatir temas tan delicados, como la reforma al Poder Judicial y la desaparici\u00f3n de organismos aut\u00f3nomos.<\/p>\n<p>Ya desde ahorita, el tambi\u00e9n ex secretario de Salud le est\u00e1 enmendando la plana al diputado Ignacio Mier, a quien no se le quita la costumbre de intentar dar \u201cmadruguete\u201d. Ya se ver\u00e1 con el tiempo.<\/p>\n<p>Desde luego quien merece uno de los mayores premios por sus servicios de \u201cedec\u00e1n\u201d es <strong>Marcelo Ebrard<\/strong>, que al final y luego del ruido que hizo porque no fue \u00e9l la \u201ccorcholata\u201d favorita, se someti\u00f3 a esta errada y llamada Cuarta Transformaci\u00f3n, sin embargo, a lo mejor no repite al frente de la Secretar\u00eda de Relaciones Exteriores. \u00bfSer\u00e1?<\/p>\n<p>Tampoco puede dejar de mencionarse a L\u00e1zaro C\u00e1rdenas Batel, quien se incorporar\u00eda al gabinete de Sheinbaum, luego de que durante las campa\u00f1as, Cuauht\u00e9moc C\u00e1rdenas anunciara su voto a favor de la virtual Presidenta Electa.<\/p>\n<p style=\"text-align: center;\"><strong>Municiones<\/strong><\/p>\n<p>*** Hasta la cocina se avent\u00f3 el l\u00edder nacional de Movimiento Ciudadano, <strong>Dante Delgado,<\/strong> cuando dijo aquello de que \u201cLa \u00fanica fuerza capaz de quitarle votos a Morena era y es Movimiento Ciudadano\u201d. Cu\u00e1nto resentimiento le caus\u00f3 al veracruzano que electoralmente las cosas no le salieran como \u00e9l lo hab\u00eda planeado. \u00bfAcaso supuso que su candidato esquirol <strong>Jorge \u00c1lvarez M\u00e1ynez<\/strong> ten\u00eda alguna m\u00ednima posibilidad de ganar o de haber obtenido el segundo lugar en los procesos del 2 de junio pasado? El enojo del due\u00f1o de Movimiento Ciudadano es lo que est\u00e1 pasando en Jalisco, donde la abanderada de Morena al gobierno de ese estado, <strong>Claudia Delgadillo<\/strong>, se reh\u00fasa de todas, todas a aceptar su derrota frente al emecista <strong>Pablo Lemus<\/strong>. El l\u00edder del partido guinda, <strong>Mario Mart\u00edn Delgado<\/strong>, ha instalado su cuartel general por aquellas tierras y el \u00faltimo mensaje que le envi\u00f3 el morenista al Delgado Rannauro es que en Jalisco, \u201cla naranja se est\u00e1 pudriendo\u201d. La pregunta entonces es: \u00bfde esa manera va a pagar el partido guinda a MC la campa\u00f1a que los naranjas hicieron a favor de Morena y r\u00e9moras? Qu\u00e9 malagradecidos porque \u00c1lvarez M\u00e1ynez todav\u00eda, muy sonriente, eso s\u00ed, est\u00e1 esperando el premio que el oficialismo le va a dar por los servicios prestados.<\/p>\n<p>*** Un punto muy interesante toc\u00f3 en el Senado de la Rep\u00fablica la panista <strong>Kenia L\u00f3pez Rabad\u00e1n<\/strong>, quien le envi\u00f3 un mensaje al Presidente: \u201cdesde aqu\u00ed le decimos a L\u00f3pez Obrador, respete la voluntad popular que vot\u00f3 por la doctora Claudia Sheinbaum. Deje, se\u00f1or L\u00f3pez Obrador, que ella, como la primera mujer Presidenta, de este pa\u00eds, decida su proyecto de naci\u00f3n. No se meta. No quiera usted continuar con un gobierno ofendiendo, por cierto, la inteligencia, la integridad y la racionalidad de la primera mujer Presidenta Electa en este pa\u00eds. \u00bfQu\u00e9 quiere? \u00bfQu\u00e9 quiere L\u00f3pez Obrador? \u00bfQuiere un maximato? \u00bfQuiere continuar mandando? \u00bfQuiere decirle a quien tuvo el respaldo de la mayor\u00eda en las urnas: \u2018no mandas t\u00fa, mando yo\u2019? Me parece, por decirlo menos, ofensivo. Si no es que machista y mis\u00f3gino\u201d.\u00a0Si bien la legisladora albiceleste no va a echar a pelear a la futura Presidenta con quien ser\u00e1 su antecesor, s\u00ed coloc\u00f3 en la palestra la expectativa que ha generado Sheinbaum de si se va a desprender de la figura de L\u00f3pez Obrador, sobre todo en su lado m\u00e1s rencoroso, vengativo y mis\u00f3gino. En resumidas cuentas y como se ha consignado en este espacio en anterior entrega: \u00bfL\u00f3pez Obrador se convertir\u00e1 ahora en el \u201csusurro tras el trono\u201d?<\/p>\n<p><u><a href=\"mailto:morcora@gmail.com\" target=\"_blank\" rel=\"noopener noreferrer\"><em>morcora@gmail.com<\/em><\/a><\/u><\/p>\n","protected":false},"excerpt":{"rendered":"<p><span style=\"color: #005497;\"><strong>Adriana Moreno Cordero<\/strong><\/span><\/p>\n","protected":false},"author":3,"featured_media":0,"comment_status":"open","ping_status":"open","sticky":false,"template":"","format":"standard","meta":{"_monsterinsights_skip_tracking":false,"_monsterinsights_sitenote_active":false,"_monsterinsights_sitenote_note":"","_monsterinsights_sitenote_category":0,"footnotes":""},"categories":[69370],"tags":[69369,69368,43674],"class_list":["post-621988","post","type-post","status-publish","format-standard","hentry","category-adriana-moreno-cordero","tag-adriana-moreno-cordero","tag-la-retaguardia","tag-opinion"],"_links":{"self":[{"href":"https:\/\/www.diarioimagen.net\/index.php?rest_route=\/wp\/v2\/posts\/621988","targetHints":{"allow":["GET"]}}],"collection":[{"href":"https:\/\/www.diarioimagen.net\/index.php?rest_route=\/wp\/v2\/posts"}],"about":[{"href":"https:\/\/www.diarioimagen.net\/index.php?rest_route=\/wp\/v2\/types\/post"}],"author":[{"embeddable":true,"href":"https:\/\/www.diarioimagen.net\/index.php?rest_route=\/wp\/v2\/users\/3"}],"replies":[{"embeddable":true,"href":"https:\/\/www.diarioimagen.net\/index.php?rest_route=%2Fwp%2Fv2%2Fcomments&post=621988"}],"version-history":[{"count":0,"href":"https:\/\/www.diarioimagen.net\/index.php?rest_route=\/wp\/v2\/posts\/621988\/revisions"}],"wp:attachment":[{"href":"https:\/\/www.diarioimagen.net\/index.php?rest_route=%2Fwp%2Fv2%2Fmedia&parent=621988"}],"wp:term":[{"taxonomy":"category","embeddable":true,"href":"https:\/\/www.diarioimagen.net\/index.php?rest_route=%2Fwp%2Fv2%2Fcategories&post=621988"},{"taxonomy":"post_tag","embeddable":true,"href":"https:\/\/www.diarioimagen.net\/index.php?rest_route=%2Fwp%2Fv2%2Ftags&post=621988"}],"curies":[{"name":"wp","href":"https:\/\/api.w.org\/{rel}","templated":true}]}}