{"id":622008,"date":"2024-06-07T00:12:12","date_gmt":"2024-06-07T06:12:12","guid":{"rendered":"https:\/\/www.diarioimagen.net\/?p=622008"},"modified":"2024-06-07T01:03:57","modified_gmt":"2024-06-07T07:03:57","slug":"el-dolar-rebasa-los-18-pesos-en-respuesta-a-la-reforma-al-poder-judicial","status":"publish","type":"post","link":"https:\/\/www.diarioimagen.net\/?p=622008","title":{"rendered":"El d\u00f3lar rebasa los 18 pesos en\u00a0respuesta a la reforma al\u00a0Poder\u00a0Judicial"},"content":{"rendered":"<h2>Tras la puerta del poder<\/h2>\n<h5>Roberto Vizca\u00edno<\/h5>\n<p>&nbsp;<\/p>\n<p>Con esta nueva ca\u00edda del 2.7% el peso mexicano es, este fin de semana, la divisa m\u00e1s depreciada.<\/p>\n<p>Todo ocurre porque, sin motivo alguno, <strong>Ignacio Mier<\/strong>, acompa\u00f1ado por <strong>Ricardo Monreal<\/strong> y de una veintena de otros legisladores de Morena, anunci\u00f3 en rueda de prensa en el Senado, previo a la sesi\u00f3n semanal de la Comisi\u00f3n Permanente, que la reforma al Poder Judicial va, apenas inicie el 1 de septiembre la nueva Legislatura.<\/p>\n<p>Solo esperar\u00e1n, coment\u00f3, un encuentro con <strong>Claudia Sheinbaum<\/strong> para definir los tiempos.<\/p>\n<p><strong>Ignacio Mier<\/strong>, coordinador de los diputados federales de Morena y pr\u00f3ximo senador por Puebla, indic\u00f3 que las 18 reformas constitucionales presentadas por el presidente Andr\u00e9s Manuel L\u00f3pez Obrador el pasado 5 de febrero durante el aniversario de la Constituci\u00f3n de 1917, se encuentran ya en Comisiones en el Congreso.<\/p>\n<p>\u201cEst\u00e1n en la Comisi\u00f3n de Puntos Constitucionales para elaborar el dictamen y que sea votado, una vez que se instale el siguiente Congreso General\u201d, insisti\u00f3.<\/p>\n<p>La Reforma al Poder Judicial contempla reducir el n\u00famero de ministros en la Suprema Corte y de magistrados en Tribunales, y establecer que estos y los jueces sean electos por voto popular.<\/p>\n<p>Sin esperar a que el INE determine si Morena obtuvo o no mayor\u00edas calificadas en Senado y Diputados \u2014requisito necesario para aprobar reformas Constitucionales como la del Poder Judicial\u2014, <strong>Mier<\/strong> indic\u00f3 que junto a esta reforma se buscar\u00e1 aprobar la mayor\u00eda de las 20 iniciativas presentadas por el presidente <strong>Andr\u00e9s Manuel L\u00f3pez Obrador<\/strong>.<\/p>\n<p>Es decir: la que promueve la desaparici\u00f3n de \u00f3rganos aut\u00f3nomos como el INE, INAI, la CNDH, la Comisi\u00f3n Federal de Competencia Econ\u00f3mica y una veintena m\u00e1s. De los aut\u00f3nomos s\u00f3lo se respetar\u00eda el Banco de M\u00e9xico y la UNAM.<\/p>\n<p style=\"text-align: center;\"><strong>Disputa por el reparto de pluris<\/strong><\/p>\n<p>La semana concluye adem\u00e1s sumida en una batalla pol\u00edtica sobre el reparto de pluris y la asignaci\u00f3n de la sobrerrepresentaci\u00f3n en Diputados y Senadores.<\/p>\n<p>De esta disputa depende que Morena, PT y Verde logran tener mayor\u00edas calificadas para hacer cambios constitucionales sin necesidad de ir a acuerdos con la oposici\u00f3n PAN, PRI, PRD y MC.<\/p>\n<p>El caso es que, luego de los resultados obtenidos en las urnas Morena, PT y Verde obtienen el 54 por ciento de los votos para la C\u00e1mara de Diputados, pero en un adelanto la secretaria de Gobernaci\u00f3n, Luisa Mar\u00eda Alcalde, indic\u00f3 que con esos votos el bloque oficialista tendr\u00eda el 73 por ciento para llegar a los 365 diputados.<\/p>\n<p>S\u00f3lo que la Constituci\u00f3n dice otra cosa.<\/p>\n<p>\u201cEl art\u00edculo 54 de la Constituci\u00f3n dice que el l\u00edmite de sobrerrepresentaci\u00f3n es de 8 por ciento\u201d.<\/p>\n<p>Y con el reparto de Alcalde ser\u00eda de 19 por ciento, m\u00e1s del doble de lo que permite la Constituci\u00f3n, aclararon los expertos.<\/p>\n<p>Adem\u00e1s el art\u00edculo 54 de la Constituci\u00f3n indica que ning\u00fan partido podr\u00e1 contar con m\u00e1s de 300 diputados de mayor\u00eda y de representaci\u00f3n y Morena, PT y PVEM pretenden una sobrerrepresentaci\u00f3n que no aplica porque no est\u00e1 prevista para ser usada en una coalici\u00f3n.<\/p>\n<p>\u201cLe est\u00e1n dando un premio de 8 por ciento al Verde y un 8 por ciento al PT, no sabiendo distinguir lo que es un tope de lo que es un premio\u201d, indicaron.<\/p>\n<p>La secretaria de Gobernaci\u00f3n hizo una cuenta en que asigna un 8% sobre su porcentaje de votaci\u00f3n a Morena; al Verde un 6.5% y al PT un 4.2% que sumados da un 18.9 a la coalici\u00f3n oficialista.<\/p>\n<p>Ante los reclamos del PRI, PAN, PRD y MC, el INE se colg\u00f3 de la explicaci\u00f3n de la titular de Gobernaci\u00f3n y dijo que ese era el reparto correcto.<\/p>\n<p>Total que los escarceos pos electorales amenazan con irse a las calles o de plano a la Suprema Corte y a instancias internacionales.<\/p>\n<p style=\"text-align: center;\"><strong>Defender la alimentaci\u00f3n, ni capricho ni moda: Rivera<\/strong><\/p>\n<p>Con una movilidad y activismo que supera a las de sus antecesoras, la senadora Ana Lilia Rivera, presidenta del Senado mexicano dijo ayer desde Madrid que establecer leyes en materia alimentaria no es un capricho ni una moda, sino un tema de derechos humanos.<\/p>\n<p>\u201cS\u00f3lo as\u00ed se podr\u00e1 materializar el derecho a la alimentaci\u00f3n, cuya falta de acceso es la desigualdad m\u00e1s brutal que existe en el mundo\u201d, subray\u00f3.<\/p>\n<p>Al participar en el arranque de la Alianza Parlamentaria Iberoamericana y Caribe\u00f1a por la Seguridad Alimentaria de Todas y Todos consider\u00f3 que se debe promover en las agendas la soberan\u00eda alimentaria, la protecci\u00f3n de la biodiversidad, y el respaldo a los pueblos ind\u00edgenas y comunidades rurales.<\/p>\n<p>\u201cVivimos tiempos muy convulsos que har\u00e1n muy dif\u00edcil que se alcancen las metas de la Agenda 2030 de la ONU, por problem\u00e1ticas como el cambio clim\u00e1tico que, consider\u00f3, ya no es algo que se pueda combatir, sino algo a lo que se debe adaptar para garantizar agua, alimentos y el control de la inflaci\u00f3n\u201d.<\/p>\n<p>Reconoci\u00f3 que los parlamentarios han apostado por un enfoque sist\u00e9mico, territorial y centrado en las personas, pues coinciden en que la seguridad alimentaria no es solo un problema de falta de alimentos, sino de desigualdad en su distribuci\u00f3n, desperdicio y acceso a recursos para producirlos de forma sostenible.<\/p>\n<p>Los integrantes de la alianza, dijo, se han propuesto a colaborar en m\u00faltiples frentes, desde la promoci\u00f3n de la legislaci\u00f3n y las pol\u00edticas p\u00fablicas inclusivas, hasta el fen\u00f3meno de tecnolog\u00edas agr\u00edcolas avanzadas y la reducci\u00f3n del desperdicio alimentario.<\/p>\n<p>Record\u00f3 que en 2011 M\u00e9xico incorpor\u00f3 en su Constituci\u00f3n el derecho a la alimentaci\u00f3n, nutritiva y de calidad, lo que impuso al Estado la obligaci\u00f3n de consolidar ese derecho, y con lo que el Congreso de la Uni\u00f3n aval\u00f3 hace poco la Ley General de la Alimentaci\u00f3n Adecuada y Sostenible.<\/p>\n<p>Esa norma, explic\u00f3, tiene el prop\u00f3sito de proteger, respetar y garantizar el ejercicio del derecho a la alimentaci\u00f3n y los otros que de \u00e9ste emanan, como el derecho a la salud, al medio ambiente, al agua, el inter\u00e9s superior de la ni\u00f1ez y el enfoque de g\u00e9nero.<\/p>\n<p><em><a href=\"mailto:rvizcainoa@gmail.com\" target=\"_blank\" rel=\"noopener noreferrer\">vizcainoa@gmail.com<\/a><a href=\"mailto:rvizcainoa@gmail.com\" target=\"_blank\" rel=\"noopener noreferrer\"><br \/>\n<\/a><a href=\"http:\/\/endirecto.mx\" target=\"_blank\" rel=\"noopener noreferrer\">www.endirecto.mx<\/a><a href=\"mailto:rvizcainoa@gmail.com\" target=\"_blank\" rel=\"noopener noreferrer\"><br \/>\n<\/a><a href=\"https:\/\/twitter.com\/_rvizcaino\" target=\"_blank\" rel=\"noopener noreferrer\">@_RVizcaino<\/a><a href=\"mailto:rvizcainoa@gmail.com\" target=\"_blank\" rel=\"noopener noreferrer\"><br \/>\n<\/a><a href=\"https:\/\/www.facebook.com\/rvizcainoa\" target=\"_blank\" rel=\"noopener noreferrer\">facebook.com\/rvizcainoa<\/a><\/em><\/p>\n","protected":false},"excerpt":{"rendered":"<p><span style=\"color: #005497;\"><strong>Roberto Vizca\u00edno<\/strong><\/span><\/p>\n","protected":false},"author":3,"featured_media":0,"comment_status":"open","ping_status":"open","sticky":false,"template":"","format":"standard","meta":{"_monsterinsights_skip_tracking":false,"_monsterinsights_sitenote_active":false,"_monsterinsights_sitenote_note":"","_monsterinsights_sitenote_category":0,"footnotes":""},"categories":[136],"tags":[43674,93,94],"class_list":["post-622008","post","type-post","status-publish","format-standard","hentry","category-roberto-vizcaino-opinion","tag-opinion","tag-roberto-vizcaino","tag-tras-la-puerta-del-poder"],"_links":{"self":[{"href":"https:\/\/www.diarioimagen.net\/index.php?rest_route=\/wp\/v2\/posts\/622008","targetHints":{"allow":["GET"]}}],"collection":[{"href":"https:\/\/www.diarioimagen.net\/index.php?rest_route=\/wp\/v2\/posts"}],"about":[{"href":"https:\/\/www.diarioimagen.net\/index.php?rest_route=\/wp\/v2\/types\/post"}],"author":[{"embeddable":true,"href":"https:\/\/www.diarioimagen.net\/index.php?rest_route=\/wp\/v2\/users\/3"}],"replies":[{"embeddable":true,"href":"https:\/\/www.diarioimagen.net\/index.php?rest_route=%2Fwp%2Fv2%2Fcomments&post=622008"}],"version-history":[{"count":0,"href":"https:\/\/www.diarioimagen.net\/index.php?rest_route=\/wp\/v2\/posts\/622008\/revisions"}],"wp:attachment":[{"href":"https:\/\/www.diarioimagen.net\/index.php?rest_route=%2Fwp%2Fv2%2Fmedia&parent=622008"}],"wp:term":[{"taxonomy":"category","embeddable":true,"href":"https:\/\/www.diarioimagen.net\/index.php?rest_route=%2Fwp%2Fv2%2Fcategories&post=622008"},{"taxonomy":"post_tag","embeddable":true,"href":"https:\/\/www.diarioimagen.net\/index.php?rest_route=%2Fwp%2Fv2%2Ftags&post=622008"}],"curies":[{"name":"wp","href":"https:\/\/api.w.org\/{rel}","templated":true}]}}