{"id":622107,"date":"2024-06-10T00:04:33","date_gmt":"2024-06-10T06:04:33","guid":{"rendered":"https:\/\/www.diarioimagen.net\/?p=622107"},"modified":"2024-06-10T00:33:26","modified_gmt":"2024-06-10T06:33:26","slug":"avalan-panistas-mexiquenses-no-aceptar-la-validez-de-elecciones","status":"publish","type":"post","link":"https:\/\/www.diarioimagen.net\/?p=622107","title":{"rendered":"Avalan panistas mexiquenses no aceptar la validez de elecciones"},"content":{"rendered":"<p>&nbsp;<\/p>\n<ul>\n<li><em><strong>Respaldo a Marko Cort\u00e9s<\/strong><\/em><\/li>\n<\/ul>\n<p>&nbsp;<\/p>\n<div id=\"attachment_622216\" style=\"width: 470px\" class=\"wp-caption aligncenter\"><a href=\"https:\/\/www.diarioimagen.net\/?attachment_id=622216\" rel=\"attachment wp-att-622216\"><img loading=\"lazy\" decoding=\"async\" aria-describedby=\"caption-attachment-622216\" class=\"size-full wp-image-622216\" src=\"https:\/\/www.diarioimagen.net\/wp-content\/uploads\/2024\/06\/avalan-panistas.jpg\" alt=\"\" width=\"460\" height=\"270\" \/><\/a><p id=\"caption-attachment-622216\" class=\"wp-caption-text\">David Agust\u00edn Belgodere, luego de recibir su constancia de mayor\u00eda en Naucalpan, afirm\u00f3 que respalda la decisi\u00f3n de no aceptar validez de elecciones.<\/p><\/div>\n<p>&nbsp;<\/p>\n<p><strong>Valle de M\u00e9xico.\u2014<\/strong> Luego de que el presidente Marko Cort\u00e9s Mendoza, advirtiera que en el PAN no aceptar\u00e1 la validez de los comicios del 2 de junio, cuando se usaron programas sociales para amedrentar a la gente, no fue equitativa, ni hubo cancha pareja, panistas mexiquenses respaldaron esa determinaci\u00f3n.<\/p>\n<p>As\u00ed lo expres\u00f3 David Agust\u00edn Belgodere, luego de recibir su constancia de mayor\u00eda que lo acredita como representante popular en el municipio de Naucalpan.<\/p>\n<p>Por ello, adelant\u00f3, tal y como lo se\u00f1al\u00f3 Marko Cort\u00e9s que \u201cel partido actuar\u00e1 en dos v\u00edas: la revisi\u00f3n de actas para que se haga un escrutinio social y la impugnaci\u00f3n de la elecci\u00f3n presidencial\u201d, dijo.<\/p>\n<p>En ese sentido, el dirigente nacional del PAN, asegur\u00f3 que al encontrarse grandes inconsistencias e irregularidades Acci\u00f3n Nacional abri\u00f3 m\u00e1s de 160 mil actas y de encontrarse alteraciones solicitar\u00e1 la apertura de paquetes electorales.<\/p>\n<p>La totalidad de las actas, explic\u00f3, se encuentran ya publicadas en la p\u00e1gina https:\/\/ www.pan.org.mx\/defiendetuvoto y superan el 94 por ciento, por lo que hizo un llamado a la ciudadan\u00eda a que reporte a trav\u00e9s de este sitio cualquier anomal\u00eda o irregularidad de la que tengan testimonio.<\/p>\n<p>El l\u00edder nacional del PAN inform\u00f3 que hasta el momento han detectado 100 casillas en las que vot\u00f3 un porcentaje m\u00e1s alto de los que est\u00e1n registrados en el Listado Nominal, algo imposible, subray\u00f3 David Agust\u00edn Belgodere.<\/p>\n","protected":false},"excerpt":{"rendered":"<p>Luego de que el presidente Marko Cort\u00e9s Mendoza, advirtiera que en el PAN no aceptar\u00e1 la validez de los comicios del 2 de junio, cuando se usaron programas sociales para amedrentar a la gente, no fue equitativa, ni hubo cancha pareja, panistas mexiquenses respaldaron esa determinaci\u00f3n.<\/p>\n","protected":false},"author":3,"featured_media":622216,"comment_status":"open","ping_status":"open","sticky":false,"template":"","format":"standard","meta":{"_monsterinsights_skip_tracking":false,"_monsterinsights_sitenote_active":false,"_monsterinsights_sitenote_note":"","_monsterinsights_sitenote_category":0,"footnotes":""},"categories":[5],"tags":[798,16828,100067,34],"class_list":["post-622107","post","type-post","status-publish","format-standard","has-post-thumbnail","hentry","category-estado-de-mexico","tag-elecciones","tag-panistas","tag-validez","tag-valle-de-mexico"],"_links":{"self":[{"href":"https:\/\/www.diarioimagen.net\/index.php?rest_route=\/wp\/v2\/posts\/622107","targetHints":{"allow":["GET"]}}],"collection":[{"href":"https:\/\/www.diarioimagen.net\/index.php?rest_route=\/wp\/v2\/posts"}],"about":[{"href":"https:\/\/www.diarioimagen.net\/index.php?rest_route=\/wp\/v2\/types\/post"}],"author":[{"embeddable":true,"href":"https:\/\/www.diarioimagen.net\/index.php?rest_route=\/wp\/v2\/users\/3"}],"replies":[{"embeddable":true,"href":"https:\/\/www.diarioimagen.net\/index.php?rest_route=%2Fwp%2Fv2%2Fcomments&post=622107"}],"version-history":[{"count":0,"href":"https:\/\/www.diarioimagen.net\/index.php?rest_route=\/wp\/v2\/posts\/622107\/revisions"}],"wp:featuredmedia":[{"embeddable":true,"href":"https:\/\/www.diarioimagen.net\/index.php?rest_route=\/wp\/v2\/media\/622216"}],"wp:attachment":[{"href":"https:\/\/www.diarioimagen.net\/index.php?rest_route=%2Fwp%2Fv2%2Fmedia&parent=622107"}],"wp:term":[{"taxonomy":"category","embeddable":true,"href":"https:\/\/www.diarioimagen.net\/index.php?rest_route=%2Fwp%2Fv2%2Fcategories&post=622107"},{"taxonomy":"post_tag","embeddable":true,"href":"https:\/\/www.diarioimagen.net\/index.php?rest_route=%2Fwp%2Fv2%2Ftags&post=622107"}],"curies":[{"name":"wp","href":"https:\/\/api.w.org\/{rel}","templated":true}]}}