{"id":622108,"date":"2024-06-10T00:02:48","date_gmt":"2024-06-10T06:02:48","guid":{"rendered":"https:\/\/www.diarioimagen.net\/?p=622108"},"modified":"2024-06-10T00:42:26","modified_gmt":"2024-06-10T06:42:26","slug":"la-de-alejandro-moreno-cardenas-fue-una-gestion-de-fracaso-senalan-priistas-del-edomex","status":"publish","type":"post","link":"https:\/\/www.diarioimagen.net\/?p=622108","title":{"rendered":"La de Alejandro Moreno fue una gesti\u00f3n de fracaso, se\u00f1alan priistas del Edomex"},"content":{"rendered":"<p>&nbsp;<\/p>\n<ul>\n<li><em><strong>Con \u00e9l se han perdido 10 gubernaturas<\/strong><\/em><\/li>\n<\/ul>\n<p>&nbsp;<\/p>\n<div id=\"attachment_622212\" style=\"width: 470px\" class=\"wp-caption aligncenter\"><a href=\"https:\/\/www.diarioimagen.net\/?attachment_id=622212\" rel=\"attachment wp-att-622212\"><img loading=\"lazy\" decoding=\"async\" aria-describedby=\"caption-attachment-622212\" class=\"size-full wp-image-622212\" src=\"https:\/\/www.diarioimagen.net\/wp-content\/uploads\/2024\/06\/alejandro-moreno.jpg\" alt=\"\" width=\"460\" height=\"270\" \/><\/a><p id=\"caption-attachment-622212\" class=\"wp-caption-text\">Los priistas mexiquenses coincidieron en que la gesti\u00f3n de Alejandro Moreno ha sido un rotundo fracaso, pues s\u00f3lo logr\u00f3 retener a las gubernaturas de Coahuila y Durango, sin embargo, cedi\u00f3 10 plazas en todo el pa\u00eds.<\/p><\/div>\n<p>&nbsp;<\/p>\n<p><strong>Valle de M\u00e9xico.\u2014<\/strong> \u201cA poco m\u00e1s de cinco a\u00f1os de que Alejandro \u201cAlito\u201d Moreno asumi\u00f3 las riendas del Revolucionario Institucional, origin\u00f3 que la militancia (en un 85 por ciento) abandonara la instituci\u00f3n y perdiera diez gubernaturas, entre ellas Hidalgo y nuestro Estado de M\u00e9xico, pero lo bueno es que ya se va\u201d.<\/p>\n<p>As\u00ed lo expresaron militantes y simpatizantes de ese instituto pol\u00edtico en municipios como son Atizap\u00e1n, Naucalpan, Tultitl\u00e1n, Huixquilucan y Cuautitl\u00e1n Izcalli, entre otros en voz del l\u00edder Janitzio Herrera, luego de asegurar que \u201cel Consejo Pol\u00edtico debe de ponerse las pilas y nombrar a un buen dirigente y evitar imposiciones o mano negra de Alito\u201d, comentaron.<\/p>\n<p>Los priistas mexiquenses coincidieron en que \u201csu gesti\u00f3n fue un rotundo fracaso, pues s\u00f3lo logr\u00f3 retener a las gubernaturas de Coahuila y Durango, sin embargo, cedi\u00f3 10 plazas en todo el pa\u00eds, incluyendo su natal Campeche\u201d.<\/p>\n<p>\u201cS\u00f3lo faltan unos meses (octubre) para que se renueve la dirigencia nacional de nuestro partido y quien llegue debe de ser un hombre con trayectoria y experiencia pol\u00edtica y no un entreguista como Moreno C\u00e1rdenas\u201d, reiteraron.<\/p>\n<p>Finalmente, Janitzio Herrera, se\u00f1al\u00f3 que \u201clas presiones desde el poder no definen el rumbo de nuestro partido; las decisiones del PRI le corresponden a los priistas y a nadie m\u00e1s. Vamos a un proceso de reflexi\u00f3n y de debate que recorrer\u00e1 todo el priismo nacional y que, necesariamente, tocar\u00e1 a todos los sectores y estructuras del partido\u201d.<\/p>\n","protected":false},"excerpt":{"rendered":"<p>\u201cA poco m\u00e1s de cinco a\u00f1os de que Alejandro \u201cAlito\u201d Moreno asumi\u00f3 las riendas del Revolucionario Institucional, origin\u00f3 que la militancia (en un 85 por ciento) abandonara la instituci\u00f3n y perdiera diez gubernaturas, entre ellas Hidalgo y nuestro Estado de M\u00e9xico, pero lo bueno es que ya se va\u201d.<\/p>\n","protected":false},"author":3,"featured_media":622212,"comment_status":"open","ping_status":"open","sticky":false,"template":"","format":"standard","meta":{"_monsterinsights_skip_tracking":false,"_monsterinsights_sitenote_active":false,"_monsterinsights_sitenote_note":"","_monsterinsights_sitenote_category":0,"footnotes":""},"categories":[5],"tags":[79112,68,34],"class_list":["post-622108","post","type-post","status-publish","format-standard","has-post-thumbnail","hentry","category-estado-de-mexico","tag-alejandro-moreno-cardenas","tag-edomex","tag-valle-de-mexico"],"_links":{"self":[{"href":"https:\/\/www.diarioimagen.net\/index.php?rest_route=\/wp\/v2\/posts\/622108","targetHints":{"allow":["GET"]}}],"collection":[{"href":"https:\/\/www.diarioimagen.net\/index.php?rest_route=\/wp\/v2\/posts"}],"about":[{"href":"https:\/\/www.diarioimagen.net\/index.php?rest_route=\/wp\/v2\/types\/post"}],"author":[{"embeddable":true,"href":"https:\/\/www.diarioimagen.net\/index.php?rest_route=\/wp\/v2\/users\/3"}],"replies":[{"embeddable":true,"href":"https:\/\/www.diarioimagen.net\/index.php?rest_route=%2Fwp%2Fv2%2Fcomments&post=622108"}],"version-history":[{"count":0,"href":"https:\/\/www.diarioimagen.net\/index.php?rest_route=\/wp\/v2\/posts\/622108\/revisions"}],"wp:featuredmedia":[{"embeddable":true,"href":"https:\/\/www.diarioimagen.net\/index.php?rest_route=\/wp\/v2\/media\/622212"}],"wp:attachment":[{"href":"https:\/\/www.diarioimagen.net\/index.php?rest_route=%2Fwp%2Fv2%2Fmedia&parent=622108"}],"wp:term":[{"taxonomy":"category","embeddable":true,"href":"https:\/\/www.diarioimagen.net\/index.php?rest_route=%2Fwp%2Fv2%2Fcategories&post=622108"},{"taxonomy":"post_tag","embeddable":true,"href":"https:\/\/www.diarioimagen.net\/index.php?rest_route=%2Fwp%2Fv2%2Ftags&post=622108"}],"curies":[{"name":"wp","href":"https:\/\/api.w.org\/{rel}","templated":true}]}}