{"id":622139,"date":"2024-06-10T00:00:15","date_gmt":"2024-06-10T06:00:15","guid":{"rendered":"https:\/\/www.diarioimagen.net\/?p=622139"},"modified":"2024-06-09T23:37:09","modified_gmt":"2024-06-10T05:37:09","slug":"mas-de-39-millones-de-pasajeros-aereos-se-transportan-en-mexico","status":"publish","type":"post","link":"https:\/\/www.diarioimagen.net\/?p=622139","title":{"rendered":"M\u00e1s de 39 millones de pasajeros a\u00e9reos se transportan en M\u00e9xico"},"content":{"rendered":"<h2>Hora 14<\/h2>\n<h5>Mauricio Conde Olivares<\/h5>\n<p>&nbsp;<\/p>\n<p>El presidente Andr\u00e9s Manuel L\u00f3pez Obrador afirm\u00f3 que en septiembre el Gobierno de la Cuarta Transformaci\u00f3n entregar\u00e1 \u201cbuenas cuentas al pueblo de M\u00e9xico y a nuestra entra\u00f1able compa\u00f1era y virtual presidenta electa, Claudia Sheinbaum\u201d.<\/p>\n<p>Al efecto, el jefe del Ejecutivo estuvo en el sureste del pa\u00eds supervisando el Tren Maya y obras de infraestructura, durante este fin de semana.<\/p>\n<p>El s\u00e1bado constat\u00f3 en Quintana Roo avances de los tramos 4 y 5 del Tren Maya acompa\u00f1ado de la secretaria de Medio Ambiente y Recursos Naturales, Mar\u00eda Luisa Albores Gonz\u00e1lez; los secretarios de la Defensa Nacional, Luis Cresencio Sandoval Gonz\u00e1lez; de Infraestructura, Comunicaciones y Transportes, Jorge Nu\u00f1o Lara; de la Funci\u00f3n P\u00fablica, Roberto Salcedo Aquino y de Desarrollo Agrario, Territorial y Urbano, Rom\u00e1n Meyer Falc\u00f3n, entre otros.<\/p>\n<p>Adem\u00e1s, el presidente L\u00f3pez Obrador confirm\u00f3 que hoy lunes 10 de junio se reunir\u00e1 con la virtual presidenta electa de M\u00e9xico, Claudia Sheinbaum Pardo, luego de recibir la constancia de mayor\u00eda por parte del Tribunal Electoral del Poder Judicial de la Federaci\u00f3n (TEPJF).<\/p>\n<p>Por su parte, el secretario de Turismo del Gobierno de M\u00e9xico, Miguel Torruco Marqu\u00e9s, dio a conocer que, en el primer cuatrimestre de 2024, se registraron 39 millones 893 mil pasajeros a\u00e9reos transportados, de los cuales, 19 millones 111 mil pasajeros fueron en vuelos nacionales y 20 millones 782 mil pasajeros fueron en vuelos internacionales.<\/p>\n<p>El titular de la Secretar\u00eda de Turismo (Sectur) se\u00f1al\u00f3 que en el caso de vuelos nacionales se supera con 16.8% m\u00e1s la cifra de los pasajeros transportados en el mismo periodo de 2019, mientras que, en vuelos internacionales, el incremento es de un 8.6% m\u00e1s que de enero a abril de 2023; y superando tambi\u00e9n con 19.9% los pasajeros transportados en el mismo lapso de 2019.<\/p>\n<p>Indic\u00f3 que, respecto a los vuelos nacionales, las aerol\u00edneas con mayor flujo de pasajeros durante enero-abril de 2024 fueron: Viva Aerobus y Volaris, que transportaron 13 millones 423 mil pasajeros, superando la cifra de 2019, con un incremento del 64.1%.<\/p>\n<p>Las cinco principales aerol\u00edneas con mayor llegada de pasajeros en vuelos nacionales en el primer cuatrimestre de 2024 fueron: Viva Aerobus con 7 millones 100 mil pasajeros, Volaris con 6 millones 322 mil pasajeros, Aerom\u00e9xico con 3 millones 971 mil pasajeros transportados, Aerom\u00e9xico Connect con un mill\u00f3n 462 mil pasajeros, y TAR con 76 mil 112 pasajeros transportados.<\/p>\n<p>Torruco Marqu\u00e9s precis\u00f3 que, durante los meses de enero a abril de 2024, las principales aerol\u00edneas mexicanas que transportaron pasajeros en vuelos internacionales fueron: Aerom\u00e9xico y Volaris con 4 millones 311 mil pasajeros, esto es un 14.3% m\u00e1s que en el mismo periodo de 2023, y un 36% m\u00e1s con relaci\u00f3n a los pasajeros del primer cuatrimestre de 2019.<\/p>\n<p>Las aerol\u00edneas estadounidenses que en el primer cuatrimestre de 2024 tuvieron el mayor flujo de pasajeros fueron: American Airlines y United Airlines, que transportaron 4 millones 849 mil pasajeros, un 7% m\u00e1s que en enero-abril de 2023, superando tambi\u00e9n los pasajeros del mismo periodo de 2019 con el 50% m\u00e1s.<\/p>\n<p>Respecto a los pasajeros transportados en vuelos internacionales durante enero-abril de 2024, seg\u00fan los principales mercados, Am\u00e9rica del Norte concentra una cuota del 87% del total, de los cuales, del mercado estadounidense se transportaron 10 millones 351 mil pasajeros, con un incremento del 8.4% m\u00e1s que en el mismo periodo de 2023; en vuelos internacionales en aerol\u00edneas mexicanas se transportaron 5 millones 396 mil pasajeros, con un aumento del 14.7% m\u00e1s que de enero a abril de 2023; mientras que en vuelos de Canad\u00e1 viajaron 2 millones 341 pasajeros, lo que representa un aumento del 12.9% m\u00e1s comparado con el mismo lapso de 2023.<\/p>\n<p>En tanto del mercado europeo se transportaron un mill\u00f3n 229 mil pasajeros a nuestro pa\u00eds; de Centro y Sudam\u00e9rica fueron un mill\u00f3n 367 mil pasajeros y del mercado asi\u00e1tico se registraron 98 mil 992 pasajeros.<\/p>\n<p>El secretario de Turismo resalt\u00f3 que sin conectividad a\u00e9rea no hay turismo, por lo que, en la actual administraci\u00f3n, encabezada por el presidente Andr\u00e9s Manuel L\u00f3pez Obrador, se ha impulsado el incremento de rutas y frecuencias desde distintos mercados internacionales, as\u00ed como la diversificaci\u00f3n del producto tur\u00edstico, con el prop\u00f3sito de cumplir su mandato, de hacer del turismo una herramienta de reconciliaci\u00f3n social.<\/p>\n<p>Pasemos a otro tema. Le comento qu\u00e9 en Canc\u00fan, gracias a la eficiente estrategia que se mantiene en materia de finanzas en la administraci\u00f3n encabezada por el Encargado de Despacho de la Presidencia Municipal, Pablo Guti\u00e9rrez Fern\u00e1ndez, el Ayuntamiento de Benito Ju\u00e1rez, a trav\u00e9s de la Tesorer\u00eda Municipal, ha recaudado el 57 por ciento de la Ley de Ingresos para el Ejercicio Fiscal 2024, de enero a mayo.<\/p>\n<p>El tesorero Yuri Salazar Ceballos record\u00f3 que se aprob\u00f3 una captaci\u00f3n anual de 6 mil 468 millones de pesos, sin embargo, esa positiva respuesta se debe a los contribuyentes que cumplen sus pagos en conceptos como: impuesto predial, operaciones de traslado de dominio, licencias de construcci\u00f3n, c\u00e9dulas catastrales, anuencias, entre otros rubros.<\/p>\n<p>A ello, agreg\u00f3 que el 62 por ciento de los recursos municipales son gracias a la recaudaci\u00f3n propia y el 38 por ciento restante es de participaciones federales, por lo que dichos ingresos podr\u00e1n seguirse empleando en todos los rubros prioritarios de la ciudad como: servicios p\u00fablicos, recolecci\u00f3n de residuos, seguridad, por mencionar algunos.<\/p>\n<p>Por otro lado, en materia de derecho de saneamiento, inform\u00f3 que de enero a mayo se trazaron las metas de obtener 274 millones de pesos y en ese periodo han resultado 332.9 millones de pesos por dicho concepto, por lo que se comprueba una captaci\u00f3n superior a lo estimado.<\/p>\n<p>Se\u00f1al\u00f3 que si el comportamiento de la ocupaci\u00f3n hotelera en Canc\u00fan se mantiene como hasta el momento con cifras altas, se podr\u00e1 alcanzar la meta anual en este rubro que es de 724 millones de pesos, recordando que el derecho de saneamiento es variante, ya que es el que pagan los turistas que pernoctan en este destino tur\u00edstico por habitaci\u00f3n y por noche ocupada de los 250 hoteles en la ciudad.<\/p>\n<p>En otro rubro, el Tesorero Municipal indic\u00f3 que al incluirse en la ley el registro de los negocios bajo la modalidad de Airbnb para que tambi\u00e9n hagan el pago correspondiente de sus contribuciones por la actividad que desempe\u00f1an, se tienen ya 70 sitios de este tipo dados de alta en el padr\u00f3n municipal.<\/p>\n<p>Tambi\u00e9n, d\u00e9jeme comentarle que durante la inauguraci\u00f3n de la edici\u00f3n 2024 de la Expo El\u00e9ctrica Internacional y del Sal\u00f3n Internacional del Aire Acondicionado y Refrigeraci\u00f3n (SIAR), se congregaron los dirigentes de las diversas organizaciones de la industria el\u00e9ctrica y m\u00e1s de 500 compradores profesionales del sector.<\/p>\n<p>En la ceremonia, Gabriel Garc\u00eda Corona, presidente de la Confederaci\u00f3n Nacional de Asociaciones de Comerciantes de Material y Equipo El\u00e9ctrico (CONACOMEE), destac\u00f3 la importancia de la unidad y la colaboraci\u00f3n para el progreso del sector.<\/p>\n<p>\u201cNos reunimos en la Expo El\u00e9ctrica Internacional para poder hacer alianzas que son las que hoy nuestro pa\u00eds necesita y requiere. Como mexicanos, debemos estar unidos, sin importar el partido que est\u00e9 gobernando. Nosotros vamos a poner nuestro granito de arena para que nuestras empresas sigan siendo libres en el mercado en M\u00e9xico\u201d, dijo.<\/p>\n<p>\u201cSe habla mucho del nearshoring, pero lamentablemente, la informaci\u00f3n que tenemos de parte de la Asociaci\u00f3n de Energ\u00eda El\u00e9ctrica indica que se requiere en el pa\u00eds una inversi\u00f3n anual de 8 mil millones de d\u00f3lares. Es necesario invertir al menos durante los pr\u00f3ximos 15 a\u00f1os para alcanzar una inversi\u00f3n total de 120 mil millones de d\u00f3lares. Es una cifra muy retadora, pero lamentablemente, nuestra capacidad instalada no permite que otros pa\u00edses puedan ver a M\u00e9xico como una opci\u00f3n viable en t\u00e9rminos de capacidad el\u00e9ctrica y capacidad hidr\u00e1ulica\u201d, advirti\u00f3.<\/p>\n<p>\u201cSabemos, destac\u00f3, de todas las oportunidades y los retos que tenemos hoy, y debemos aprovechar este marco de la Expo El\u00e9ctrica para alcanzar buenos negocios y formar alianzas beneficiosas. Este es el mejor escenario para hacer buenos negocios. Debemos impulsar la ampliaci\u00f3n y renovaci\u00f3n del sistema el\u00e9ctrico, y eso es lo que est\u00e1 haciendo la CONACOMEE junto con las otras organizaciones del sector el\u00e9ctrico. Nuestro objetivo es cumplir con toda normatividad y erradicar la pirater\u00eda para asegurar que tengamos instalaciones el\u00e9ctricas confiables y productos mexicanos que cumplan con los est\u00e1ndares de calidad\u201d, subray\u00f3.<\/p>\n<p>Por su parte, el Ing. Ernesto D\u00edaz S\u00e1nchez, presidente de la Asociaci\u00f3n Mexicana de Empresas del Ramo de las Instalaciones para la Construcci\u00f3n (AMERIC), destac\u00f3 la celebraci\u00f3n del 18\u00ba Congreso Internacional del Aire Acondicionado y Refrigeraci\u00f3n, el cual contar\u00e1 con una amplia y diversa participaci\u00f3n, reflejando la importancia y el alcance del evento.<\/p>\n<p>\u201cEn el marco de la Expo El\u00e9ctrica Internacional, celebramos el 18\u00ba Congreso Internacional del Aire Acondicionado y Refrigeraci\u00f3n. Este congreso incluir\u00e1 m\u00e1s de 60 conferencias, distribuidas en cuatro foros, y contar\u00e1 con la participaci\u00f3n de m\u00e1s de 16 pa\u00edses. Durante el congreso, una gran cantidad de especialistas de las principales empresas de los sectores de climatizaci\u00f3n abordar\u00e1n temas cruciales como verificaci\u00f3n, refrigeraci\u00f3n y cadena de fr\u00edo, normatividad, certificaci\u00f3n y formaci\u00f3n profesional, digitalizaci\u00f3n de la industria de HVAC (calefacci\u00f3n, ventilaci\u00f3n y aire acondicionado), y proyectos de infraestructura h\u00edbrida; empero, lo anterior ser\u00e1 motivo de otro an\u00e1lisis en posterior entrega de <strong><em>HORA 14<\/em><\/strong>.<\/p>\n<p><em><a href=\"mailto:%20mauricio_conde@msn.com\" target=\"_blank\" rel=\"noopener noreferrer\">mauricioconde59@outlook.com<\/a><\/em><br \/>\n<em>X: <a href=\"https:\/\/twitter.com\/mauconde?lang=es\" target=\"_blank\" rel=\"noopener\">@mauconde<\/a><\/em><\/p>\n","protected":false},"excerpt":{"rendered":"<p><span style=\"color: #005497;\"><strong>Mauricio Conde Olivares<\/strong><\/span><\/p>\n","protected":false},"author":3,"featured_media":0,"comment_status":"open","ping_status":"open","sticky":false,"template":"","format":"standard","meta":{"_monsterinsights_skip_tracking":false,"_monsterinsights_sitenote_active":false,"_monsterinsights_sitenote_note":"","_monsterinsights_sitenote_category":0,"footnotes":""},"categories":[35889],"tags":[43712,43674,44860],"class_list":["post-622139","post","type-post","status-publish","format-standard","hentry","category-mauricio-conde-olivares","tag-mauricio-conde-olivares","tag-opinion","tag-hora-14"],"_links":{"self":[{"href":"https:\/\/www.diarioimagen.net\/index.php?rest_route=\/wp\/v2\/posts\/622139","targetHints":{"allow":["GET"]}}],"collection":[{"href":"https:\/\/www.diarioimagen.net\/index.php?rest_route=\/wp\/v2\/posts"}],"about":[{"href":"https:\/\/www.diarioimagen.net\/index.php?rest_route=\/wp\/v2\/types\/post"}],"author":[{"embeddable":true,"href":"https:\/\/www.diarioimagen.net\/index.php?rest_route=\/wp\/v2\/users\/3"}],"replies":[{"embeddable":true,"href":"https:\/\/www.diarioimagen.net\/index.php?rest_route=%2Fwp%2Fv2%2Fcomments&post=622139"}],"version-history":[{"count":0,"href":"https:\/\/www.diarioimagen.net\/index.php?rest_route=\/wp\/v2\/posts\/622139\/revisions"}],"wp:attachment":[{"href":"https:\/\/www.diarioimagen.net\/index.php?rest_route=%2Fwp%2Fv2%2Fmedia&parent=622139"}],"wp:term":[{"taxonomy":"category","embeddable":true,"href":"https:\/\/www.diarioimagen.net\/index.php?rest_route=%2Fwp%2Fv2%2Fcategories&post=622139"},{"taxonomy":"post_tag","embeddable":true,"href":"https:\/\/www.diarioimagen.net\/index.php?rest_route=%2Fwp%2Fv2%2Ftags&post=622139"}],"curies":[{"name":"wp","href":"https:\/\/api.w.org\/{rel}","templated":true}]}}