{"id":622248,"date":"2024-06-11T00:02:09","date_gmt":"2024-06-11T06:02:09","guid":{"rendered":"https:\/\/www.diarioimagen.net\/?p=622248"},"modified":"2024-06-12T00:51:05","modified_gmt":"2024-06-12T06:51:05","slug":"contribuir-a-la-igualdad-de-genero-compromiso-de-conatrib-magistrado-rafael-guerra-alvarez","status":"publish","type":"post","link":"https:\/\/www.diarioimagen.net\/?p=622248","title":{"rendered":"Contribuir a la igualdad de g\u00e9nero, compromiso de Conatrib: magistrado Rafael Guerra \u00c1lvarez"},"content":{"rendered":"<p>&nbsp;<\/p>\n<ul>\n<li><strong><em>As\u00ed lo destac\u00f3 el presidente de la Comisi\u00f3n Nacional de Tribunales Superiores de Justicia de los Estados Unidos Mexicanos (Conatrib), en la presentaci\u00f3n del Pacto Nacional por la Justicia de G\u00e9nero y firma del Convenio de Implementaci\u00f3n de este pacto en esta entidad<\/em><\/strong><\/li>\n<\/ul>\n<p>&nbsp;<\/p>\n<div id=\"attachment_622326\" style=\"width: 470px\" class=\"wp-caption aligncenter\"><a href=\"https:\/\/www.diarioimagen.net\/?attachment_id=622326\" rel=\"attachment wp-att-622326\"><img loading=\"lazy\" decoding=\"async\" aria-describedby=\"caption-attachment-622326\" class=\"size-full wp-image-622326\" src=\"https:\/\/www.diarioimagen.net\/wp-content\/uploads\/2024\/06\/tribunal-contribuir-igualdad.jpg\" alt=\"\" width=\"460\" height=\"270\" \/><\/a><p id=\"caption-attachment-622326\" class=\"wp-caption-text\">En el acto participaron la ministra de la Suprema Corte de Justicia de la Naci\u00f3n, Yasm\u00edn Esquivel Mossa, y la gobernadora Marina \u00c1vila Olmeda.<\/p><\/div>\n<p>&nbsp;<\/p>\n<p>El presidente de la Comisi\u00f3n Nacional de Tribunales Superiores de Justicia de los Estados Unidos Mexicanos (Conatrib), magistrado Rafael Guerra \u00c1lvarez, subray\u00f3 el compromiso de la organizaci\u00f3n para hacer de la perspectiva de g\u00e9nero la forma permanente de contribuir a la igualdad sustantiva en el pa\u00eds.<\/p>\n<p>En la presentaci\u00f3n del Pacto Nacional por la Justicia de G\u00e9nero y firma del Convenio de Implementaci\u00f3n de ese pacto en esta entidad, y con la presencia de la ministra de la Suprema Corte de Justicia de la Naci\u00f3n, Yasm\u00edn Esquivel Mossa, enfatiz\u00f3 que, por ello, la justicia de g\u00e9nero es un elemento esencial de la misi\u00f3n institucional de quienes integran la Conatrib.<\/p>\n<p>Plante\u00f3 que la implementaci\u00f3n de la perspectiva de g\u00e9nero debe trascender todos los \u00e1mbitos en las instancias de los tres \u00f3rdenes de gobierno, dado el compromiso p\u00fablico y moral con su realizaci\u00f3n.<\/p>\n<p>\u201cAcudimos para cumplir con diversas obligaciones ratificadas por el Estado mexicano en materia de perspectiva de g\u00e9nero y erradicaci\u00f3n de la violencia contra la mujer\u201d, destac\u00f3 el magistrado en el acto que cont\u00f3 con la presencia de la gobernadora Marina \u00c1vila Olmeda.<\/p>\n<p>En el auditorio de la Facultad de Econom\u00eda y Relaciones Internacionales de la Universidad Aut\u00f3noma de Baja California, plante\u00f3 que el Pacto Nacional por la Justicia de G\u00e9nero, la instalaci\u00f3n del Comit\u00e9 de Seguimiento y la firma del convenio forman parte de una gran serie de actividades en las que todas las judicaturas del pa\u00eds participan con resoluci\u00f3n para cumplir su prop\u00f3sito institucional.<\/p>\n<p>Dijo que a la Conatrib le entusiasma formar parte del pacto, porque se trata de un instrumento que se propone visibilizar y aplicar la perspectiva de g\u00e9nero de manera transversal; convocar a los distintos \u00f3rdenes de gobierno, generar indicadores y comit\u00e9s estatales de seguimiento; promover la coordinaci\u00f3n institucional y, en s\u00edntesis, garantizar el derecho de la mujer a una vida libre de violencia.<\/p>\n<p>\u201cLa Conatrib responde a esta convocatoria con la mente puesta en los objetivos planteados en el pacto nacional y respaldada por el compromiso de los tribunales superiores de justicia de la Rep\u00fablica Mexicana\u201d, asever\u00f3.<\/p>\n<p>Record\u00f3 que el pacto fue adoptado y ratificado, en su oportunidad, por todos los poderes judiciales que conforman la Conatrib; por ello, agradeci\u00f3 a magistrados, magistradas y presidencia de los tribunales que integran la comisi\u00f3n, pero tambi\u00e9n por implementar medidas para impartir justicia con perspectiva de g\u00e9nero.<\/p>\n<p>El tambi\u00e9n presidente del Poder Judicial de la Ciudad de M\u00e9xico destac\u00f3 el liderazgo de la ministra Esquivel Mossa, as\u00ed como su talento y sensibilidad para la creaci\u00f3n instrumental del pacto; se aprecia su contribuci\u00f3n, le expres\u00f3.<\/p>\n<p>El Pacto para Introducir la Perspectiva de G\u00e9nero en los \u00d3rganos de Impartici\u00f3n de Justicia en M\u00e9xico data de 2010, y ha permitido avances en la reflexi\u00f3n, el intercambio de opiniones y la evaluaci\u00f3n constructiva, as\u00ed como compartir buenas pr\u00e1cticas, el establecimiento de alianzas estrat\u00e9gicas y la detecci\u00f3n de avances y obst\u00e1culos en el cumplimiento de compromisos y medidas adoptadas.<\/p>\n<p>La Conatrib, como miembro de la Asociaci\u00f3n Mexicana de Impartidores de Justicia, forma parte del citado pacto.<\/p>\n<p>En el acto estuvieron el secretario general de Gobierno de la entidad, Alfredo \u00c1lvarez C\u00e1rdenas; el presidente del Tribunal Superior de Justicia de Estado de Baja California, magistrado Alejandro Fragozo L\u00f3pez; la magistrada representante del gobierno federal y presidenta de la Comisi\u00f3n de Igualdad y Derechos Humanos del Tribunal Federal de Conciliaci\u00f3n y Arbitraje, magistrada M\u00f3nica G\u00fcicho Gonz\u00e1lez; el presidente de la Mesa Directiva del Congreso local, diputado Ram\u00f3n V\u00e1squez Valadez, y el secretario ejecutivo de la AMIJ, magistrado Armando Maitret Hern\u00e1ndez, entre otros.<\/p>\n<p>Tambi\u00e9n estuvieron magistrados y magistradas del Poder Judicial local, consejeros de la judicatura bajacaliforniana, y representantes de la Fiscal\u00eda General del Estado y de la Secretar\u00eda de Seguridad Ciudadana.<\/p>\n","protected":false},"excerpt":{"rendered":"<p>El presidente de la Comisi\u00f3n Nacional de Tribunales Superiores de Justicia de los Estados Unidos Mexicanos (Conatrib), magistrado Rafael Guerra \u00c1lvarez, subray\u00f3 el compromiso de la organizaci\u00f3n para hacer de la perspectiva de g\u00e9nero la forma permanente de contribuir a la igualdad sustantiva en el pa\u00eds.<\/p>\n","protected":false},"author":3,"featured_media":622326,"comment_status":"open","ping_status":"open","sticky":false,"template":"","format":"standard","meta":{"_monsterinsights_skip_tracking":false,"_monsterinsights_sitenote_active":false,"_monsterinsights_sitenote_note":"","_monsterinsights_sitenote_category":0,"footnotes":""},"categories":[6],"tags":[4103,45123],"class_list":["post-622248","post","type-post","status-publish","format-standard","has-post-thumbnail","hentry","category-cd-de-mexico","tag-conatrib","tag-igualdad-de-genero"],"_links":{"self":[{"href":"https:\/\/www.diarioimagen.net\/index.php?rest_route=\/wp\/v2\/posts\/622248","targetHints":{"allow":["GET"]}}],"collection":[{"href":"https:\/\/www.diarioimagen.net\/index.php?rest_route=\/wp\/v2\/posts"}],"about":[{"href":"https:\/\/www.diarioimagen.net\/index.php?rest_route=\/wp\/v2\/types\/post"}],"author":[{"embeddable":true,"href":"https:\/\/www.diarioimagen.net\/index.php?rest_route=\/wp\/v2\/users\/3"}],"replies":[{"embeddable":true,"href":"https:\/\/www.diarioimagen.net\/index.php?rest_route=%2Fwp%2Fv2%2Fcomments&post=622248"}],"version-history":[{"count":0,"href":"https:\/\/www.diarioimagen.net\/index.php?rest_route=\/wp\/v2\/posts\/622248\/revisions"}],"wp:featuredmedia":[{"embeddable":true,"href":"https:\/\/www.diarioimagen.net\/index.php?rest_route=\/wp\/v2\/media\/622326"}],"wp:attachment":[{"href":"https:\/\/www.diarioimagen.net\/index.php?rest_route=%2Fwp%2Fv2%2Fmedia&parent=622248"}],"wp:term":[{"taxonomy":"category","embeddable":true,"href":"https:\/\/www.diarioimagen.net\/index.php?rest_route=%2Fwp%2Fv2%2Fcategories&post=622248"},{"taxonomy":"post_tag","embeddable":true,"href":"https:\/\/www.diarioimagen.net\/index.php?rest_route=%2Fwp%2Fv2%2Ftags&post=622248"}],"curies":[{"name":"wp","href":"https:\/\/api.w.org\/{rel}","templated":true}]}}