{"id":622276,"date":"2024-06-11T00:02:41","date_gmt":"2024-06-11T06:02:41","guid":{"rendered":"https:\/\/www.diarioimagen.net\/?p=622276"},"modified":"2024-06-11T00:19:35","modified_gmt":"2024-06-11T06:19:35","slug":"quien-vivira-en-el-corazon-de-mexico","status":"publish","type":"post","link":"https:\/\/www.diarioimagen.net\/?p=622276","title":{"rendered":"\u00bfQui\u00e9n vivir\u00e1 en el coraz\u00f3n\u00a0de\u00a0M\u00e9xico?"},"content":{"rendered":"<h2>Los Pozos de Carlos Pozos<\/h2>\n<h5>Carlos Pozos<br \/>\n[ <em>Lord Mol\u00e9cula<\/em> ]<\/h5>\n<p>&nbsp;<\/p>\n<p>A partir del 1 de octubre del a\u00f1o en curso, seguramente la primera presidenta en 200 a\u00f1os de la vida presidencial del M\u00e9xico desde 1824, (con <strong>Guadalupe Victoria<\/strong>, luego de que <strong>Agust\u00edn de Iturbide<\/strong> y <strong>Juan O\u2019Donoj\u00fa, <\/strong>entre otros, firmaran el Acta de Independencia de M\u00e9xico<strong> en 1921<\/strong>) muchos hombres han ocupado tan importante cargo, hasta llegar a la primera mujer en la historia; y con ello la doctora <strong>Claudia Sheinbaum Pardo<\/strong> dejar\u00e1 de vivir en la alcald\u00eda Tlalpan y se pasar\u00e1 a despachar y vivir en la alcald\u00eda Cuauht\u00e9moc, que es una de las demarcaciones con mayor valor hist\u00f3rico de la Ciudad de M\u00e9xico, pues en ella se asientan los Poderes de la Uni\u00f3n, y a\u00fan vive el Presidente de todos los mexicanos, el licenciado <strong>Andr\u00e9s Manuel L\u00f3pez Obrador<\/strong>; y recordar que por m\u00e1s de 20 a\u00f1os fue gobernada por el PRD \u2014en desaparici\u00f3n\u2014 y por Movimiento de Regeneraci\u00f3n Nacional, <strong>Ricardo Monreal, N\u00e9stor N\u00fa\u00f1ez<\/strong> y la pol\u00e9mica <strong>Sandra Cuevas<\/strong>.<\/p>\n<p>Hoy por hoy, la alcald\u00eda Cuauht\u00e9moc representa un microcosmos en lo que hace a la Ciudad de M\u00e9xico, as\u00ed como en lo que hace al pa\u00eds. La delegaci\u00f3n comprende 2,627 manzanas, con 34 colonias como: Algar\u00edn, Ex-Hip\u00f3dromo de Peralvillo, Roma Sur, Condesa, Obrera, Valle G\u00f3mez, Cuauht\u00e9moc, Paulino Navarro, Vista Alegre, Doctores, Peralvillo, Esperanza y Roma Norte, entre otras muchas muy conocidas.<\/p>\n<p>Como nacido en esta bella ciudad, s\u00e9 que aqu\u00ed sin duda se entrelaza la modernidad con la tradici\u00f3n y la cultura se vive en las calles, donde la actividad econ\u00f3mica y de servicios es de suma importancia.<\/p>\n<p>El Instituto Electoral de la Ciudad de M\u00e9xico hizo ya entrega de la Constancia de Mayor\u00eda como alcaldesa de la Cuauht\u00e9moc para <strong>Alessandra Rojo de la Vega<\/strong>, en una votaci\u00f3n muy competida y cerrada, pero con la derrota de la maestra <strong>Caty Monreal<\/strong>, tambi\u00e9n se marcar\u00e1 el final de lo que polit\u00f3logos y columnistas definieron como el \u201cmonrealato\u201d.<\/p>\n<p>Con la p\u00e9rdida en las elecciones de su hija <strong>Catalina Monreal<\/strong>, seg\u00fan dicen los que saben, <strong>Ricardo Monreal<\/strong> est\u00e1 pagando las facturas de haber operado contra la 4T en la Ciudad de M\u00e9xico, en los comicios de 2021, para llevar a la alcald\u00eda a <strong>Sandra Cuevas<\/strong>.<\/p>\n<p>En Palacio Nacional, que se ubica en la alcald\u00eda Cuauht\u00e9moc, estar\u00e1 despachando la mujer que trabajar\u00e1 para no ser la copia del presidente AMLO. Ella y su equipo llevan el recuento de c\u00f3mo en el a\u00f1o 2018 Monreal se enfrent\u00f3 con <strong>Claudia Sheinbaum<\/strong>. Recordamos ese momento, cuando <strong>Ricardo<\/strong> dijo que ella no hab\u00eda ganado la encuesta, para ser la \u201ccorcholata\u201d de Morena a la jefatura de Gobierno.<\/p>\n<p><strong>Ricardo<\/strong> en esos tiempos fungi\u00f3 como alcalde de \u201cla joya de la corona\u201d, la Cuauht\u00e9moc. Para mitigar los \u00e1nimos, <strong>L\u00f3pez Obrador<\/strong> le ofreci\u00f3 ser el coordinador de los senadores de Morena.<\/p>\n<p>Han pasado los a\u00f1os, pero sigue la interrogante: \u00bfla pr\u00f3xima habitante de Palacio Nacional, la doctora <strong>Claudia Sheinbaum<\/strong>, ha olvidado o perdonado las acciones; o habremos de ver si de ella es la venganza?<\/p>\n<p>En la alcald\u00eda Cuauht\u00e9moc, recordemos que <strong>Ricardo Monreal<\/strong> negoci\u00f3 con la oposici\u00f3n para poner como candidata de PAN, PRI y PRD a <strong>Sandra Cuevas<\/strong>, quien pas\u00f3 por encima\u201d de la morenista <strong>Dolores Padierna.<\/strong><\/p>\n<p>Ahora que se sabe que <strong>Carlos Ahumada<\/strong> no regresar\u00e1 a M\u00e9xico, <strong>Ren\u00e9 Bejarano<\/strong> en su momento sali\u00f3 a decirle a <strong>Monreal<\/strong> que la pagar\u00eda m\u00e1s adelante, \u201cpor haber traicionado al movimiento\u201d.<\/p>\n<p><strong>Catalina<\/strong> ten\u00eda la delantera en las encuestas al iniciar en marzo el proceso electoral; pero el plebiscito que se hizo entre el electorado en la Cuauht\u00e9moc mostr\u00f3 en las urnas que en la demarcaci\u00f3n <strong>Ricardo Monreal<\/strong> ten\u00eda mala fama, lo que ocasion\u00f3 que le faltara \u201cgas\u201d para ganar y dejarle el triunfo a <strong>Alessandra Rojo de la Vega<\/strong>.<\/p>\n<p>Ahora el coraz\u00f3n de la Ciudad de M\u00e9xico ser\u00e1 gobernado por una mujer, misma que tendr\u00e1 que lidiar con otras dos mujeres muy poderosas que tambi\u00e9n despachar\u00e1n desde la alcald\u00eda Cuauht\u00e9moc, que son <strong>Claudia Sheinbaum Pardo<\/strong> en Palacio Nacional y <strong>Clara Brugada<\/strong>, que despachar\u00e1 desde el antiguo Palacio del Ayuntamiento\u2026 Y hasta aqu\u00ed con Los Pozos de Carlos Pozos. Y si desean que le haga su pregunta al Presidente de M\u00e9xico en la conferencia de prensa \u201cma\u00f1anera\u201d, por favor h\u00e1ganmela llegar al correo: <a href=\"mailto:lordmolecularedaccion@gmail.com\" target=\"_blank\" rel=\"noopener\"><em>lordmolecularedaccion@gmail.com<\/em><\/a>, v\u00eda <em>X<\/em> a: <a href=\"https:\/\/twitter.com\/lordmolecula?ref_src=twsrc%5Egoogle%7Ctwcamp%5Eserp%7Ctwgr%5Eauthor\" target=\"_blank\" rel=\"noopener\"><em>@lordmoleculaoficial<\/em><\/a>, o bien, visiten nuestro portal <em><a href=\"https:\/\/www.lordmoleculaoficial.com\/\" target=\"_blank\" rel=\"noopener\">https:\/\/www.lordmoleculaoficial.com<\/a><\/em>, as\u00ed como tambi\u00e9n pueden ver mi Canal <a href=\"https:\/\/www.youtube.com\/channel\/UC0WxwnD6D67eYwmmRWQnOEg\" target=\"_blank\" rel=\"noopener\"><em>Lord Mol\u00e9cula Oficial<\/em><\/a>.<\/p>\n","protected":false},"excerpt":{"rendered":"<p><span style=\"color: #005497;\"><strong>Carlos Pozos<\/strong><\/span><\/p>\n","protected":false},"author":3,"featured_media":0,"comment_status":"open","ping_status":"open","sticky":false,"template":"","format":"standard","meta":{"_monsterinsights_skip_tracking":false,"_monsterinsights_sitenote_active":false,"_monsterinsights_sitenote_note":"","_monsterinsights_sitenote_category":0,"footnotes":""},"categories":[97814],"tags":[97816,97815,43674],"class_list":["post-622276","post","type-post","status-publish","format-standard","hentry","category-carlos-pozos","tag-carlos-pozos","tag-los-pozos-de-carlos-pozos","tag-opinion"],"_links":{"self":[{"href":"https:\/\/www.diarioimagen.net\/index.php?rest_route=\/wp\/v2\/posts\/622276","targetHints":{"allow":["GET"]}}],"collection":[{"href":"https:\/\/www.diarioimagen.net\/index.php?rest_route=\/wp\/v2\/posts"}],"about":[{"href":"https:\/\/www.diarioimagen.net\/index.php?rest_route=\/wp\/v2\/types\/post"}],"author":[{"embeddable":true,"href":"https:\/\/www.diarioimagen.net\/index.php?rest_route=\/wp\/v2\/users\/3"}],"replies":[{"embeddable":true,"href":"https:\/\/www.diarioimagen.net\/index.php?rest_route=%2Fwp%2Fv2%2Fcomments&post=622276"}],"version-history":[{"count":0,"href":"https:\/\/www.diarioimagen.net\/index.php?rest_route=\/wp\/v2\/posts\/622276\/revisions"}],"wp:attachment":[{"href":"https:\/\/www.diarioimagen.net\/index.php?rest_route=%2Fwp%2Fv2%2Fmedia&parent=622276"}],"wp:term":[{"taxonomy":"category","embeddable":true,"href":"https:\/\/www.diarioimagen.net\/index.php?rest_route=%2Fwp%2Fv2%2Fcategories&post=622276"},{"taxonomy":"post_tag","embeddable":true,"href":"https:\/\/www.diarioimagen.net\/index.php?rest_route=%2Fwp%2Fv2%2Ftags&post=622276"}],"curies":[{"name":"wp","href":"https:\/\/api.w.org\/{rel}","templated":true}]}}