{"id":622304,"date":"2024-06-11T00:06:21","date_gmt":"2024-06-11T06:06:21","guid":{"rendered":"https:\/\/www.diarioimagen.net\/?p=622304"},"modified":"2024-06-11T00:12:43","modified_gmt":"2024-06-11T06:12:43","slug":"voluntad-democratica","status":"publish","type":"post","link":"https:\/\/www.diarioimagen.net\/?p=622304","title":{"rendered":"Voluntad democr\u00e1tica"},"content":{"rendered":"<h2>Aunque pese<\/h2>\n<h5>Salvador Mart\u00ednez Garc\u00eda<\/h5>\n<p>&nbsp;<\/p>\n<p>Un gran esc\u00e1ndalo medi\u00e1tico han logrado imponer a los sectores neoliberales, especialmente los due\u00f1os del capital, sobre las previsibles reformas constitucionales, hace meses anunciadas y promovidas por el Gobierno de la 4T.<\/p>\n<p>Olvidan que el resultado electoral del 2 de junio le dio a Morena un total de 24 millones 484 mil 943 sufragios, mientras que a sus aliados el Partido Verde le concedi\u00f3 5 millones 357 mil 959 y al Partido del Trabajo 3 millones 214 mil 708 votos, lo que les da derecho a obtener la mayor\u00eda de curules y esca\u00f1os en el Congreso mexicano.<\/p>\n<p>Los dem\u00f3cratas de la derecha se oponen a la voluntad popular expresada con contundencia por la ciudadan\u00eda en las urnas, lo que significa que los mexicanos no s\u00f3lo quisieron llevar a la Presidencia a Claudia Sheinbaum, sino tambi\u00e9n abrirle el camino para una accesible construcci\u00f3n del llamado segundo piso de la Cuarta Transformaci\u00f3n.<\/p>\n<p>Los dem\u00f3cratas neoliberales ahora quieren hacer creer que las reformas que se impulsen, especialmente la del Poder Judicial Federal, son producto de una sobrerrepresentaci\u00f3n, cuando no ser\u00e1n otra cosa que la voluntad popular manifestada por una aplastante mayor\u00eda.<\/p>\n<p>Esto es lo realmente democr\u00e1tico, cuando las mayor\u00edas se expresan electoralmente y definen el rumbo del pa\u00eds, como ha sido muy claro en estos comicios en los que se gan\u00f3 la Presidencia de la Rep\u00fablica, las mayor\u00edas en las c\u00e1maras de Diputados y Senadores, siete de los nueve gobiernos de las entidades en disputa, la gran mayor\u00eda de los Congresos estatales y de las presidencias municipales y alcald\u00edas definidas el 2 de junio pasado.<\/p>\n<p>La verdadera democracia es el respeto al voto y a la voluntad popular expresada en las urnas, lo dem\u00e1s debe seguir su curso natural sin presiones como las que ahora ejerce el gran capital en la Bolsa Mexicana de Valores y con la paridad peso-d\u00f3lar. Veremos hasta d\u00f3nde quieren llegar.<\/p>\n<p style=\"text-align: center;\"><strong>Susurros<\/strong><\/p>\n<p>La comuni\u00f3n pol\u00edtica e ideol\u00f3gica entre el presidente Andr\u00e9s Manuel L\u00f3pez Obrador y la presidenta triunfante, Claudia Sheinbaum Pardo, ser\u00e1 muy dif\u00edcil de romper a pesar de todos los esfuerzos de sus adversarios, que quisieran ver una confrontaci\u00f3n entre ambos personajes.<\/p>\n<p>El encuentro que ayer tuvieron en Palacio Nacional, AMLO y Sheinbaum, culminado con una conferencia de prensa, en la que s\u00f3lo estuvo ante los medios la pr\u00f3xima Jefa del Ejecutivo Nacional, es prueba de ello.<\/p>\n<p>No hay sumisi\u00f3n ni subordinamiento, sino coincidencia en un mismo proyecto que a\u00fan no termina por concluir. Falta mucho por hacer, pero sin despegarse del mismo rumbo. Podr\u00e1n haber acentos, pero no deben existir desviaciones.<\/p>\n<p><a href=\"mailto:salvadormartinez@visionmx.com\" target=\"_blank\" rel=\"noopener\"><em>salvadormartinez@visionmx.com<\/em><\/a><br \/>\n<strong><em>X:<\/em><\/strong><a href=\"https:\/\/twitter.com\/salvador_mtz?lang=es\" target=\"_blank\" rel=\"noopener\"><em> @salvador_mtz<\/em><\/a><\/p>\n","protected":false},"excerpt":{"rendered":"<p><span style=\"color: #005497;\"><strong>Salvador Mart\u00ednez Garc\u00eda<\/strong><\/span><\/p>\n","protected":false},"author":3,"featured_media":0,"comment_status":"open","ping_status":"open","sticky":false,"template":"","format":"standard","meta":{"_monsterinsights_skip_tracking":false,"_monsterinsights_sitenote_active":false,"_monsterinsights_sitenote_note":"","_monsterinsights_sitenote_category":0,"footnotes":""},"categories":[96743],"tags":[96744,43674,96745],"class_list":["post-622304","post","type-post","status-publish","format-standard","hentry","category-salvador-martinez-garcia","tag-aunque-pese","tag-opinion","tag-salvador-martinez-garcia"],"_links":{"self":[{"href":"https:\/\/www.diarioimagen.net\/index.php?rest_route=\/wp\/v2\/posts\/622304","targetHints":{"allow":["GET"]}}],"collection":[{"href":"https:\/\/www.diarioimagen.net\/index.php?rest_route=\/wp\/v2\/posts"}],"about":[{"href":"https:\/\/www.diarioimagen.net\/index.php?rest_route=\/wp\/v2\/types\/post"}],"author":[{"embeddable":true,"href":"https:\/\/www.diarioimagen.net\/index.php?rest_route=\/wp\/v2\/users\/3"}],"replies":[{"embeddable":true,"href":"https:\/\/www.diarioimagen.net\/index.php?rest_route=%2Fwp%2Fv2%2Fcomments&post=622304"}],"version-history":[{"count":0,"href":"https:\/\/www.diarioimagen.net\/index.php?rest_route=\/wp\/v2\/posts\/622304\/revisions"}],"wp:attachment":[{"href":"https:\/\/www.diarioimagen.net\/index.php?rest_route=%2Fwp%2Fv2%2Fmedia&parent=622304"}],"wp:term":[{"taxonomy":"category","embeddable":true,"href":"https:\/\/www.diarioimagen.net\/index.php?rest_route=%2Fwp%2Fv2%2Fcategories&post=622304"},{"taxonomy":"post_tag","embeddable":true,"href":"https:\/\/www.diarioimagen.net\/index.php?rest_route=%2Fwp%2Fv2%2Ftags&post=622304"}],"curies":[{"name":"wp","href":"https:\/\/api.w.org\/{rel}","templated":true}]}}