{"id":622306,"date":"2024-06-11T00:09:56","date_gmt":"2024-06-11T06:09:56","guid":{"rendered":"https:\/\/www.diarioimagen.net\/?p=622306"},"modified":"2024-06-12T23:49:21","modified_gmt":"2024-06-13T05:49:21","slug":"psicopatas-y-poder","status":"publish","type":"post","link":"https:\/\/www.diarioimagen.net\/?p=622306","title":{"rendered":"Psic\u00f3patas y poder"},"content":{"rendered":"<h2>Poder y dinero<\/h2>\n<h5>V\u00edctor S\u00e1nchez Ba\u00f1os<\/h5>\n<p>&nbsp;<\/p>\n<ul>\n<li><strong><em>Narcisistas y adictos al dominio<\/em><\/strong><\/li>\n<li><strong><em>Destruyen sociedades y pa\u00edses<\/em><\/strong><\/li>\n<li><strong><em>Ejemplos de M\u00e9xico y el Mundo<\/em><\/strong><\/li>\n<li><strong><em>Mier y Noro\u00f1a, p\u00e9simas se\u00f1ales<\/em><\/strong><\/li>\n<li><strong><em>Da\u00f1an econom\u00eda para el a\u00f1o 2025<\/em><\/strong><\/li>\n<li><strong><em>Viene lluvia de impugnaciones<\/em><\/strong><\/li>\n<\/ul>\n<p>&nbsp;<\/p>\n<p style=\"text-align: right;\"><em>La diferencia entre una democracia y una dictadura consiste en<br \/>\nque en la democracia puedes votar antes de obedecer las \u00f3rdenes<\/em><br \/>\n<strong>Charles Bukowski<\/strong> (1920-1994) Escritor estadounidense<\/p>\n<p>&nbsp;<\/p>\n<p>La dopamina que genera el poder convierte a los hombres en esclavos de sus propias ambiciones. Aquellos, que al mover un s\u00f3lo dedo provocan que se generen inmensas olas de incertidumbre o pasi\u00f3n en las masas, quieren mantener su poder toda la vida. Es una adicci\u00f3n.<\/p>\n<p>No soy especialista en psicolog\u00eda o psiquiatr\u00eda, pero soy un observador insistente de los movimientos sociales, sus l\u00edderes, sus dictadores y de sus individuos. Ese fen\u00f3meno no s\u00f3lo se da en la pol\u00edtica nacional o internacional, sino en todos los \u00e1mbitos en donde hay un l\u00edder y quien se adjudica la toma de decisiones para afectar el resto del clan.<\/p>\n<p>En pl\u00e1ticas con especialistas del comportamiento humano, me explican que el psic\u00f3pata, envuelto en el egocentrismo y narcisismo, se siente superior al resto de las personas. Piensa que todo lo que le ocurre es m\u00e1s importante y es incapaz de asumir el punto de vista de otra persona.<\/p>\n<p>En los liderazgos de los pa\u00edses, se generan personajes que se convierten en psic\u00f3patas sociales al llegar a puestos de liderazgo y en especial, si son impulsados por la votaci\u00f3n de una mayor\u00eda.<\/p>\n<p>No importa su ideolog\u00eda, si es que tienen. S\u00f3lo importa el poder y, en muchos casos, el dinero no es el motor para lograr sus objetivos para obtener m\u00e1s poder. Sin embargo, usan todos los medios, incluidos el dinero, para fortalecerse.<\/p>\n<p>No existe mayor placer para ese tipo de personajes que mantener su presencia en el poder, hasta el \u00faltimo d\u00eda de sus vidas. Quieren dominar y controlar hasta el \u00faltimo detalle y en especial a las personas con las que se relaciona o que dependen de \u00e9l.<\/p>\n<p>Los psic\u00f3logos mencionan que la manipulaci\u00f3n es habitual en esos l\u00edderes, adem\u00e1s de carecer de sinceridad, emociones, como el miedo y, por si fuera poco, son fr\u00edos e impulsivos, sin autocontrol.<\/p>\n<p>Lo que representa un peligro para el entorno social, es que no suele sentir culpa, ni remordimientos. Su objetivo personal, es el que impera sobre todas las cosas.<\/p>\n<p>Es un trastorno que no est\u00e1 profundamente investigado en las universidades, ni en las cl\u00ednicas.<\/p>\n<p>Estimado lector, si llegaste a este punto de la lectura te preguntar\u00e1s, \u00bfpara qu\u00e9 te platico todo este rollo?<\/p>\n<p>A lo largo de mi oficio como periodista, me he topado con pol\u00edticos con ese perfil. No s\u00f3lo en M\u00e9xico, sino en muchas partes del mundo. Se convierten en dirigentes de naciones y provocan enormes da\u00f1os a los lazos sociales.<\/p>\n<p>Por ello, es importante identificarlos y ponerlos en observaci\u00f3n. Ustedes tienen muy claro, qu\u00e9 personajes est\u00e1n en ese perfil, luego de revisar la historia de sus pa\u00edses o sociedades. El psic\u00f3pata deja a su paso destrucci\u00f3n y podredumbre.<\/p>\n<p style=\"text-align: center;\"><strong>PODEROSOS CABALLEROS<\/strong><\/p>\n<p><strong>MIER Y NORO\u00d1A:<\/strong> Los pol\u00edticos no entienden que hay momentos en que debe dejar a un lado el tratar de ser \u201csimp\u00e1ticos\u201d a sus jefes. El pa\u00eds est\u00e1 en medio. Dos personajes dejaron huella en los inversionistas de capitales y mercado de dinero. El l\u00edder de San L\u00e1zaro, Ignacio Mier, y el representante de Morena en el INE, Gerardo Fern\u00e1ndez Noro\u00f1a. Ambos hicieron eco al llamado del presidente L\u00f3pez Obrador, sobre su \u201cplan C\u201d, que es modificar la Corte y las leyes electorales. Ambos para beneficiar la impunidad de la clase pol\u00edtica y para perpetuarse en el poder. Esto, mantiene nerviosos esos mercados. La Bolsa se maneja por especulaci\u00f3n y el d\u00f3lar, que lleg\u00f3 a acercarse a los 19 pesos, casi un 10% de p\u00e9rdidas en dos semanas, responden a la inquietud de cambios constitucionales para limitar la propiedad privada y, en especial, el manejo del Banco de M\u00e9xico y las inversiones extranjeras en el pa\u00eds. Pero, eso no lo entiende la clase pol\u00edtica morenista. S\u00f3lo responde a sus instintos.<\/p>\n<p><strong>IMPUGNACIONES:<\/strong> Ayer inici\u00f3 el plazo para las impugnaciones a los resultados electorales del 2 de junio. La oposici\u00f3n impugnar\u00e1 la elecci\u00f3n presidencial, para demostrar que fue una \u201celecci\u00f3n de Estado\u201d. Por el momento sabemos que Morena cuestionar\u00e1 Jalisco, donde gan\u00f3 Pablo Lemus, sin discusi\u00f3n. El PAN va contra Joaqu\u00edn D\u00edaz, \u201cHuacho\u201d, en Yucat\u00e1n; Ciudad de M\u00e9xico, para apoyar a Santiago Taboada contra Clara Brugada. El PRI, con Alejandro Moreno, \u201cAlito\u201d, contra Morelos para apoyar a Lucy Meza contra Margarita Gonz\u00e1lez de Morena, as\u00ed como en Veracruz, contra Roc\u00edo Nahle, del oficialismo, y apoyar al tricolor, Pepe Yunes. La soluci\u00f3n de cuando menos medio centenar de comicios cuestionados deber\u00e1n terminar antes de la toma de posesi\u00f3n de los aspirantes a gobernador y de los legisladores.<\/p>\n<p><em><a href=\"mailto:vsb@poderydinero.mx\" target=\"_blank\" rel=\"noopener noreferrer\">vsb@poderydinero.mx<\/a><br \/>\n<a href=\"https:\/\/twitter.com\/vsanchezbanos?lang=es\" target=\"_blank\" rel=\"noopener\">@vsanchezbanos<\/a><\/em><\/p>\n","protected":false},"excerpt":{"rendered":"<p><span style=\"color: #005497;\"><strong>V\u00edctor S\u00e1nchez Ba\u00f1os<\/strong><\/span><\/p>\n","protected":false},"author":3,"featured_media":0,"comment_status":"open","ping_status":"open","sticky":false,"template":"","format":"standard","meta":{"_monsterinsights_skip_tracking":false,"_monsterinsights_sitenote_active":false,"_monsterinsights_sitenote_note":"","_monsterinsights_sitenote_category":0,"footnotes":""},"categories":[38844],"tags":[43674,38847,38848],"class_list":["post-622306","post","type-post","status-publish","format-standard","hentry","category-victor-sanchez-banos","tag-opinion","tag-poder-y-dinero","tag-victor-sanchez-banos"],"_links":{"self":[{"href":"https:\/\/www.diarioimagen.net\/index.php?rest_route=\/wp\/v2\/posts\/622306","targetHints":{"allow":["GET"]}}],"collection":[{"href":"https:\/\/www.diarioimagen.net\/index.php?rest_route=\/wp\/v2\/posts"}],"about":[{"href":"https:\/\/www.diarioimagen.net\/index.php?rest_route=\/wp\/v2\/types\/post"}],"author":[{"embeddable":true,"href":"https:\/\/www.diarioimagen.net\/index.php?rest_route=\/wp\/v2\/users\/3"}],"replies":[{"embeddable":true,"href":"https:\/\/www.diarioimagen.net\/index.php?rest_route=%2Fwp%2Fv2%2Fcomments&post=622306"}],"version-history":[{"count":0,"href":"https:\/\/www.diarioimagen.net\/index.php?rest_route=\/wp\/v2\/posts\/622306\/revisions"}],"wp:attachment":[{"href":"https:\/\/www.diarioimagen.net\/index.php?rest_route=%2Fwp%2Fv2%2Fmedia&parent=622306"}],"wp:term":[{"taxonomy":"category","embeddable":true,"href":"https:\/\/www.diarioimagen.net\/index.php?rest_route=%2Fwp%2Fv2%2Fcategories&post=622306"},{"taxonomy":"post_tag","embeddable":true,"href":"https:\/\/www.diarioimagen.net\/index.php?rest_route=%2Fwp%2Fv2%2Ftags&post=622306"}],"curies":[{"name":"wp","href":"https:\/\/api.w.org\/{rel}","templated":true}]}}