{"id":622439,"date":"2024-06-12T00:03:00","date_gmt":"2024-06-12T06:03:00","guid":{"rendered":"https:\/\/www.diarioimagen.net\/?p=622439"},"modified":"2024-06-12T00:41:26","modified_gmt":"2024-06-12T06:41:26","slug":"prd-de-5-de-mayo-de-1989-a-11-de-junio-de-2024","status":"publish","type":"post","link":"https:\/\/www.diarioimagen.net\/?p=622439","title":{"rendered":"PRD, de 5 de mayo de 1989 a 11\u00a0de\u00a0junio de 2024"},"content":{"rendered":"<h2>Espacio Electoral<\/h2>\n<h5>Eleazar Flores<\/h5>\n<p>&nbsp;<\/p>\n<p><strong>AMLO, PRESIDENTE Y ENTERRADOR-.<\/strong> De confirmarse la extinci\u00f3n del Partido de la Revoluci\u00f3n Democr\u00e1tica (PRD) habr\u00e1 tenido una existencia de 35 a\u00f1os, un mes y cinco d\u00edas como tal, pero sus antecedentes datan de tiempo atr\u00e1s, con dirigentes variopintos, destacando algunos pensantes.<\/p>\n<p>En sus primeros quince o veinte a\u00f1os de vida, lleg\u00f3 a constituirse en la tercera fuerza pol\u00edtica del pa\u00eds, superado por el Revolucionario Institucional y Acci\u00f3n Nacional, incluso con presencia extranjera al ser miembro de la Internacional Socialista.<\/p>\n<p>Por cierto, tanto PRI como PAN tampoco pasan sus mejores momentos, por los bajos porcentajes de votaci\u00f3n del dos de junio; pero esto ser\u00e1 tema de otra entrega, por ahora vale recordar al PRD, cuyos antecedentes son la CORRIENTE DEMOCR\u00c1TICA NACIONAL, aun dentro del PRI; menospreciada por dirigentes tricolores de entonces, constituyendo as\u00ed el FRENTE DMOCR\u00c1TICO NACIONAL.<\/p>\n<p>Con este nombre se lanza la candidatura del ex priista Cuauht\u00e9moc C\u00e1rdenas Sol\u00f3rzano para buscar la Presidencia de la Rep\u00fablica -sexenio 1988-1994-, llevando de \u201ccompa\u00f1eros\u201d al empresario sinaloense Manuel J. Clouthier, por el PAN, y Carlos Salinas de Gortari, por el PRI, fungiendo como \u201c\u00e1rbitro\u201d Manuel Bartlett D\u00edaz, en su calidad de Secretario de Gobernaci\u00f3n.<\/p>\n<p>Para el \u201cCONTEO\u201d se dispuso de una semana y el 13 DE JULIO, tras haber anunciado que se le hab\u00eda CA\u00cdDO el sistema -la primera, pues como titular de la CFE se le ha apagado el switch otras tantas-, Bartlett anunci\u00f3 el triunfo de Salinas de Gortari ante la incredulidad e inconformidad de los perdedores, C\u00e1rdenas y Clouthier, iniciando la moda, por primera vez, de acudir al \u00c1NGEL DE LA INDEPENDENCIA a inconformarse por el resultado, acompa\u00f1ados de sus simpatizantes. Pero el tema es que el PRD y su extinci\u00f3n, por falta de votos del 2 de junio, va:<\/p>\n<p>Nace el 5 DE MAYO DE 1989 teniendo como presidente al ingeniero Cuauht\u00e9moc C\u00e1rdenas Sol\u00f3rzano y siguieron ex priistas destacados como Porfirio Mu\u00f1oz Ledo y mucho despu\u00e9s Andr\u00e9s Manuel L\u00f3pez Obrador, que cabe aclarar que no fue fundador.<\/p>\n<p>De 1989 al primer lustro del a\u00f1o 2000, el PRD, como partido de moda, gan\u00f3 m\u00e1s de una decena de gubernaturas, empezando por la jefatura de Gobierno del entonces DISTRITO FEDERAL, que por primera vez eligi\u00f3, siendo el escogido C\u00e1rdenas Sol\u00f3rzano, quien \u201chumill\u00f3\u201d a quienes buscaban el mismo\u00a0 cargo, el priista mexiquense Alfredo Del Mazo Gonz\u00e1lez y el panista yucateco Carlos Enrique Castillo Peraza.<\/p>\n<p>Tuvo dos candidatos presidenciales, dos veces C\u00e1rdenas Sol\u00f3rzano y tres L\u00f3pez Obrador, ocup\u00f3 diez gubernaturas, empezando por Zacatecas de Monreal, Michoac\u00e1n con C\u00e1rdenas Batel y Baja California con Leonel Cota, ex de Segalmex, hoy en las filas de la Presidenta Electa. El tema da para m\u00e1s, pero el aut\u00e9ntico izquierdista Zambrano tiene el papel m\u00e1s ingrato, recortar colaboradores.<\/p>\n<p><em><a href=\"mailto:elefa44@gmail.com\" target=\"_blank\" rel=\"noopener noreferrer\">elefa44@gmail.com<\/a><\/em><\/p>\n","protected":false},"excerpt":{"rendered":"<p><span style=\"color: #005497;\"><strong>Eleazar Flores<\/strong><\/span><\/p>\n","protected":false},"author":3,"featured_media":0,"comment_status":"open","ping_status":"open","sticky":false,"template":"","format":"standard","meta":{"_monsterinsights_skip_tracking":false,"_monsterinsights_sitenote_active":false,"_monsterinsights_sitenote_note":"","_monsterinsights_sitenote_category":0,"footnotes":""},"categories":[81743],"tags":[81744,81776,43674],"class_list":["post-622439","post","type-post","status-publish","format-standard","hentry","category-eleazar-flores","tag-eleazar-flores","tag-espacio-electoral","tag-opinion"],"_links":{"self":[{"href":"https:\/\/www.diarioimagen.net\/index.php?rest_route=\/wp\/v2\/posts\/622439","targetHints":{"allow":["GET"]}}],"collection":[{"href":"https:\/\/www.diarioimagen.net\/index.php?rest_route=\/wp\/v2\/posts"}],"about":[{"href":"https:\/\/www.diarioimagen.net\/index.php?rest_route=\/wp\/v2\/types\/post"}],"author":[{"embeddable":true,"href":"https:\/\/www.diarioimagen.net\/index.php?rest_route=\/wp\/v2\/users\/3"}],"replies":[{"embeddable":true,"href":"https:\/\/www.diarioimagen.net\/index.php?rest_route=%2Fwp%2Fv2%2Fcomments&post=622439"}],"version-history":[{"count":0,"href":"https:\/\/www.diarioimagen.net\/index.php?rest_route=\/wp\/v2\/posts\/622439\/revisions"}],"wp:attachment":[{"href":"https:\/\/www.diarioimagen.net\/index.php?rest_route=%2Fwp%2Fv2%2Fmedia&parent=622439"}],"wp:term":[{"taxonomy":"category","embeddable":true,"href":"https:\/\/www.diarioimagen.net\/index.php?rest_route=%2Fwp%2Fv2%2Fcategories&post=622439"},{"taxonomy":"post_tag","embeddable":true,"href":"https:\/\/www.diarioimagen.net\/index.php?rest_route=%2Fwp%2Fv2%2Ftags&post=622439"}],"curies":[{"name":"wp","href":"https:\/\/api.w.org\/{rel}","templated":true}]}}